{"id":62016,"date":"2024-09-27T07:36:47","date_gmt":"2024-09-27T13:36:47","guid":{"rendered":"https:\/\/diarioavanzada.com.mx\/?p=62016"},"modified":"2024-09-27T07:46:20","modified_gmt":"2024-09-27T13:46:20","slug":"el-acoso-a-los-comunicadores-continua","status":"publish","type":"post","link":"https:\/\/diarioavanzada.com.mx\/?p=62016","title":{"rendered":"El&nbsp;acoso a los comunicadores contin\u00faa"},"content":{"rendered":"\n<p class=\"wp-block-paragraph\">Columna<\/p>\n\n\n\n<p class=\"wp-block-paragraph\">El Puercoesp\u00edn&nbsp;<\/p>\n\n\n\n<p class=\"s5 wp-block-paragraph\">Indira no quiere m\u00e1s muertos en Colima, pero no est\u00e1 hablando de evitarlos en la&nbsp;realidad,&nbsp;sino que desaparezcan de los medios de comunicaci\u00f3n, el que muera gente en la realidad le importa muy poco. Por ello est\u00e1 acosando a los reporteros de la nota roja.<\/p>\n\n\n\n<p class=\"s5 wp-block-paragraph\"><a><\/a>La&nbsp;\u00faltima reportera en ser acosada fue \u00c1ngeles Avalos quien vivi\u00f3 en carne propia lo que significa reportar la verdad.<\/p>\n\n\n\n<p class=\"s5 wp-block-paragraph\">Manzanillo mi\u00e9rcoles 22 horas. Una mujer asesinada con disparo de arma de fuego y un hombre result\u00f3 herido. Los hechos ocurrieron en el barrio El&nbsp;T\u00fanel, colonia Centro.<\/p>\n\n\n\n<p class=\"s5 wp-block-paragraph\">Colima a las&nbsp;00:12 horas: un hombre fue asesinado con disparosde arma de fuego sobre la calle Constituci\u00f3n, cerca de Little&nbsp;Caesars.<\/p>\n\n\n\n<p class=\"s5 wp-block-paragraph\">Comala 10 horas: un hombre es asesinado con disparos de arma de fuego en una tienda de abarrotes en la comunidad de La Caja.<\/p>\n\n\n\n<p class=\"s5 wp-block-paragraph\">Manzanillo, 8:00 horas: encuentran un cad\u00e1ver desmembrado con un mensaje amenazante en la comunidad de La Flore\u00f1a.<\/p>\n\n\n\n<p class=\"s5 wp-block-paragraph\">As\u00ed se suceden los casos&nbsp;de homicidios dolosos&nbsp;en el estado de Colima. Los muertos hacen fila en las aceras de los barrios, colonias y&nbsp;comunidades, pero el gobierno del estado los quiere desaparecer de los&nbsp;peri\u00f3dicos, portales y redes sociales.<\/p>\n\n\n\n<p class=\"s5 wp-block-paragraph\">Son datos duros reportados por periodistas que se niegan a guardar un silencio sepulcral porque los muertos, los desaparecidos merecen justicia. La seguridad&nbsp;no es&nbsp;un juego ni pol\u00edticas de complacencia de los pol\u00edticos para conservar sus falsos bonos pol\u00edticos&nbsp;\u201clogrados\u201d.<\/p>\n\n\n\n<p class=\"s5 wp-block-paragraph\">La estad\u00edstica tambi\u00e9n es contundente.&nbsp;<\/p>\n\n\n\n<p class=\"s5 wp-block-paragraph\">Colima es la entidad con la mayor tasa de homicidio doloso de todo el pa\u00eds con 32.56 cr\u00edmenes por cada 100 mil habitantes, una cifra 4.7 veces mayor a la media nacional, que es de 6.85. De enero a agosto de 2024 se han registrado 510 asesinatos.&nbsp;Lo anterior de acuerdo con los datos del Secretariado Ejecutivo del Sistema Nacional de Seguridad P\u00fablica.&nbsp;<\/p>\n\n\n\n<p class=\"s5 wp-block-paragraph\">En el a\u00f1o 2021 registr\u00f3 81.6 homicidios dolosos por cada 100 mil habitantes y entonces ocup\u00f3 el tercer lugar por debajo de los estados de Zacatecas y Baja California; en el 2022 ya registr\u00f3 107 homicidios dolosos superando a sus&nbsp;cercanos&nbsp;competidores como lo son Zacatecas, Baja California, Morelos y Sonora; en el a\u00f1o de 2023 se consolid\u00f3 en el primer lugar con 1108.56 homicidios dolosos. Un triste y dolorosos r\u00e9cord que cuyas fr\u00edas cifras describen el dolor de cientos de familias y de un p\u00e9simo gobierno estatal en el \u00e1rea de seguridad&nbsp;p\u00fablica.&nbsp;<\/p>\n\n\n\n<p class=\"s5 wp-block-paragraph\">Ahora,&nbsp;Indira y su equipo ya encontraron&nbsp;la soluci\u00f3n:desaparecer en los medios a los muertos. Si no salen en los medios, si&nbsp;nadie los ve en los medios, entonces no existen. Su tarea, la del gobierno,&nbsp;es silenciar a los reporteros de la nota roja.&nbsp;Brillante soluci\u00f3n dir\u00e1n&nbsp;sus asesores, aplaudidores y partidarios.&nbsp;<\/p>\n\n\n\n<p class=\"s5 wp-block-paragraph\">La \u00faltima reportera en ser acosada fue \u00c1ngeles Avalos quien vivi\u00f3 en carne propia lo que significa reportar la verdad&nbsp;y c\u00f3mo se aplica la pol\u00edtica en seguridad p\u00fablica,&nbsp;seg\u00fan Indira y sus asesores.&nbsp;<\/p>\n\n\n\n<p class=\"s5 wp-block-paragraph\">A callar es su consigna.<\/p>\n\n\n\n<p class=\"s5 wp-block-paragraph\">Pero la muerte sigue paseando por nuestro estado dejando dolor en cientos de familias que a un gobierno indolente e insensible no le importan nada, tan no le importan que ni siquiera quiere que se sepa su muerte, o sea, que hasta a los muertos los quiere callar para incumplir con otra de sus obligaciones: hacer justicia.<\/p>\n\n\n\n<p class=\"s5 wp-block-paragraph\">\u00c1ngeles Avalos pag\u00f3 el precio por darles voz a los muertos, pues fue v\u00edctima de la brutalidad policiaca,&nbsp;por buscar que se sepa de las muertes para que los familiares,&nbsp;cuando menos,tengan justicia que alivie en algo su penar.<\/p>\n\n\n\n<p class=\"s5 wp-block-paragraph\">Los males, dicen, que no duran m\u00e1s de 100 a\u00f1os, pero este gobierno,&nbsp;afortunadamente,&nbsp;ya va de salida, solo le quedan menos de 3&nbsp;a\u00f1os.<\/p>\n\n\n\n<p class=\"s5 wp-block-paragraph\">Acosar a los periodistas&nbsp;por&nbsp;no oculta la verdad implacable de los estragos de la muerte en Colima.<\/p>\n\n\n\n<p class=\"s5 wp-block-paragraph\">&nbsp;<\/p>\n<div class=\"fb-background-color\">\n\t\t\t  <div \n\t\t\t  \tclass = \"fb-comments\" \n\t\t\t  \tdata-href = \"https:\/\/diarioavanzada.com.mx\/?p=62016\"\n\t\t\t  \tdata-numposts = \"10\"\n\t\t\t  \tdata-lazy = \"true\"\n\t\t\t\tdata-colorscheme = \"light\"\n\t\t\t\tdata-order-by = \"social\"\n\t\t\t\tdata-mobile=true>\n\t\t\t  <\/div><\/div>\n\t\t  <style>\n\t\t    .fb-background-color {\n\t\t\t\tbackground:  !important;\n\t\t\t}\n\t\t\t.fb_iframe_widget_fluid_desktop iframe {\n\t\t\t    width: 100% !important;\n\t\t\t}\n\t\t  <\/style>\n\t\t  ","protected":false},"excerpt":{"rendered":"<p>Columna El Puercoesp\u00edn&nbsp; Indira no quiere m\u00e1s muertos en Colima, pero no est\u00e1 hablando de evitarlos en la&nbsp;realidad,&nbsp;sino que desaparezcan de los medios de comunicaci\u00f3n, el que muera gente en la realidad le importa muy poco. Por ello est\u00e1 acosando a los reporteros de la nota roja. La&nbsp;\u00faltima reportera en ser acosada fue \u00c1ngeles Avalos [&hellip;]<\/p>\n","protected":false},"author":9,"featured_media":62015,"comment_status":"closed","ping_status":"closed","sticky":false,"template":"","format":"standard","meta":{"_coblocks_attr":"","_coblocks_dimensions":"","_coblocks_responsive_height":"","_coblocks_accordion_ie_support":"","advanced_seo_description":"","jetpack_seo_html_title":"","jetpack_seo_noindex":false,"jetpack_seo_schema_type":"","_jetpack_newsletter_access":"","_jetpack_dont_email_post_to_subs":false,"_jetpack_newsletter_tier_id":0,"_jetpack_memberships_contains_paywalled_content":false,"_wpcom_ai_launchpad_first_post":false,"_jetpack_feature_clip_id":0,"_jetpack_memberships_contains_paid_content":false,"footnotes":"","jetpack_post_was_ever_published":false},"categories":[19,209,24],"tags":[],"class_list":["post-62016","post","type-post","status-publish","format-standard","has-post-thumbnail","hentry","category-colima","category-importantes","category-opinion"],"jetpack-related-posts":[],"jetpack_sharing_enabled":true,"amp_enabled":true,"jetpack_featured_media_url":"https:\/\/diarioavanzada.com.mx\/wp-content\/uploads\/2024\/09\/img_4940-1.jpg","_links":{"self":[{"href":"https:\/\/diarioavanzada.com.mx\/index.php?rest_route=\/wp\/v2\/posts\/62016","targetHints":{"allow":["GET"]}}],"collection":[{"href":"https:\/\/diarioavanzada.com.mx\/index.php?rest_route=\/wp\/v2\/posts"}],"about":[{"href":"https:\/\/diarioavanzada.com.mx\/index.php?rest_route=\/wp\/v2\/types\/post"}],"author":[{"embeddable":true,"href":"https:\/\/diarioavanzada.com.mx\/index.php?rest_route=\/wp\/v2\/users\/9"}],"replies":[{"embeddable":true,"href":"https:\/\/diarioavanzada.com.mx\/index.php?rest_route=%2Fwp%2Fv2%2Fcomments&post=62016"}],"version-history":[{"count":1,"href":"https:\/\/diarioavanzada.com.mx\/index.php?rest_route=\/wp\/v2\/posts\/62016\/revisions"}],"predecessor-version":[{"id":62017,"href":"https:\/\/diarioavanzada.com.mx\/index.php?rest_route=\/wp\/v2\/posts\/62016\/revisions\/62017"}],"wp:featuredmedia":[{"embeddable":true,"href":"https:\/\/diarioavanzada.com.mx\/index.php?rest_route=\/wp\/v2\/media\/62015"}],"wp:attachment":[{"href":"https:\/\/diarioavanzada.com.mx\/index.php?rest_route=%2Fwp%2Fv2%2Fmedia&parent=62016"}],"wp:term":[{"taxonomy":"category","embeddable":true,"href":"https:\/\/diarioavanzada.com.mx\/index.php?rest_route=%2Fwp%2Fv2%2Fcategories&post=62016"},{"taxonomy":"post_tag","embeddable":true,"href":"https:\/\/diarioavanzada.com.mx\/index.php?rest_route=%2Fwp%2Fv2%2Ftags&post=62016"}],"curies":[{"name":"wp","href":"https:\/\/api.w.org\/{rel}","templated":true}]}}