{"id":61892,"date":"2024-09-25T06:58:20","date_gmt":"2024-09-25T12:58:20","guid":{"rendered":"https:\/\/diarioavanzada.com.mx\/?p=61892"},"modified":"2024-09-25T07:06:06","modified_gmt":"2024-09-25T13:06:06","slug":"los-jubilados-le-responden-al-avaro-de-carlos-slim","status":"publish","type":"post","link":"https:\/\/diarioavanzada.com.mx\/?p=61892","title":{"rendered":"Los jubilados le responden al avaro de Carlos Slim"},"content":{"rendered":"\n<p class=\"wp-block-paragraph\">Columna<\/p>\n\n\n\n<p class=\"wp-block-paragraph\">El Puercoesp\u00edn&nbsp;<\/p>\n\n\n\n<p class=\"s4 wp-block-paragraph\">Carlos Slim es&nbsp;un avaro&nbsp;que aprovechando la coyuntura del relevo del gobierno&nbsp;federal&nbsp;est\u00e1 tratando de influir en la pol\u00edtica econ\u00f3mica de Claudia Sheinbaum para&nbsp;beneficiarsey hacerse en forma preferencial de m\u00e1s bienes sin importarle las condiciones de salud y&nbsp;la calidad&nbsp;de vida&nbsp;b\u00e1sica&nbsp;de las familias&nbsp;de los trabajadores&nbsp;<\/p>\n\n\n\n<p class=\"s4 wp-block-paragraph\">La avaricia es la inclinaci\u00f3n o el deseo desordenado de poseer placer material o posesiones. El avaro solo pretende sumar m\u00e1s y m\u00e1s riqueza y no conoce ning\u00fan l\u00edmite legal o \u00e9tico para cumplir con su objetivo.&nbsp;<\/p>\n\n\n\n<p class=\"s4 wp-block-paragraph\">La Asociaci\u00f3n de Jubilados y Adultos Mayores, A.C. le responde, en Colima a Carlos Slim:&nbsp;\u201cA nombre de un millar de agremiados condenamos las irresponsables palabras delmagnate financiero&nbsp;Carlos Slim, quien manifest\u00f3 en forma dolosa e insultante que el&nbsp;Gobierno de la Rep\u00fablica otorga de manera irracional demasiado dinero a los jubilados y pensionados del IMSS y el&nbsp;Issste.&nbsp;<\/p>\n\n\n\n<p class=\"s4 wp-block-paragraph\">Y agregan, ante esta enga\u00f1osa e injuriosa afirmaci\u00f3n del hombre m\u00e1s rico de M\u00e9xico cuya fortuna se ha venido incrementando gracias a los contratos de obras y concesiones que le vienen otorgando desde la administraci\u00f3n de Salinas de Gortari quien le entreg\u00f3 la compa\u00f1\u00eda de Tel\u00e9fonos de M\u00e9xico, por una bagatela, hasta los jugosos contratos de obra que el gobierno de L\u00f3pez Obrador&nbsp;le&nbsp;ha dado a manos llenas.<\/p>\n\n\n\n<p class=\"s4 wp-block-paragraph\">Le manifestamos a este personaje, que quiere seguir acumulando m\u00e1s riqueza, a cambio de la pobreza de millones de mexicanos, que las pensiones que nos pagan las instituciones del IMSS e&nbsp;Issste, no es una regal\u00eda que nos da el gobierno, sino que son las aportaciones en salarios m\u00ednimos&nbsp;que,&nbsp;durante 30, 40 o m\u00e1s a\u00f1os, enteramos a dichas instituciones, como el fondo com\u00fan para el pago de nuestras jubilaciones.<\/p>\n\n\n\n<p class=\"s4 wp-block-paragraph\">La aclaramos al Sr. Slim, que desde el a\u00f1o de 2017 nuestras pensiones y jubilaciones en ambas dependencias, se nos vienen pagando de manera ilegal con base en las controvertidas&nbsp;UMAs, ocasionado un da\u00f1o econ\u00f3mico considerable a nuestra situaci\u00f3n econ\u00f3mica; deliberado error que hemos venido combatiendo mediante demandas ante el Tribunal de Justicia Fiscal y Administrativa, que nos ha concedido numerosas sentencias favorables, gracias a las magn\u00edficas actuaciones jur\u00eddicas de los licenciados Luis Casta\u00f1eda y Norma&nbsp;S\u00e1nchez, quienes forman parte de nuestra asociaci\u00f3n y solo atienden a nuestros agremiados.<\/p>\n\n\n\n<p class=\"s4 wp-block-paragraph\">Ante el incierto futuro econ\u00f3mico&nbsp;que habremos de enfrentar los jubilados, invitamos a todos a cerrar filas para seguir defendiendo nuestras leg\u00edtimas demandas, que solo por la v\u00eda jur\u00eddica seguiremos reclamando, ante la negativa del actual gobierno de enmendar el da\u00f1o que desde la administraci\u00f3n de Pe\u00f1a Nieto se origina, al pagarnos con base en&nbsp;UMAs&nbsp;y no en salarios m\u00ednimos.\u201d<\/p>\n\n\n\n<p class=\"s4 wp-block-paragraph\">El documento lo suscriben el profesor Manuel Godina Velasco en su calidad de presidente de la asociaci\u00f3n y Alfredo Luna Jim\u00e9nez coordinador de los jubilados ante el&nbsp;Issste.<\/p>\n\n\n\n<p class=\"s4 wp-block-paragraph\">Este avaro tipo debe ser puesto en su lugar y los jubilados no le debemos permitir seguir en su papel de empresario exitoso porque no lo es.&nbsp;\u00c9l quiere que los pobres sigan siendo pobres y los ricos&nbsp;m\u00e1s ricos con el dinero que les niegan a los trabajadores.<\/p>\n\n\n\n<p class=\"s4 wp-block-paragraph\">Carlos Slim est\u00e1 demostrando que no es un hombre de empresa,&nbsp;sino como dir\u00eda el cl\u00e1sico,&nbsp;es un hombre de presa.&nbsp;<\/p>\n\n\n\n<p class=\"s4 wp-block-paragraph\">&nbsp;<\/p>\n<div class=\"fb-background-color\">\n\t\t\t  <div \n\t\t\t  \tclass = \"fb-comments\" \n\t\t\t  \tdata-href = \"https:\/\/diarioavanzada.com.mx\/?p=61892\"\n\t\t\t  \tdata-numposts = \"10\"\n\t\t\t  \tdata-lazy = \"true\"\n\t\t\t\tdata-colorscheme = \"light\"\n\t\t\t\tdata-order-by = \"social\"\n\t\t\t\tdata-mobile=true>\n\t\t\t  <\/div><\/div>\n\t\t  <style>\n\t\t    .fb-background-color {\n\t\t\t\tbackground:  !important;\n\t\t\t}\n\t\t\t.fb_iframe_widget_fluid_desktop iframe {\n\t\t\t    width: 100% !important;\n\t\t\t}\n\t\t  <\/style>\n\t\t  ","protected":false},"excerpt":{"rendered":"<p>Columna El Puercoesp\u00edn&nbsp; Carlos Slim es&nbsp;un avaro&nbsp;que aprovechando la coyuntura del relevo del gobierno&nbsp;federal&nbsp;est\u00e1 tratando de influir en la pol\u00edtica econ\u00f3mica de Claudia Sheinbaum para&nbsp;beneficiarsey hacerse en forma preferencial de m\u00e1s bienes sin importarle las condiciones de salud y&nbsp;la calidad&nbsp;de vida&nbsp;b\u00e1sica&nbsp;de las familias&nbsp;de los trabajadores&nbsp; La avaricia es la inclinaci\u00f3n o el deseo desordenado de [&hellip;]<\/p>\n","protected":false},"author":9,"featured_media":61893,"comment_status":"closed","ping_status":"closed","sticky":false,"template":"","format":"standard","meta":{"_coblocks_attr":"","_coblocks_dimensions":"","_coblocks_responsive_height":"","_coblocks_accordion_ie_support":"","advanced_seo_description":"","jetpack_seo_html_title":"","jetpack_seo_noindex":false,"jetpack_seo_schema_type":"","_jetpack_newsletter_access":"","_jetpack_dont_email_post_to_subs":false,"_jetpack_newsletter_tier_id":0,"_jetpack_memberships_contains_paywalled_content":false,"_wpcom_ai_launchpad_first_post":false,"_jetpack_feature_clip_id":0,"_jetpack_memberships_contains_paid_content":false,"footnotes":"","jetpack_post_was_ever_published":false},"categories":[19,209,24],"tags":[],"class_list":["post-61892","post","type-post","status-publish","format-standard","has-post-thumbnail","hentry","category-colima","category-importantes","category-opinion"],"jetpack-related-posts":[],"jetpack_sharing_enabled":true,"amp_enabled":true,"jetpack_featured_media_url":"https:\/\/diarioavanzada.com.mx\/wp-content\/uploads\/2024\/09\/img_4772-1.jpg","_links":{"self":[{"href":"https:\/\/diarioavanzada.com.mx\/index.php?rest_route=\/wp\/v2\/posts\/61892","targetHints":{"allow":["GET"]}}],"collection":[{"href":"https:\/\/diarioavanzada.com.mx\/index.php?rest_route=\/wp\/v2\/posts"}],"about":[{"href":"https:\/\/diarioavanzada.com.mx\/index.php?rest_route=\/wp\/v2\/types\/post"}],"author":[{"embeddable":true,"href":"https:\/\/diarioavanzada.com.mx\/index.php?rest_route=\/wp\/v2\/users\/9"}],"replies":[{"embeddable":true,"href":"https:\/\/diarioavanzada.com.mx\/index.php?rest_route=%2Fwp%2Fv2%2Fcomments&post=61892"}],"version-history":[{"count":1,"href":"https:\/\/diarioavanzada.com.mx\/index.php?rest_route=\/wp\/v2\/posts\/61892\/revisions"}],"predecessor-version":[{"id":61894,"href":"https:\/\/diarioavanzada.com.mx\/index.php?rest_route=\/wp\/v2\/posts\/61892\/revisions\/61894"}],"wp:featuredmedia":[{"embeddable":true,"href":"https:\/\/diarioavanzada.com.mx\/index.php?rest_route=\/wp\/v2\/media\/61893"}],"wp:attachment":[{"href":"https:\/\/diarioavanzada.com.mx\/index.php?rest_route=%2Fwp%2Fv2%2Fmedia&parent=61892"}],"wp:term":[{"taxonomy":"category","embeddable":true,"href":"https:\/\/diarioavanzada.com.mx\/index.php?rest_route=%2Fwp%2Fv2%2Fcategories&post=61892"},{"taxonomy":"post_tag","embeddable":true,"href":"https:\/\/diarioavanzada.com.mx\/index.php?rest_route=%2Fwp%2Fv2%2Ftags&post=61892"}],"curies":[{"name":"wp","href":"https:\/\/api.w.org\/{rel}","templated":true}]}}