{"id":6085,"date":"2019-06-19T20:49:56","date_gmt":"2019-06-20T01:49:56","guid":{"rendered":"https:\/\/diarioavanzada.com.mx\/?p=6085"},"modified":"2019-06-19T20:49:58","modified_gmt":"2019-06-20T01:49:58","slug":"lanzan-convocatoria-del-premio-nacional-de-periodismo-2018","status":"publish","type":"post","link":"https:\/\/diarioavanzada.com.mx\/?p=6085","title":{"rendered":"Lanzan convocatoria del Premio Nacional de Periodismo 2018"},"content":{"rendered":"\n<p class=\"wp-block-paragraph\">Colima, M\u00e9xico, Comunicado (19\/06\/2019).- Esta semana fue presentada la convocatoria para el Premio Nacional de Periodismo 2018 en la Casa del Tiempo de la Universidad Aut\u00f3noma Metropolitana (UAM), en la Ciudad de M\u00e9xico, con la presencia de asociados del Consejo Ciudadano, integrantes del jurado calificador y compa\u00f1eros de los medios de comunicaci\u00f3n.<\/p>\n\n\n\n<p class=\"wp-block-paragraph\">El Premio Nacional de Periodismo (PNP) es el galard\u00f3n por excelencia otorgado al periodismo en M\u00e9xico. Lo respaldan, dicen sus organizadores, la historia, la legalidad y la trayectoria de un Consejo Ciudadano, integrado por instituciones honorables.<\/p>\n\n\n\n<p class=\"wp-block-paragraph\">Es, dice en su p\u00e1gina web, el reconocimiento del Consejo Ciudadano del Premio Nacional de Periodismo A. C. \u201ca los periodistas que sobresalen por su desempe\u00f1o y ejercicio cotidiano del derecho ciudadano a estar informado, por la calidad de su trabajo y por la oportunidad period\u00edstica ejercida en beneficio de la opini\u00f3n p\u00fablica\u201d.<\/p>\n\n\n\n<p class=\"wp-block-paragraph\">Este a\u00f1o el jurado, al igual que su presidenta, Mar\u00eda Teresa Arroyo Gopar, fue ratificado por la Asamblea General del PNP.&nbsp;<\/p>\n\n\n\n<p class=\"wp-block-paragraph\">Los integrantes del jurado son: Alfredo M\u00e1rquez M\u00e9ndez, comunic\u00f3logo por la UNAM; \u00c1ngel Manuel Ortiz Mar\u00edn, doctor en Comunicaci\u00f3n Social por Universidad de La Habana, Cuba; Carmen Estrada S\u00e1nchez, doctora en Estudios Transversales de Comunicaci\u00f3n y Cultura por el Instituto de Comunicaci\u00f3n y Cultura, y Daniel Adame Osorio, maestro en Estudios Electorales por la Universidad Nacional de San Mart\u00edn, Buenos Aires, Argentina.<\/p>\n\n\n\n<p class=\"wp-block-paragraph\">Tambi\u00e9n est\u00e1n Elvira Hern\u00e1ndez Carballido, doctora por la UNAM en el campo acad\u00e9mico de la Comunicaci\u00f3n; Federico Mastrogiovanni, periodista y acad\u00e9mico; Salvador de Le\u00f3n V\u00e1zquez, doctor en Estudios Cient\u00edfico-Sociales por el ITESO; Manuel Mart\u00edn Balam Ruiz, administrador de empresas por el Instituto Tecnol\u00f3gico de M\u00e9rida; Teresa Arroyo Gopar, doctora en Educaci\u00f3n por la Escuela Libre de Ciencias Pol\u00edticas y Administraci\u00f3n P\u00fablica de Oriente, y Rodrigo Mart\u00ednez, doctor en Ciencias Pol\u00edticas y Sociales por la UNAM.<\/p>\n\n\n\n<p class=\"wp-block-paragraph\">Adem\u00e1s, Roberto Silva Corpus, maestro en Artes por la Universidad Aut\u00f3noma de Nuevo Le\u00f3n; Rosal\u00eda Orozco Murillo, maestra en Comunicaci\u00f3n por la Universidad de Guadalajara; Rub\u00e9n V\u00e1zquez Romero, maestro en Comunicaci\u00f3n por la UNAM; Sergio Rodr\u00edguez Blanco, doctor en Historia del Arte por la UNAM; Lizy Navarro Zamora, doctora en Ciencias de la Informaci\u00f3n por la Universidad Complutense de Madrid, y Guadalupe Carrillo C\u00e1rdenas, licenciada en Comunicaci\u00f3n Social por la Universidad de Colima.<\/p>\n\n\n\n<p class=\"wp-block-paragraph\">Teresa Arroyo Gopar coment\u00f3 que el jurado se reuni\u00f3 previamente para analizar y modificar las bases de la convocatoria, \u201cpensando en los tiempos que vive hoy en d\u00eda el periodismo en M\u00e9xico\u201d.<\/p>\n\n\n\n<p class=\"wp-block-paragraph\">La recepci\u00f3n de trabajos comenz\u00f3 este lunes 17 y concluir\u00e1 el pr\u00f3ximo 09 de agosto del presente a\u00f1o, a trav\u00e9s del portal del premio <a href=\"http:\/\/www.periodismo.org.mx\">www.periodismo.org.mx<\/a>.<\/p>\n\n\n\n<p class=\"wp-block-paragraph\">Podr\u00e1n participar aquellos trabajos period\u00edsticos difundidos en cualquier medio informativo mexicano (impresos, radio, televisi\u00f3n y\/o digitales), entre el 1 de enero y el 31 de diciembre del 2018, en las siguientes categor\u00edas: Cr\u00f3nica\/Periodismo narrativo, Entrevista, Reportaje, Cobertura multiformato\/Periodismo de Investigaci\u00f3n, Fotograf\u00eda, Caricatura\/Humor, Periodismo de opini\u00f3n, Divulgaci\u00f3n de la ciencia y difusi\u00f3n cultural.<\/p>\n\n\n\n<p class=\"wp-block-paragraph\">Los resultados se dar\u00e1n a conocer el pr\u00f3ximo viernes 22 de noviembre de 2019 en conferencia de prensa. La ceremonia de premiaci\u00f3n se realizar\u00e1 el 13 de diciembre de 2019.<\/p>\n\n\n\n<p class=\"wp-block-paragraph\">Se premiar\u00e1 un trabajo por categor\u00eda con un reconocimiento que consiste en una escultura dise\u00f1ada por el maestro Juan Soriano, un diploma y 50 mil pesos pesos (un premio por categor\u00eda). El jurado decidir\u00e1 el premio honor\u00edfico a la Trayectoria Period\u00edstica, que consta de un diploma y una escultura.<\/p>\n\n\n\n<p class=\"wp-block-paragraph\">Para m\u00e1s informes, comunicarse a los tel\u00e9fonos: (55) 52 76 44 80 y (55) 52 76 44 27 o escribir a los correos: info@pnp.org.mx, aguilar@pnp.org.mx y gil@pnp.org.mx.<\/p>\n<div class=\"fb-background-color\">\n\t\t\t  <div \n\t\t\t  \tclass = \"fb-comments\" \n\t\t\t  \tdata-href = \"https:\/\/diarioavanzada.com.mx\/?p=6085\"\n\t\t\t  \tdata-numposts = \"10\"\n\t\t\t  \tdata-lazy = \"true\"\n\t\t\t\tdata-colorscheme = \"light\"\n\t\t\t\tdata-order-by = \"social\"\n\t\t\t\tdata-mobile=true>\n\t\t\t  <\/div><\/div>\n\t\t  <style>\n\t\t    .fb-background-color {\n\t\t\t\tbackground:  !important;\n\t\t\t}\n\t\t\t.fb_iframe_widget_fluid_desktop iframe {\n\t\t\t    width: 100% !important;\n\t\t\t}\n\t\t  <\/style>\n\t\t  ","protected":false},"excerpt":{"rendered":"<p>Colima, M\u00e9xico, Comunicado (19\/06\/2019).- Esta semana fue presentada la convocatoria para el Premio Nacional de Periodismo 2018 en la Casa del Tiempo de la Universidad Aut\u00f3noma Metropolitana (UAM), en la Ciudad de M\u00e9xico, con la presencia de asociados del Consejo Ciudadano, integrantes del jurado calificador y compa\u00f1eros de los medios de comunicaci\u00f3n. El Premio Nacional [&hellip;]<\/p>\n","protected":false},"author":7,"featured_media":6086,"comment_status":"closed","ping_status":"closed","sticky":false,"template":"","format":"standard","meta":{"_coblocks_attr":"","_coblocks_dimensions":"","_coblocks_responsive_height":"","_coblocks_accordion_ie_support":"","_crdt_document":"","advanced_seo_description":"","jetpack_seo_html_title":"","jetpack_seo_noindex":false,"_jetpack_memberships_contains_paid_content":false,"footnotes":""},"categories":[7],"tags":[],"class_list":["post-6085","post","type-post","status-publish","format-standard","has-post-thumbnail","hentry","category-noticias"],"jetpack_featured_media_url":"https:\/\/diarioavanzada.com.mx\/wp-content\/uploads\/2019\/06\/Lanzan-convocatoria-del-Premio-Nacional-de-Periodismo.jpg","jetpack-related-posts":[],"jetpack_sharing_enabled":true,"amp_enabled":true,"_links":{"self":[{"href":"https:\/\/diarioavanzada.com.mx\/index.php?rest_route=\/wp\/v2\/posts\/6085","targetHints":{"allow":["GET"]}}],"collection":[{"href":"https:\/\/diarioavanzada.com.mx\/index.php?rest_route=\/wp\/v2\/posts"}],"about":[{"href":"https:\/\/diarioavanzada.com.mx\/index.php?rest_route=\/wp\/v2\/types\/post"}],"author":[{"embeddable":true,"href":"https:\/\/diarioavanzada.com.mx\/index.php?rest_route=\/wp\/v2\/users\/7"}],"replies":[{"embeddable":true,"href":"https:\/\/diarioavanzada.com.mx\/index.php?rest_route=%2Fwp%2Fv2%2Fcomments&post=6085"}],"version-history":[{"count":0,"href":"https:\/\/diarioavanzada.com.mx\/index.php?rest_route=\/wp\/v2\/posts\/6085\/revisions"}],"wp:featuredmedia":[{"embeddable":true,"href":"https:\/\/diarioavanzada.com.mx\/index.php?rest_route=\/wp\/v2\/media\/6086"}],"wp:attachment":[{"href":"https:\/\/diarioavanzada.com.mx\/index.php?rest_route=%2Fwp%2Fv2%2Fmedia&parent=6085"}],"wp:term":[{"taxonomy":"category","embeddable":true,"href":"https:\/\/diarioavanzada.com.mx\/index.php?rest_route=%2Fwp%2Fv2%2Fcategories&post=6085"},{"taxonomy":"post_tag","embeddable":true,"href":"https:\/\/diarioavanzada.com.mx\/index.php?rest_route=%2Fwp%2Fv2%2Ftags&post=6085"}],"curies":[{"name":"wp","href":"https:\/\/api.w.org\/{rel}","templated":true}]}}