{"id":60395,"date":"2024-08-23T06:33:48","date_gmt":"2024-08-23T12:33:48","guid":{"rendered":"https:\/\/diarioavanzada.com.mx\/?p=60395"},"modified":"2024-08-23T07:31:38","modified_gmt":"2024-08-23T13:31:38","slug":"le-creo-mas-a-un-narco-que-a-un-politico","status":"publish","type":"post","link":"https:\/\/diarioavanzada.com.mx\/?p=60395","title":{"rendered":"Le creo m\u00e1s a un narco que a&nbsp;un pol\u00edtico"},"content":{"rendered":"\n<p class=\"wp-block-paragraph\">Columna<\/p>\n\n\n\n<p class=\"wp-block-paragraph\">El Puercoesp\u00edn&nbsp;<\/p>\n\n\n\n<p class=\"s3 wp-block-paragraph\"><\/p>\n\n\n\n<p class=\"s4 wp-block-paragraph\">Los conocedores<\/p>\n\n\n\n<p class=\"s4 wp-block-paragraph\">Jes\u00fas Lemus, autor del texto\u00a0El Licenciado,\u00a0en una entrevista realizada por Martha Olivia L\u00f3pez del portal de noticia\u00a0En 2 X 3, vinculada al periodismo en resistencia de Julio Hern\u00e1ndez L\u00f3pez, le dijo a boca de jarro a Martha Olivia L\u00f3pez\u00a0\u201cYo le creo m\u00e1s a un narcotraficante que un pol\u00edtico\u201d refiri\u00e9ndose a que cre\u00eda m\u00e1s la versi\u00f3n de el Mayo Zambada que a la versi\u00f3n del Gobierno de M\u00e9xico y a la palabra de sus 29 gobernadores y su dirigente nacional.<\/p>\n\n\n\n<p class=\"s4 wp-block-paragraph\">Finalmente,&nbsp;Jes\u00fas&nbsp;Lemus,&nbsp;tuvo raz\u00f3n,&nbsp;los gobernadores resultaron unos mentirosos.&nbsp;La&nbsp;Fiscal\u00eda General&nbsp;de la Rep\u00fablica los evidenci\u00f3.&nbsp;<\/p>\n\n\n\n<p class=\"s4 wp-block-paragraph\">&nbsp;<\/p>\n\n\n\n<p class=\"s4 wp-block-paragraph\">El desplegado<\/p>\n\n\n\n<p class=\"s4 wp-block-paragraph\">\u201cLas y los gobernadores constitucionales y electos de Morena y la dirigencia&nbsp;del mismo&nbsp;expresamos nuestro absoluto respaldo al compa\u00f1ero Rub\u00e9n Rocha Moya, gobernador constitucional del estado de Sinaloa,&nbsp;ante las mentiras y estigmatizaci\u00f3n de las que ha sido objeto en d\u00edas recientes&#8221;, refiere el desplegado&nbsp;publicado por los 28 gobernadores,&nbsp;el jefe de gobierno de la CDMX&nbsp;y el dirigente nacional de Morena.<\/p>\n\n\n\n<p class=\"s4 wp-block-paragraph\">Los gobernadores por su cuenta en cada uno de sus estados se encargaron de replicar las declaraciones haciendo \u00e9nfasis en&nbsp;el sentido mentiroso del capo.<\/p>\n\n\n\n<p class=\"s4 wp-block-paragraph\">Finalmente ellos resultaron ser los mentirosos, cuando menos,\u00a0as\u00ed lo est\u00e1n\u00a0demostrando las\u00a0evidencias s\u00f3lidas del caso\u00a0publicadas por la FGR.<\/p>\n\n\n\n<p class=\"s4 wp-block-paragraph\">Las declaraciones publicadas en un desplegado fueron unarespuesta&nbsp;a&nbsp;una carta difundida por&nbsp;el&nbsp;abogado&nbsp;del capo del C\u00e1rtel de Sinaloa&nbsp;donde&nbsp;asegura que fue emboscado, secuestrado y trasladado sin su consentimiento a Estados Unidos, hecho que habr\u00eda ocurrido cuando el narcotraficante acudi\u00f3 a una reuni\u00f3n en la que se encontrar\u00eda con&nbsp;Rub\u00e9nRocha Moya y con H\u00e9ctor Melesio&nbsp;Cuen&nbsp;Ojeda, ex&nbsp;alcalde de Culiac\u00e1n y ex&nbsp;rector de la Universidad Aut\u00f3noma de Sinaloa (UAS), quien fue asesinado el mismo 25 de julio.&nbsp;<\/p>\n\n\n\n<p class=\"s9 wp-block-paragraph\">El presidente de M\u00e9xico y la virtual presidenta electa salieron en defensa del gobernador morenista y&nbsp;declararonque se trataba de un ataque a la 4T.&nbsp;El presidente y la futura presidenta gastaron capital pol\u00edtico para proteger a Rub\u00e9n Rocha y a la Cuarta Transformaci\u00f3n.&nbsp;<\/p>\n\n\n\n<p class=\"s9 wp-block-paragraph\">La Fiscal\u00eda de Sinaloa se apresur\u00f3 a difundir un video donde supuestamente habr\u00eda sido asesinado Melesio&nbsp;Cuen&nbsp;Ojeda&nbsp;en una gasoliner\u00eda&nbsp;de Culiac\u00e1n, su difusi\u00f3n ten\u00eda el objetivo de fortalecer las declaraciones del desplegado de los morenistas.<\/p>\n\n\n\n<p class=\"s9 wp-block-paragraph\">El caso fue atra\u00eddo por la&nbsp;Fiscal\u00eda General&nbsp;de la Rep\u00fablica y all\u00ed saltan las primeras contradicciones, resulta que Rub\u00e9n Rocha no est\u00e1 tan limpio como se dice.<\/p>\n\n\n\n<p class=\"s9 wp-block-paragraph\">Curiosa y sospechosamente renuncia&nbsp;Sara Bruna Qui\u00f1onez Estrada,&nbsp;la fiscal de Sinaloa,&nbsp;despu\u00e9s de que los videosfueron fuertemente cuestionados por los analistas pol\u00edticos donde conclu\u00edan que los videos no demostraban nada.<\/p>\n\n\n\n<p class=\"s9 wp-block-paragraph\">El primer informe de la FGR<\/p>\n\n\n\n<p class=\"s9 wp-block-paragraph\">Hace 24 horas la&nbsp;Fiscal\u00eda General&nbsp;de la Rep\u00fablica FGR public\u00f3 que:&nbsp;<\/p>\n\n\n\n<p class=\"s9 wp-block-paragraph\">1.&nbsp;Se localiz\u00f3 el inmueble donde se llevaron a cabo los probables delitos de privaci\u00f3n ilegal de la libertad, homicidios, lesiones y actos vinculados con desaparici\u00f3n forzada, en el cual se vincula la agresi\u00f3n que llev\u00f3 a la muerte a H\u00e9ctor \u201cN\u201d.<\/p>\n\n\n\n<p class=\"s9 wp-block-paragraph\">2. Se identificaron los veh\u00edculos con los que se operaron los delitos.<\/p>\n\n\n\n<p class=\"s9 wp-block-paragraph\">3. &nbsp;Se logr\u00f3 establecer que la informaci\u00f3n sobre lo ocurrido en una gasolinera en el municipio de Culiac\u00e1n no es aceptable, ni cuenta con elementos fidedignos de prueba.<\/p>\n\n\n\n<p class=\"s9 wp-block-paragraph\">4. En el caso de Joaqu\u00edn \u201cN\u201d se solicit\u00f3 orden de aprehensi\u00f3n por secuestro y privaci\u00f3n ilegal&nbsp;de la&nbsp;libertad de una persona en territorio nacional para entregarlo en otro pa\u00eds.<\/p>\n\n\n\n<p class=\"s9 wp-block-paragraph\">Ahora uno entiende el porqu\u00e9 la fiscal de Sinaloa, Sara Bruna Qui\u00f1ones,&nbsp;renunci\u00f3 a su cargo m\u00e1s r\u00e1pido que inmediatamente.<\/p>\n\n\n\n<p class=\"s11 wp-block-paragraph\">La dimisi\u00f3n llega despu\u00e9s de que la&nbsp;Fiscal\u00eda General&nbsp;de la Rep\u00fablica (FGR) anunci\u00f3 este jueves que atrajo la investigaci\u00f3n por la muerte del ex&nbsp;rector de la Universidad Aut\u00f3noma de Sinaloa (UAS) H\u00e9ctor Melesio Cu\u00e9n Ojeda.<\/p>\n\n\n\n<p class=\"s11 wp-block-paragraph\">Las autoridades estatales manejaban al menos dos hip\u00f3tesis sobre este episodio: o que fue muerto en un ataque armado en una gasolinera o que fue asesinado a finales de julio en la misma emboscada donde presuntamente se detuvo y posteriormente se llev\u00f3 contra su voluntad a Estados Unidos a Zambada, supuesto l\u00edder del C\u00e1rtel de Sinaloa.<\/p>\n\n\n\n<p class=\"s12 wp-block-paragraph\">Recodemos tambi\u00e9n que la cuartada de Rub\u00e9n Rocha es que se encontraba fuera&nbsp;del pa\u00eds, precisamente&nbsp;en la ciudad de Los \u00c1ngeles en los Estados Unidos, que no ser\u00eda cosa extraordinaria, lo verdaderamente interesante fue que viaj\u00f3 con su familia en una aeronave prestada por el empresario Jes\u00fas Vizcarra &nbsp; propietario de la empresa SuKarne y la cadena de cl\u00ednicas Salud Digna lo cual significa que Rub\u00e9n Rocha no tiene ning\u00fan inconveniente de sostener relaciones con el poder pol\u00edtico y,&nbsp;adem\u00e1s,&nbsp;ser&nbsp;consentido por sus lujos.&nbsp;<\/p>\n\n\n\n<p class=\"s9 wp-block-paragraph\">Es altamente probable que Rub\u00e9n Rocha est\u00e1 mintiendo para ponerse a salvo,&nbsp;muchas cosas tiene&nbsp;por aclarar ante la&nbsp;FGR y as\u00ed se lo&nbsp;pidi\u00f3 el presidente.<\/p>\n\n\n\n<p class=\"s9 wp-block-paragraph\">Lo tambi\u00e9n interesante es que los 29 gobernadores y su dirigente nacional quedaron como unos payasos que mintieron para proteger a un miembro de su banda, perd\u00f3n de su equipo pol\u00edtico.<\/p>\n\n\n\n<p class=\"s9 wp-block-paragraph\">La verdad es que la 4T tiene sus mayores debilidades en los gobernadores a quienes el Gobierno de M\u00e9xico les dio todo el poder y estos, por lo que estamos viendo, han venido estableciendo relaciones inconfesables con el crimen organizado y con el poder econ\u00f3mico.<\/p>\n\n\n\n<p class=\"s9 wp-block-paragraph\">Jes\u00fas Lemus tuvo raz\u00f3n cuando sostuvo con firmeza que es m\u00e1s cre\u00edble la palabra de un capo de la droga que un pol\u00edtico.<\/p>\n\n\n\n<p class=\"s9 wp-block-paragraph\">No estar\u00eda nada mal que todos los gobernadores del pac\u00edfico sean investigados para deslindarlos del capo mayor del Cartel de Sinaloa, Ismael el Mayo Zambada.<\/p>\n\n\n\n<p class=\"s9 wp-block-paragraph\">Sobre todo, deber\u00edan de iniciarse investigaciones en los estados donde se cuenta con aduanas y puertos importantes.<\/p>\n\n\n\n<p class=\"s9 wp-block-paragraph\">Colima cuenta con un puerto y una aduana importante y por ese solo hecho la gobernadora deber\u00eda de ser investigada para deslindar o determinar el grado de penetraci\u00f3n del C\u00e1rtel de Sinaloa en el Estado. Es un asunto de seguridad local y nacional.<\/p>\n\n\n\n<p class=\"s9 wp-block-paragraph\">La violencia en Colima no es de generaci\u00f3n espont\u00e1nea en la violencia de nuestro estado es obvio que el crimen organizado est\u00e1 involucrado,&nbsp;lo importante por saberse es:\u00bfcu\u00e1nto&nbsp;y en qu\u00e9 medida est\u00e1 involucrado el gobierno del estado si es que lo est\u00e1? Esto ser\u00eda ben\u00e9fico para todos porque el gobierno del estado al ser investigado y salir,eventualmente limpio,&nbsp;tendr\u00eda autoridad moral y pol\u00edtica para combatir al crimen organizado.&nbsp;<\/p>\n\n\n\n<p class=\"s9 wp-block-paragraph\">Por el momento Jes\u00fas Lemus tiene raz\u00f3n son m\u00e1s mentirosos los pol\u00edticos que los narcos.&nbsp;Todos los gobernadores mintieron en el desplegado de apoyo a Rub\u00e9n Rocha.&nbsp;<\/p>\n\n\n\n<p class=\"s9 wp-block-paragraph\">&nbsp;<\/p>\n\n\n\n<p class=\"s9 wp-block-paragraph\">&nbsp;<\/p>\n<div class=\"fb-background-color\">\n\t\t\t  <div \n\t\t\t  \tclass = \"fb-comments\" \n\t\t\t  \tdata-href = \"https:\/\/diarioavanzada.com.mx\/?p=60395\"\n\t\t\t  \tdata-numposts = \"10\"\n\t\t\t  \tdata-lazy = \"true\"\n\t\t\t\tdata-colorscheme = \"light\"\n\t\t\t\tdata-order-by = \"social\"\n\t\t\t\tdata-mobile=true>\n\t\t\t  <\/div><\/div>\n\t\t  <style>\n\t\t    .fb-background-color {\n\t\t\t\tbackground:  !important;\n\t\t\t}\n\t\t\t.fb_iframe_widget_fluid_desktop iframe {\n\t\t\t    width: 100% !important;\n\t\t\t}\n\t\t  <\/style>\n\t\t  ","protected":false},"excerpt":{"rendered":"<p>Columna El Puercoesp\u00edn&nbsp; Los conocedores Jes\u00fas Lemus, autor del texto\u00a0El Licenciado,\u00a0en una entrevista realizada por Martha Olivia L\u00f3pez del portal de noticia\u00a0En 2 X 3, vinculada al periodismo en resistencia de Julio Hern\u00e1ndez L\u00f3pez, le dijo a boca de jarro a Martha Olivia L\u00f3pez\u00a0\u201cYo le creo m\u00e1s a un narcotraficante que un pol\u00edtico\u201d refiri\u00e9ndose a [&hellip;]<\/p>\n","protected":false},"author":9,"featured_media":60394,"comment_status":"closed","ping_status":"closed","sticky":false,"template":"","format":"standard","meta":{"_coblocks_attr":"","_coblocks_dimensions":"","_coblocks_responsive_height":"","_coblocks_accordion_ie_support":"","advanced_seo_description":"","jetpack_seo_html_title":"","jetpack_seo_noindex":false,"jetpack_seo_schema_type":"","_jetpack_newsletter_access":"","_jetpack_dont_email_post_to_subs":false,"_jetpack_newsletter_tier_id":0,"_jetpack_memberships_contains_paywalled_content":false,"_wpcom_ai_launchpad_first_post":false,"_jetpack_feature_clip_id":0,"_jetpack_memberships_contains_paid_content":false,"footnotes":"","jetpack_post_was_ever_published":false},"categories":[19,209,24],"tags":[],"class_list":["post-60395","post","type-post","status-publish","format-standard","has-post-thumbnail","hentry","category-colima","category-importantes","category-opinion"],"jetpack-related-posts":[],"jetpack_sharing_enabled":true,"amp_enabled":true,"jetpack_featured_media_url":"https:\/\/diarioavanzada.com.mx\/wp-content\/uploads\/2024\/08\/img_2966-1.jpg","_links":{"self":[{"href":"https:\/\/diarioavanzada.com.mx\/index.php?rest_route=\/wp\/v2\/posts\/60395","targetHints":{"allow":["GET"]}}],"collection":[{"href":"https:\/\/diarioavanzada.com.mx\/index.php?rest_route=\/wp\/v2\/posts"}],"about":[{"href":"https:\/\/diarioavanzada.com.mx\/index.php?rest_route=\/wp\/v2\/types\/post"}],"author":[{"embeddable":true,"href":"https:\/\/diarioavanzada.com.mx\/index.php?rest_route=\/wp\/v2\/users\/9"}],"replies":[{"embeddable":true,"href":"https:\/\/diarioavanzada.com.mx\/index.php?rest_route=%2Fwp%2Fv2%2Fcomments&post=60395"}],"version-history":[{"count":1,"href":"https:\/\/diarioavanzada.com.mx\/index.php?rest_route=\/wp\/v2\/posts\/60395\/revisions"}],"predecessor-version":[{"id":60402,"href":"https:\/\/diarioavanzada.com.mx\/index.php?rest_route=\/wp\/v2\/posts\/60395\/revisions\/60402"}],"wp:featuredmedia":[{"embeddable":true,"href":"https:\/\/diarioavanzada.com.mx\/index.php?rest_route=\/wp\/v2\/media\/60394"}],"wp:attachment":[{"href":"https:\/\/diarioavanzada.com.mx\/index.php?rest_route=%2Fwp%2Fv2%2Fmedia&parent=60395"}],"wp:term":[{"taxonomy":"category","embeddable":true,"href":"https:\/\/diarioavanzada.com.mx\/index.php?rest_route=%2Fwp%2Fv2%2Fcategories&post=60395"},{"taxonomy":"post_tag","embeddable":true,"href":"https:\/\/diarioavanzada.com.mx\/index.php?rest_route=%2Fwp%2Fv2%2Ftags&post=60395"}],"curies":[{"name":"wp","href":"https:\/\/api.w.org\/{rel}","templated":true}]}}