{"id":60229,"date":"2024-08-20T10:02:12","date_gmt":"2024-08-20T16:02:12","guid":{"rendered":"https:\/\/diarioavanzada.com.mx\/?p=60229"},"modified":"2024-08-20T10:02:15","modified_gmt":"2024-08-20T16:02:15","slug":"quien-buscara-la-tranquilidad-para-colima","status":"publish","type":"post","link":"https:\/\/diarioavanzada.com.mx\/?p=60229","title":{"rendered":"\u00bfQui\u00e9n buscar\u00e1 la tranquilidad para Colima?"},"content":{"rendered":"\n<p class=\"wp-block-paragraph\">Columna<\/p>\n\n\n\n<p class=\"wp-block-paragraph\">El Puercoesp\u00edn<\/p>\n\n\n\n<p class=\"wp-block-paragraph\">Desde hace 20 a\u00f1os la seguridad se empez\u00f3 a deteriorar y los \u00faltimos dos sexenios gubernamentales en lugar de buscar contener la violencia e instaurar la concordia lo \u00fanico que han hecho es esgrimir excusas para justificar su indolencia, su ineptitud y su franca incapacidad para combatir al crimen organizado. De acuerdo con los sexenios de Nacho e Indira los ciudadanos debemos de resignarnos a hacer de la violencia una realidad que lleg\u00f3 para quedarse.<\/p>\n\n\n\n<p class=\"wp-block-paragraph\">El domingo 18 de agosto de 2024 Aldrin Miguel Jarqu\u00edn, alias el Chaparrito, un hombre de aproximadamente 160 cent\u00edmetros de estatura, con vestimenta de short de color gris, playera negra, con sandalias negras, de tez morena, de cabello corto color negro fue captura por miembros de inteligencia de la Marina Armada de M\u00e9xico en el norte de la ciudad de M\u00e9rida. Este individuo era el l\u00edder del C\u00e1rtel Jalisco Nueva Generaci\u00f3n en Colima.<\/p>\n\n\n\n<p class=\"wp-block-paragraph\">La detenci\u00f3n de este criminal no traer\u00e1 paz para Colima, porque est\u00e1 plenamente demostrado que los c\u00e1rteles han evolucionado y dentro de sus procesos han tenido la capacidad de sustituir a sus cuadros de mando con mucha velocidad.<\/p>\n\n\n\n<p class=\"wp-block-paragraph\">Qu\u00e9 bueno que la inteligencia de la Marina Armada de M\u00e9xico tenga un \u00e9xito en su lucha contra el narco, desgraciadamente, de poco ayudar\u00e1 para la paz en Colima. No estoy minimizando el hecho, de ninguna manera, esta instituci\u00f3n est\u00e1 cumpliendo con su papel y lo est\u00e1 haciendo bien, el problema es que su trabajo no se ve apoyado con acciones de los gobernantes para aprovechar este \u00e9xito para hacer sinergia con estrategias para lograr la paz en las calles, porque sencillamente no existen estrategias del gobierno del estado para pacificar el estado. Sus acciones se circunscriben a tomar caf\u00e9, fruta, entre otras cosas, en la <strong>Mesa que m\u00e1s aplauda<\/strong> que a diario se re\u00fane, supuestamente, para recuperar la paz y la tranquilidad perdidas.<\/p>\n\n\n\n<p class=\"wp-block-paragraph\">La cotidianeidad en Colima<\/p>\n\n\n\n<p class=\"wp-block-paragraph\">Esta ma\u00f1ana localizaron un cuerpo en avanzado estado de putrefacci\u00f3n. No hubo detenidos.<\/p>\n\n\n\n<p class=\"wp-block-paragraph\">En Tecom\u00e1n la maniataron, la mataron y la echaron en un tambo. No hay detenidos.<\/p>\n\n\n\n<p class=\"wp-block-paragraph\">Reportan una persona lesionada por disparos de arma de fuego en la colonia Villa Izcalli, de Villa de \u00c1lvarez. No hubo detenidos.<\/p>\n\n\n\n<p class=\"wp-block-paragraph\">Esta tarde se report\u00f3 en redes, la ejecuci\u00f3n de una persona en la colonia La Albarrada, al sur de la ciudad de Colima. No hubo detenidos.<\/p>\n\n\n\n<p class=\"wp-block-paragraph\">Balean a dos hombres frente al pante\u00f3n de Colima. No hubo detenidos.<\/p>\n\n\n\n<p class=\"wp-block-paragraph\">Ayer por la noche, sicarios asesinaron a una mujer y luego huyeron. Los hechos ocurrieron en La Villa, colonia Real Hacienda, sobre la calle Paseo de los Nogales.<\/p>\n\n\n\n<p class=\"wp-block-paragraph\">Esta tarde reportaron la ejecuci\u00f3n de una mujer en la colonia L\u00e1zaro C\u00e1rdenas, al oriente de la ciudad de Colima. No hubo detenidos.<\/p>\n\n\n\n<p class=\"wp-block-paragraph\">Los ciudadanos en Colima tenemos bien conocidas estas historias, solo tiene algunas variantes: matan, roban, queman, destruyen, lesionan y huyen con rumbo desconocido. De los malandros nadie sabe nada, nunca son llevados ante la justicia.<\/p>\n\n\n\n<p class=\"wp-block-paragraph\">En s\u00edntesis, los miembros del crimen organizado llegan, asesinan y huyen con rumbo desconocido impunemente.<\/p>\n\n\n\n<p class=\"wp-block-paragraph\">Indira Vizca\u00edno dice que gobierna con amor, a diferencia de sus antecesores. Yo dir\u00eda que gobierna con demasiado amor.<\/p>\n\n\n\n<p class=\"wp-block-paragraph\">Cu\u00e1nto amor le ha hecho llegar el gobierno a todos los familiares de cada una de las personas asesinadas y cuyos asesinatos han quedado impunes. No lo s\u00e9.<\/p>\n\n\n\n<p class=\"wp-block-paragraph\">En Manzanillo Indira estaba dando amor en un mitin y en Colima fue asesinado Alejandro \u201cC\u201d, un empresario muy estimado por la sociedad colimense; sin embargo, el gobierno que, dice dar amor, fue incapaz de evitar su asesinato, cosa muy compleja, por cierto, pero lo peor es que hasta ahora su asesinato ha quedado impune porque el gobierno del estado ha sido incapaz de instrumentar estrategias para darles seguridad a sus habitantes.<\/p>\n\n\n\n<p class=\"wp-block-paragraph\">Hace muchos a\u00f1os los colimenses sal\u00edamos a barrer el frente de nuestros domicilios y mirar como hab\u00edan amanecido los volcanes, esos tiempos paradisiacos no volver\u00e1n porque las ciudades cambian, pero tambi\u00e9n es cierto que estos dos \u00faltimos sexenios no han hecho nada por brindar a sus ciudadanos seguridad, eso es terriblemente grave.<\/p>\n\n\n\n<p class=\"wp-block-paragraph\">Pronto se ir\u00e1n estos bribones del gobierno del estado y Colima recuperar\u00e1 su tranquilidad que estos gobernantes no est\u00e1n interesados en brindar.<\/p>\n\n\n\n<p class=\"wp-block-paragraph\">Los cad\u00e1veres en las banquetas hoy son normales, alg\u00fan d\u00eda los podremos evitar. Hoy son tiempos de gobiernos canallas.<\/p>\n\n\n\n<p class=\"wp-block-paragraph\">La sociedad pol\u00edtica y el crimen organizado mandan, la pregunta pertinente es \u00bfHasta cu\u00e1ndo? El domingo detuvieron al <em>Chaparrito<\/em> hoy, seguramente, hay un nuevo jefe, el crimen organizado sigue intacto.<\/p>\n<div class=\"fb-background-color\">\n\t\t\t  <div \n\t\t\t  \tclass = \"fb-comments\" \n\t\t\t  \tdata-href = \"https:\/\/diarioavanzada.com.mx\/?p=60229\"\n\t\t\t  \tdata-numposts = \"10\"\n\t\t\t  \tdata-lazy = \"true\"\n\t\t\t\tdata-colorscheme = \"light\"\n\t\t\t\tdata-order-by = \"social\"\n\t\t\t\tdata-mobile=true>\n\t\t\t  <\/div><\/div>\n\t\t  <style>\n\t\t    .fb-background-color {\n\t\t\t\tbackground:  !important;\n\t\t\t}\n\t\t\t.fb_iframe_widget_fluid_desktop iframe {\n\t\t\t    width: 100% !important;\n\t\t\t}\n\t\t  <\/style>\n\t\t  ","protected":false},"excerpt":{"rendered":"<p>Columna El Puercoesp\u00edn Desde hace 20 a\u00f1os la seguridad se empez\u00f3 a deteriorar y los \u00faltimos dos sexenios gubernamentales en lugar de buscar contener la violencia e instaurar la concordia lo \u00fanico que han hecho es esgrimir excusas para justificar su indolencia, su ineptitud y su franca incapacidad para combatir al crimen organizado. De acuerdo [&hellip;]<\/p>\n","protected":false},"author":9,"featured_media":60231,"comment_status":"closed","ping_status":"closed","sticky":false,"template":"","format":"standard","meta":{"_coblocks_attr":"","_coblocks_dimensions":"","_coblocks_responsive_height":"","_coblocks_accordion_ie_support":"","advanced_seo_description":"","jetpack_seo_html_title":"","jetpack_seo_noindex":false,"jetpack_seo_schema_type":"","_jetpack_newsletter_access":"","_jetpack_dont_email_post_to_subs":false,"_jetpack_newsletter_tier_id":0,"_jetpack_memberships_contains_paywalled_content":false,"_wpcom_ai_launchpad_first_post":false,"_jetpack_feature_clip_id":0,"_jetpack_memberships_contains_paid_content":false,"footnotes":"","jetpack_post_was_ever_published":false},"categories":[19,209,24],"tags":[220,210],"class_list":["post-60229","post","type-post","status-publish","format-standard","has-post-thumbnail","hentry","category-colima","category-importantes","category-opinion","tag-opinion","tag-portada"],"jetpack-related-posts":[],"jetpack_sharing_enabled":true,"amp_enabled":true,"jetpack_featured_media_url":"https:\/\/diarioavanzada.com.mx\/wp-content\/uploads\/2024\/08\/aaa-13.jpg","_links":{"self":[{"href":"https:\/\/diarioavanzada.com.mx\/index.php?rest_route=\/wp\/v2\/posts\/60229","targetHints":{"allow":["GET"]}}],"collection":[{"href":"https:\/\/diarioavanzada.com.mx\/index.php?rest_route=\/wp\/v2\/posts"}],"about":[{"href":"https:\/\/diarioavanzada.com.mx\/index.php?rest_route=\/wp\/v2\/types\/post"}],"author":[{"embeddable":true,"href":"https:\/\/diarioavanzada.com.mx\/index.php?rest_route=\/wp\/v2\/users\/9"}],"replies":[{"embeddable":true,"href":"https:\/\/diarioavanzada.com.mx\/index.php?rest_route=%2Fwp%2Fv2%2Fcomments&post=60229"}],"version-history":[{"count":2,"href":"https:\/\/diarioavanzada.com.mx\/index.php?rest_route=\/wp\/v2\/posts\/60229\/revisions"}],"predecessor-version":[{"id":60232,"href":"https:\/\/diarioavanzada.com.mx\/index.php?rest_route=\/wp\/v2\/posts\/60229\/revisions\/60232"}],"wp:featuredmedia":[{"embeddable":true,"href":"https:\/\/diarioavanzada.com.mx\/index.php?rest_route=\/wp\/v2\/media\/60231"}],"wp:attachment":[{"href":"https:\/\/diarioavanzada.com.mx\/index.php?rest_route=%2Fwp%2Fv2%2Fmedia&parent=60229"}],"wp:term":[{"taxonomy":"category","embeddable":true,"href":"https:\/\/diarioavanzada.com.mx\/index.php?rest_route=%2Fwp%2Fv2%2Fcategories&post=60229"},{"taxonomy":"post_tag","embeddable":true,"href":"https:\/\/diarioavanzada.com.mx\/index.php?rest_route=%2Fwp%2Fv2%2Ftags&post=60229"}],"curies":[{"name":"wp","href":"https:\/\/api.w.org\/{rel}","templated":true}]}}