{"id":60179,"date":"2024-08-19T08:25:54","date_gmt":"2024-08-19T14:25:54","guid":{"rendered":"https:\/\/diarioavanzada.com.mx\/?p=60179"},"modified":"2024-08-19T08:25:54","modified_gmt":"2024-08-19T14:25:54","slug":"premio-a-la-empatia-y-los-gritos-donde-esta-griselda","status":"publish","type":"post","link":"https:\/\/diarioavanzada.com.mx\/?p=60179","title":{"rendered":"Premio a la empat\u00eda&nbsp;y los gritos \u00a1\u00bfD\u00f3nde est\u00e1 Griselda?!"},"content":{"rendered":"\n<p class=\"wp-block-paragraph\">Columna<\/p>\n\n\n\n<p class=\"wp-block-paragraph\">El Puercoesp\u00edn&nbsp;<\/p>\n\n\n\n<p class=\"s4 wp-block-paragraph\">De manera emp\u00e1tica<\/p>\n\n\n\n<p class=\"s4 wp-block-paragraph\">La empat\u00eda se define como la&nbsp;capacidad de identificarse con alguien y compartir sus sentimientos.&nbsp;La titular del ejecutivo local dice que gobierna con empat\u00eda, no como antes; y de acuerdo con su concepto de empat\u00eda, todo debe de cambiar,&nbsp;el&nbsp;8 de&nbsp;Marzo&nbsp;debe convertirse, en Colima,&nbsp;el d\u00eda de la empat\u00eda, seg\u00fan Indira, la gobernadora que gobierna con empat\u00eda a sus gobernados y gobernadas,&nbsp;gracias a los gases lanzados a la mujeres desde el Palacio de Gobierno,&nbsp;cosa que fue un apote\u00f3sico acto emp\u00e1tico, digno de ser conmemorado en el futuro.<\/p>\n\n\n\n<p class=\"s4 wp-block-paragraph\">Seg\u00fan Indira, gobernar con empat\u00eda es algo muy distinto a lo que la costumbre y las reglas actuales dictan, para&nbsp;ella la&nbsp;empat\u00eda es, por ejemplo, rociar con gas lacrim\u00f3geno a&nbsp;los milesde&nbsp;mujeres&nbsp;y&nbsp;adultos mayores que se manifestaron el 8 de marzo frente al palacio de Gobierno. Ella personalmente&nbsp;desde el centro log\u00edstico denominado C5i dirigi\u00f3 la operaci\u00f3n represiva para que las mujeres insumisas recibieran una buena dosis de empat\u00eda.<\/p>\n\n\n\n<p class=\"s4 wp-block-paragraph\">Actualmente una placa da testimonio del acto supremo de empat\u00eda ejercido por una gobernadora muy emp\u00e1tica con su gobernadas, en este caso espec\u00edfico.&nbsp;<\/p>\n\n\n\n<p class=\"s4 wp-block-paragraph\">La gobernadora no podr\u00e1 quejarse de que los ciudadanos le han reconocido su suprema obra emp\u00e1tica. Una placa fue puesta en el lugar de los hechos para conmemorar su enorme gesto emp\u00e1tico para con las causas de las mujeres. Su acto represivo acredit\u00f3&nbsp;su acto emp\u00e1tico y la placa dar\u00e1 cuenta de ello a las futuras generaciones.&nbsp;<\/p>\n\n\n\n<p class=\"s4 wp-block-paragraph\">Sus actos emp\u00e1ticos son conmovedores. Sus partidarios le aplauden sus emp\u00e1ticos actos para motivarla a seguir por ese hermoso camino de amor emp\u00e1tico.&nbsp;<\/p>\n\n\n\n<p class=\"s4 wp-block-paragraph\">De manera austera<\/p>\n\n\n\n<p class=\"s4 wp-block-paragraph\">La austeridad seg\u00fan Indira est\u00e1 fuera de serie. Sucede que la austeridad para ella es gastar todo lo que se pueda -ella y&nbsp;su mafia&nbsp;de amiguis-, siempre y cuando el dinero no sea de ella, sino del gobierno, de los contribuyentes.<\/p>\n\n\n\n<p class=\"s4 wp-block-paragraph\">Resulta que la Secretar\u00eda del Bienestar local solo aument\u00f3 su presupuesto, en este a\u00f1o, un 0.3%; sin embargo, la Oficina de la Gubernatura (donde todo lo que&nbsp;se egresa son gastos de la gobernadora) en el 2023 se gastaron 110 millones 289 pesos y en el 2024 se gastar\u00e1n en total 117 millones 689 pesos, lo anterior significa que,&nbsp;en el 2023 se gast\u00f3 la gobernadora diario en sus servicio y eventos 302 mil 410 pesos con 95 centavos diarios, en el 2024 se est\u00e1n gastando 322 mil 161 pesos con 64 centavos diarios.<\/p>\n\n\n\n<p class=\"s4 wp-block-paragraph\">No cabe duda&nbsp;de&nbsp;que san Francisco de&nbsp;As\u00eds&nbsp;se queda pendejo ante tanta austeridad&nbsp;y frente a ella&nbsp;el humilde santo&nbsp;es un derrochador.&nbsp;&nbsp;&nbsp;<\/p>\n\n\n\n<p class=\"s4 wp-block-paragraph\">En contraste el programa social dedicado a dar dinero en efectivo a los ni\u00f1os de primaria apenas si le da 6 pesos con 66 centavos al d\u00eda, ni para un pasaje de la ruta les ajusta.<\/p>\n\n\n\n<p class=\"s4 wp-block-paragraph\">El concepto de austeridad de Indira es muy sui generis.&nbsp;<\/p>\n\n\n\n<p class=\"s4 wp-block-paragraph\">De la franqueza y la comunicaci\u00f3n constante<\/p>\n\n\n\n<p class=\"s4 wp-block-paragraph\">Las conferencias de prensa que ha dictado lo \u00fanico destacable es el enorme control que tienen de ellas&nbsp;y solo contesta lo que quiere,&nbsp;si es que est\u00e1 de&nbsp;buen&nbsp;humor ese d\u00eda,y a los reporteros que se atreven a cuestionarla los etiquetan como indeseables.&nbsp;<\/p>\n\n\n\n<p class=\"s4 wp-block-paragraph\">Los muertos, los cr\u00edmenes de alto impacto ya desaparecieron de las paginas de los diarios. Se les oculta baja el esquema de lo que no se nombra no existe.<\/p>\n\n\n\n<p class=\"s4 wp-block-paragraph\">Las redes sociales siguen&nbsp;informando afortunadamente.&nbsp;La censura es su divisa.<\/p>\n\n\n\n<p class=\"s4 wp-block-paragraph\">Del amor y otros demonios&nbsp;<\/p>\n\n\n\n<p class=\"s4 wp-block-paragraph\">En d\u00edas pasados estuvieron en Manzanillo el presidente y la presidenta electa de M\u00e9xico para inaugurar el acueducto Armer\u00eda-Manzanillo que dotar\u00e1 de agua potable a Manzanillo por aproximadamente 50 a\u00f1os.<\/p>\n\n\n\n<p class=\"s4 wp-block-paragraph\">El acueducto,&nbsp;el&nbsp;hijo de la terquedad. Gracias a la terquedad de la presidenta municipal de Manzanillo,&nbsp;Griselda Mart\u00ednez&nbsp;Mart\u00ednez,&nbsp;se pudo construir el acueducto a pesar de lasresistencias&nbsp;del entonces gobernador Nacho Peralta y&nbsp;del mismo presidente&nbsp;Amlo.&nbsp;<\/p>\n\n\n\n<p class=\"s4 wp-block-paragraph\">La presidenta municipal de Armer\u00eda no movi\u00f3 un dedo para gestionarlo, la&nbsp;actual&nbsp;gobernadora ni por error contribuy\u00f3 a su gesti\u00f3n, incluso intent\u00f3 sabotearlo; sin embargo, el d\u00eda 16 de agosto sin ning\u00fan pudor la gobernadora fue inaugurar el acueducto, no hace nada para hacer obras,&nbsp;pero eso s\u00ed,&nbsp;se aprovecha del trabajo de otros, en este caso de las gestiones de la presidenta municipal de Manzanillo.<\/p>\n\n\n\n<p class=\"s4 wp-block-paragraph\">El presidente sab\u00eda qui\u00e9n presion\u00f3 y gestion\u00f3 para dotar de agua a Manzanillo,&nbsp;sin embargo,&nbsp;vino a Colima a hacer politiquer\u00eda, inaugur\u00f3 el acueducto sin haber invitado a la principal promotora, Griselda Mart\u00ednez.&nbsp;<\/p>\n\n\n\n<p class=\"s4 wp-block-paragraph\">Claudia Sheinbaum se hizo la occisa y solo atin\u00f3 a insultar a lo colimenses al decir que tenemos una gran gobernadora, textualmente dijo \u201cVamos a seguir apoyando a la mejor gobernadora que ha tenido Colima, una joven brillante\u201d, &#8211; \u00bfde cu\u00e1l fumaria la presidenta electa? -.&nbsp;Deber\u00eda de llev\u00e1rsela a su gabinete&nbsp;para&nbsp;que&nbsp;supiera&nbsp;de qui\u00e9n est\u00e1 hablando.&nbsp;<\/p>\n\n\n\n<p class=\"s4 wp-block-paragraph\">Sin embargo, y pese a la politiquer\u00eda que el presidente dice odiar, pero pr\u00e1ctica con descaro,&nbsp;la persona&nbsp;de Griselda&nbsp;Mart\u00ednez&nbsp;se hizo&nbsp;presente a trav\u00e9s de los&nbsp;cientos de&nbsp;voces de los&nbsp;integrantes del&nbsp;p\u00fablico&nbsp;quienes corearon&nbsp;el nombre de Griselda Mart\u00ednez,&nbsp;por lo injusto de su ausencia. Cuando tom\u00f3 la palabra el secretario de la Marina Armada de M\u00e9xico se escucharon&nbsp;los entusiastas&nbsp;reclamos del p\u00fablico gritando \u00a1\u00bfD\u00f3nde est\u00e1 Griselda?! \u00a1\u00bfD\u00f3nde est\u00e1 Griselda?! \u00a1\u00bfD\u00f3nde est\u00e1 Griselda?! Lo mismo ocurri\u00f3 cuando tom\u00f3 la palabra la gobernadora.<\/p>\n\n\n\n<p class=\"s4 wp-block-paragraph\">La usencia de Griselda&nbsp;gravit\u00f3 en el evento&nbsp;por derecho propio.&nbsp;<\/p>\n\n\n\n<p class=\"s4 wp-block-paragraph\">Cada vez que la gente abra el grifo del agua sabr\u00e1n quien llev\u00f3 el agua a&nbsp;sus casas, las fotograf\u00edas y discursos demag\u00f3gicos y politiqueros de los impostores pol\u00edticos&nbsp;que inauguraron formalmente el acueducto Armer\u00eda-Manzanillocaer\u00e1n en los botes de la basura.<\/p>\n\n\n\n<p class=\"s4 wp-block-paragraph\">El agua, gestionada por Griselda Mart\u00ednez y Martha Zepeda,&nbsp;llenar\u00e1 las cubetas, tinacos y cisternas; los discursos de Indira, las fotos y videos ser\u00e1n materia de los botes de basura. &nbsp;<\/p>\n\n\n\n<p class=\"s4 wp-block-paragraph\">&nbsp;<\/p>\n<div class=\"fb-background-color\">\n\t\t\t  <div \n\t\t\t  \tclass = \"fb-comments\" \n\t\t\t  \tdata-href = \"https:\/\/diarioavanzada.com.mx\/?p=60179\"\n\t\t\t  \tdata-numposts = \"10\"\n\t\t\t  \tdata-lazy = \"true\"\n\t\t\t\tdata-colorscheme = \"light\"\n\t\t\t\tdata-order-by = \"social\"\n\t\t\t\tdata-mobile=true>\n\t\t\t  <\/div><\/div>\n\t\t  <style>\n\t\t    .fb-background-color {\n\t\t\t\tbackground:  !important;\n\t\t\t}\n\t\t\t.fb_iframe_widget_fluid_desktop iframe {\n\t\t\t    width: 100% !important;\n\t\t\t}\n\t\t  <\/style>\n\t\t  ","protected":false},"excerpt":{"rendered":"<p>Columna El Puercoesp\u00edn&nbsp; De manera emp\u00e1tica La empat\u00eda se define como la&nbsp;capacidad de identificarse con alguien y compartir sus sentimientos.&nbsp;La titular del ejecutivo local dice que gobierna con empat\u00eda, no como antes; y de acuerdo con su concepto de empat\u00eda, todo debe de cambiar,&nbsp;el&nbsp;8 de&nbsp;Marzo&nbsp;debe convertirse, en Colima,&nbsp;el d\u00eda de la empat\u00eda, seg\u00fan Indira, la [&hellip;]<\/p>\n","protected":false},"author":9,"featured_media":60178,"comment_status":"closed","ping_status":"closed","sticky":false,"template":"","format":"standard","meta":{"_coblocks_attr":"","_coblocks_dimensions":"","_coblocks_responsive_height":"","_coblocks_accordion_ie_support":"","advanced_seo_description":"","jetpack_seo_html_title":"","jetpack_seo_noindex":false,"jetpack_seo_schema_type":"","_jetpack_newsletter_access":"","_jetpack_dont_email_post_to_subs":false,"_jetpack_newsletter_tier_id":0,"_jetpack_memberships_contains_paywalled_content":false,"_wpcom_ai_launchpad_first_post":false,"_jetpack_feature_clip_id":0,"_jetpack_memberships_contains_paid_content":false,"footnotes":"","jetpack_post_was_ever_published":false},"categories":[19,209,24],"tags":[],"class_list":["post-60179","post","type-post","status-publish","format-standard","has-post-thumbnail","hentry","category-colima","category-importantes","category-opinion"],"jetpack-related-posts":[],"jetpack_sharing_enabled":true,"amp_enabled":true,"jetpack_featured_media_url":"https:\/\/diarioavanzada.com.mx\/wp-content\/uploads\/2024\/08\/img_2637-1.jpg","_links":{"self":[{"href":"https:\/\/diarioavanzada.com.mx\/index.php?rest_route=\/wp\/v2\/posts\/60179","targetHints":{"allow":["GET"]}}],"collection":[{"href":"https:\/\/diarioavanzada.com.mx\/index.php?rest_route=\/wp\/v2\/posts"}],"about":[{"href":"https:\/\/diarioavanzada.com.mx\/index.php?rest_route=\/wp\/v2\/types\/post"}],"author":[{"embeddable":true,"href":"https:\/\/diarioavanzada.com.mx\/index.php?rest_route=\/wp\/v2\/users\/9"}],"replies":[{"embeddable":true,"href":"https:\/\/diarioavanzada.com.mx\/index.php?rest_route=%2Fwp%2Fv2%2Fcomments&post=60179"}],"version-history":[{"count":0,"href":"https:\/\/diarioavanzada.com.mx\/index.php?rest_route=\/wp\/v2\/posts\/60179\/revisions"}],"wp:featuredmedia":[{"embeddable":true,"href":"https:\/\/diarioavanzada.com.mx\/index.php?rest_route=\/wp\/v2\/media\/60178"}],"wp:attachment":[{"href":"https:\/\/diarioavanzada.com.mx\/index.php?rest_route=%2Fwp%2Fv2%2Fmedia&parent=60179"}],"wp:term":[{"taxonomy":"category","embeddable":true,"href":"https:\/\/diarioavanzada.com.mx\/index.php?rest_route=%2Fwp%2Fv2%2Fcategories&post=60179"},{"taxonomy":"post_tag","embeddable":true,"href":"https:\/\/diarioavanzada.com.mx\/index.php?rest_route=%2Fwp%2Fv2%2Ftags&post=60179"}],"curies":[{"name":"wp","href":"https:\/\/api.w.org\/{rel}","templated":true}]}}