{"id":60172,"date":"2024-08-16T14:21:33","date_gmt":"2024-08-16T20:21:33","guid":{"rendered":"https:\/\/diarioavanzada.com.mx\/?p=60172"},"modified":"2024-08-16T14:21:33","modified_gmt":"2024-08-16T20:21:33","slug":"inopinadamente-el-gobierno-de-colima-celebra-su-fracaso","status":"publish","type":"post","link":"https:\/\/diarioavanzada.com.mx\/?p=60172","title":{"rendered":"Inopinadamente el gobierno de Colima celebra su fracaso"},"content":{"rendered":"\n<p class=\"wp-block-paragraph\">Columna<\/p>\n\n\n\n<p class=\"wp-block-paragraph\">El Puercoesp\u00edn&nbsp;<\/p>\n\n\n\n<p class=\"s5 wp-block-paragraph\">En Colima,&nbsp;ya no hay asombro,&nbsp;solo se est\u00e1 documentando el desastre gubernamental. Ahora son los empresarios quienes han medido las condiciones&nbsp;para invertir en&nbsp;Colima.&nbsp;En cuanto a seguridad, el 50 % de las empresas afiliados a la Coparmex&nbsp;el cobro de piso y la extorsi\u00f3n son los delitos m\u00e1s denunciados.<\/p>\n\n\n\n<p class=\"s5 wp-block-paragraph\">El gobierno en lugar de reaccionar y corregir el rumbo a optado por rendirse y realizar antipropaganda contra ellos mismos.&nbsp;<\/p>\n\n\n\n<p class=\"s5 wp-block-paragraph\">Han reciclado sus cr\u00edticas a Ignacio Peralta S\u00e1nchez al que califican como el mayor&nbsp;endeudador&nbsp;del estado de Colima y son incapaces de ver que ellos est\u00e1n siguiendo los pasos de Nacho.<\/p>\n\n\n\n<p class=\"s5 wp-block-paragraph\">Eduardo S\u00e1nchez Garc\u00eda, presidente de Coparmex en Colima, inform\u00f3 que el 51.3 por ciento de las empresas fueron v\u00edctimas de distintos delitos, principalmente los patrimoniales. La medici\u00f3n Data Coparmex, realizada entre el 3 de abril y el 4 de julio de 2024, incluy\u00f3 a 3 mil 519 empresas de 71 centros empresariales a nivel nacional. Los datos revelan que los delitos m\u00e1s comunes en Colima son el robo de mercanc\u00eda en tr\u00e1nsito con un 25%, la extorsi\u00f3n o cobro de piso en un 16 %, y el robo de veh\u00edculos empresariales en 15%.<\/p>\n\n\n\n<p class=\"s5 wp-block-paragraph\">En cuanto a la extorsi\u00f3n, uno de los delitos m\u00e1s graves que afecta al sector, S\u00e1nchez Garc\u00eda detall\u00f3 que el 67 por ciento de las extorsiones fueron telef\u00f3nicas, mientras que el 33 por ciento correspondi\u00f3 al cobro de piso. Ante esta situaci\u00f3n,&nbsp;Coparmex hizo&nbsp;un llamado a las empresas para que presenten las denuncias correspondientes, con el objetivo de que las autoridades puedan investigar y sancionar a los responsables, aunque bien saben que la impunidad es portentosa.&nbsp;<\/p>\n\n\n\n<p class=\"s5 wp-block-paragraph\">Seg\u00fan Data Coparmex, la confianza empresarial para invertir&nbsp;disminuy\u00f3 en&nbsp;un 13.9 por ciento en comparaci\u00f3n con el a\u00f1o anterior, con solo el 39.6 por ciento de los socios considerando que es un buen momento para hacerlo. Esta cifra est\u00e1 por debajo de la media nacional, lo que refleja un deterioro en el clima de negocios en la entidad.<\/p>\n\n\n\n<p class=\"s5 wp-block-paragraph\">Los empresarios tambi\u00e9n manifestaron su descontento con la gesti\u00f3n del gobierno estatal, otorg\u00e1ndole una calificaci\u00f3n reprobatoria. Solo el 10.4 por ciento de los miembros de Coparmex considera que el gobierno de Colima est\u00e1 cumpliendo con sus responsabilidades, una cifra alarmante que coloca a la entidad como el tercer estado peor calificado en esta materia. Las principales quejas se centran en la falta de seguridad en un 26 %, el combate insuficiente a la&nbsp;corrupci\u00f3n 18&nbsp;% y la falta de desarrollo en infraestructura y servicios p\u00fablicos 15 %.<\/p>\n\n\n\n<p class=\"s6 wp-block-paragraph\">El gobierno de Colima de Colima ha optado por crear su propia antipropaganda publicitando y reciclando los argumentos contra el gobierno de Nacho Peralta, su enemigo favorito, como si exhibiendo a Nacho las cosas fueran a cambiar por arte de magia. Sienten la&nbsp;cr\u00edtica y se\u00f1alamientos a su desempe\u00f1o y voltean&nbsp;hacia&nbsp;al pasado para denunciar lo ya denunciado de&nbsp;los malos manejos&nbsp;de Nacho. Son incapaces de ejercer un m\u00ednimo de autocr\u00edtica a su p\u00e9simo desempe\u00f1o. Ya no hay futuro ni esperanza: el gobierno de Nacho fue malo -todos lo sabemos &#8211; y el&nbsp;de&nbsp;Indira est\u00e1 resultando p\u00e9simo y los mismos de Morena lo publicitan.&nbsp;Dicho sea de paso, ni Nacho ni ning\u00fan miembro de su gobierno est\u00e1 bajo proceso penal, todo lo contario, est\u00e1n siendo protegidos por el actual gobierno.&nbsp;<\/p>\n\n\n\n<p class=\"s6 wp-block-paragraph\">Adem\u00e1s, lanzan cohetes y vivas a los \u00edndices de desempe\u00f1o del gobierno morenista emitidos por la encuestadora Mitofsky donde se consigan la subida de cuatro puntos de aprobaci\u00f3n del gobierno estatal colimense, sin observar que la calificaci\u00f3n sigue siendo reprobatoria, pero ellos lo celebran como si se tratara de algo positivo. Es como si un equipo de futbol celebrara los goles anotados por el equipo contrario.<\/p>\n\n\n\n<p class=\"s6 wp-block-paragraph\">El gobierno del estado y su partido celebran su mediocridad&nbsp;produciendo&nbsp;autoantipropaganda.<\/p>\n\n\n\n<p class=\"s6 wp-block-paragraph\">En ese mismo esquema cae la reciente publicaci\u00f3n de una foto donde aparece Torrero y la&nbsp;gobernadora recibiendo instrucciones de Zo\u00e9 Robledo Aburto. Es el colmo de su actitud anticlim\u00e1tica.&nbsp;<\/p>\n\n\n\n<p class=\"s6 wp-block-paragraph\">Es tan grande su falta de proyectos que,&nbsp;en&nbsp;esa foto,&nbsp;se publicita el que un miembro del gabinete ampliado,&nbsp;como lo es el director del IMSS,&nbsp;aparece en forma&nbsp;expl\u00edcita&nbsp;d\u00e1ndole instrucciones a una gobernadora como si se tratara de una empleada m\u00e1s del gobern\u00f3 federal,&nbsp;y&nbsp;lo peor, es que gobierno del estado los difunde en sus redes. Ni sus m\u00e1s grandes enemigos pol\u00edticos se hubieran atrevido a tanto.&nbsp;<\/p>\n\n\n\n<p class=\"s6 wp-block-paragraph\">Los mejores creativos de la propaganda contra el gobierno de Indira son ellos mismos. &nbsp;<\/p>\n\n\n\n<p class=\"s6 wp-block-paragraph\">El gobierno del estado sin ning\u00fan pudor acepta, por la vida de sus dichos y hechos, su reprobaci\u00f3n por el pueblo de Colima, las c\u00e1maras empresariales&nbsp;y su sometimiento incondicional a las \u00f3rdenes del actual gobierno federal y del que viene.<\/p>\n\n\n\n<p class=\"s6 wp-block-paragraph\">En concreto,&nbsp;el gobierno de Colima est\u00e1 emitiendo una declaratoria de rendici\u00f3n, no puede m\u00e1s. Desde su inicio se vio que no pod\u00eda: hoy lo estamos documentando, no pudo con el paquete.<\/p>\n\n\n\n<p class=\"s6 wp-block-paragraph\">Los tiempos se les&nbsp;agotaron:&nbsp;fracasaron. Inopinadamente lo celebran p\u00fablicamente con bombo y platillo. En Colima, el gobierno del estado es todo un caso psiqui\u00e1trico.<\/p>\n<div class=\"fb-background-color\">\n\t\t\t  <div \n\t\t\t  \tclass = \"fb-comments\" \n\t\t\t  \tdata-href = \"https:\/\/diarioavanzada.com.mx\/?p=60172\"\n\t\t\t  \tdata-numposts = \"10\"\n\t\t\t  \tdata-lazy = \"true\"\n\t\t\t\tdata-colorscheme = \"light\"\n\t\t\t\tdata-order-by = \"social\"\n\t\t\t\tdata-mobile=true>\n\t\t\t  <\/div><\/div>\n\t\t  <style>\n\t\t    .fb-background-color {\n\t\t\t\tbackground:  !important;\n\t\t\t}\n\t\t\t.fb_iframe_widget_fluid_desktop iframe {\n\t\t\t    width: 100% !important;\n\t\t\t}\n\t\t  <\/style>\n\t\t  ","protected":false},"excerpt":{"rendered":"<p>Columna El Puercoesp\u00edn&nbsp; En Colima,&nbsp;ya no hay asombro,&nbsp;solo se est\u00e1 documentando el desastre gubernamental. Ahora son los empresarios quienes han medido las condiciones&nbsp;para invertir en&nbsp;Colima.&nbsp;En cuanto a seguridad, el 50 % de las empresas afiliados a la Coparmex&nbsp;el cobro de piso y la extorsi\u00f3n son los delitos m\u00e1s denunciados. El gobierno en lugar de reaccionar [&hellip;]<\/p>\n","protected":false},"author":9,"featured_media":60171,"comment_status":"closed","ping_status":"closed","sticky":false,"template":"","format":"standard","meta":{"_coblocks_attr":"","_coblocks_dimensions":"","_coblocks_responsive_height":"","_coblocks_accordion_ie_support":"","advanced_seo_description":"","jetpack_seo_html_title":"","jetpack_seo_noindex":false,"jetpack_seo_schema_type":"","_jetpack_newsletter_access":"","_jetpack_dont_email_post_to_subs":false,"_jetpack_newsletter_tier_id":0,"_jetpack_memberships_contains_paywalled_content":false,"_wpcom_ai_launchpad_first_post":false,"_jetpack_feature_clip_id":0,"_jetpack_memberships_contains_paid_content":false,"footnotes":"","jetpack_post_was_ever_published":false},"categories":[19,209,24],"tags":[],"class_list":["post-60172","post","type-post","status-publish","format-standard","has-post-thumbnail","hentry","category-colima","category-importantes","category-opinion"],"jetpack-related-posts":[],"jetpack_sharing_enabled":true,"amp_enabled":true,"jetpack_featured_media_url":"https:\/\/diarioavanzada.com.mx\/wp-content\/uploads\/2024\/08\/img_2624-1.jpg","_links":{"self":[{"href":"https:\/\/diarioavanzada.com.mx\/index.php?rest_route=\/wp\/v2\/posts\/60172","targetHints":{"allow":["GET"]}}],"collection":[{"href":"https:\/\/diarioavanzada.com.mx\/index.php?rest_route=\/wp\/v2\/posts"}],"about":[{"href":"https:\/\/diarioavanzada.com.mx\/index.php?rest_route=\/wp\/v2\/types\/post"}],"author":[{"embeddable":true,"href":"https:\/\/diarioavanzada.com.mx\/index.php?rest_route=\/wp\/v2\/users\/9"}],"replies":[{"embeddable":true,"href":"https:\/\/diarioavanzada.com.mx\/index.php?rest_route=%2Fwp%2Fv2%2Fcomments&post=60172"}],"version-history":[{"count":0,"href":"https:\/\/diarioavanzada.com.mx\/index.php?rest_route=\/wp\/v2\/posts\/60172\/revisions"}],"wp:featuredmedia":[{"embeddable":true,"href":"https:\/\/diarioavanzada.com.mx\/index.php?rest_route=\/wp\/v2\/media\/60171"}],"wp:attachment":[{"href":"https:\/\/diarioavanzada.com.mx\/index.php?rest_route=%2Fwp%2Fv2%2Fmedia&parent=60172"}],"wp:term":[{"taxonomy":"category","embeddable":true,"href":"https:\/\/diarioavanzada.com.mx\/index.php?rest_route=%2Fwp%2Fv2%2Fcategories&post=60172"},{"taxonomy":"post_tag","embeddable":true,"href":"https:\/\/diarioavanzada.com.mx\/index.php?rest_route=%2Fwp%2Fv2%2Ftags&post=60172"}],"curies":[{"name":"wp","href":"https:\/\/api.w.org\/{rel}","templated":true}]}}