{"id":59056,"date":"2024-07-01T06:40:43","date_gmt":"2024-07-01T12:40:43","guid":{"rendered":"https:\/\/diarioavanzada.com.mx\/?p=59056"},"modified":"2024-07-01T06:40:43","modified_gmt":"2024-07-01T12:40:43","slug":"asilo-san-gabriel","status":"publish","type":"post","link":"https:\/\/diarioavanzada.com.mx\/?p=59056","title":{"rendered":"Asilo San Gabriel"},"content":{"rendered":"\n<p class=\"wp-block-paragraph\">Columna<\/p>\n\n\n\n<p class=\"wp-block-paragraph\">El Puercoesp\u00edn<\/p>\n\n\n\n<p class=\"wp-block-paragraph\">Gabriel significa \u201cDios es mi fuerza\u201d, el arc\u00e1ngel Gabriel es el encargado de tocar la trompeta que anuncia llegada del Se\u00f1or a la tierra; seg\u00fan la Biblia, a la virgen Mar\u00eda se le apareci\u00f3 para anunciarle la llegada de Jes\u00fas.<\/p>\n\n\n\n<p class=\"wp-block-paragraph\">Por eso el arc\u00e1ngel Gabriel inspira a artistas, cantantes, poetas, escritores y bailarines, les ayuda a comunicarse a nivel espiritual para recuperar la inspiraci\u00f3n, la inocencia, pureza y alegr\u00eda de vivir. A mano del arc\u00e1ngel Gabriel se produce un despertar de las almas a nivel espiritual. Si eres un artista, periodista o m\u00fasico te puede ayudar a transmitir mensajes espirituales, te ayuda a superar el miedo y la falta de decisi\u00f3n en la vida. Se le conoce como el<strong>&nbsp;Santo Patr\u00f3n de la Comunicaci\u00f3n.<\/strong><strong><\/strong><\/p>\n\n\n\n<p class=\"wp-block-paragraph\"><strong>Sin embargo, en Colima, el Asilo San Gabriel es el infierno<\/strong><strong>. Para los ancianos indigentes -los que est\u00e1n en riego y desamparo-, los que sufren de violencia intrafamiliar y son incapaces de valerse por s\u00ed mismos y son acogidos por la Fiscal\u00eda General del Estado de Colima y son canalizados al Asilo San Gabriel es el infierno, particularmente, el Asilo San Gabriel es el infierno en la tierra; en contraste, Vivir en la calle es la gloria.<\/strong><\/p>\n\n\n\n<p class=\"wp-block-paragraph\"><strong>Luc\u00eda \u201cN\u201d estaba muy golpeada, su cara estaba desfigurada por los golpes, una funda de su almohada estaba llena de sangre. As\u00ed la encontr\u00f3 su hija cuando fue de visita al asilo.<\/strong><\/p>\n\n\n\n<p class=\"wp-block-paragraph\"><strong>Su hija se quer\u00eda morir. Un dolor interno la conmovi\u00f3 hasta lo m\u00e1s hondo de su alma.<\/strong><\/p>\n\n\n\n<p class=\"wp-block-paragraph\"><strong>El Asilo San Gabriel es lo m\u00e1s cercano a un campo de concentraci\u00f3n, a una c\u00e1rcel, mas que a un asilo para adultos mayores que los pone a salvo del abuso.<\/strong><\/p>\n\n\n\n<p class=\"wp-block-paragraph\"><strong>All\u00ed habitan 36 adultos mayores, la mitad son financiados por sus familiares y la otra mitad por la Fiscal\u00eda del Estado de Colima y la Secretar\u00eda del Bienestar.<\/strong><\/p>\n\n\n\n<p class=\"wp-block-paragraph\"><strong>Todas las ma\u00f1anas solo se cocina carpeta y media de huevos para todos; adem\u00e1s se les dan una taza de canela. Y el huevo se lo comen porque se lo comen, porque si se reh\u00fasan son obligados a comer con una cuchara met\u00e1lica que, con violencia desmedida obligan a ingerir, m\u00e1s de una vez los ancianos han perdido alg\u00fan a pieza dental.<\/strong><\/p>\n\n\n\n<p class=\"wp-block-paragraph\"><strong>En la comida el men\u00fa son lentejas o soya o calabazas, muchas de las veces con gusanos.<\/strong><\/p>\n\n\n\n<p class=\"wp-block-paragraph\"><strong>En la cena se sirve avena, arroz, t\u00e9 y dos galletas; pan, solo los d\u00edas festivos.<\/strong><\/p>\n\n\n\n<p class=\"wp-block-paragraph\">En su actual sede, 10 ancianos han fallecido, casi un muerto por mes. Los fallecidos r\u00e1pidamente son sustituidos por nuevos inquilinos por la Fiscal\u00eda del Estado de Colima.<\/p>\n\n\n\n<p class=\"wp-block-paragraph\">Con harta frecuencia falta el servicio del agua, lo que agrava m\u00e1s la situaci\u00f3n, los sucios colchones est\u00e1n plagados de chinches.&nbsp;&nbsp;<\/p>\n\n\n\n<p class=\"wp-block-paragraph\">Los servicios sanitarios est\u00e1n deprimentes, sucios y nauseabundos.<\/p>\n\n\n\n<p class=\"wp-block-paragraph\">Al asilo se llega f\u00e1cil, con la esperanza de ser atendidos y tratados con decencia, decoro y sanidad, pero no, all\u00ed es pr\u00e1cticamente una sucursal del infierno. Un infierno insalubre, violento y denigrante de la persona humana. All\u00ed los adultos mayores son despojados de su dignidad.<\/p>\n\n\n\n<p class=\"wp-block-paragraph\">Existe un m\u00e9dico que visita eventualmente el asilo solo para diagnosticar algunas cosas \u201ca ojo de buen cubero\u201d. Nadie sabe de d\u00f3nde sale tante ansiol\u00edticos para hacerlos dormir.<\/p>\n\n\n\n<p class=\"wp-block-paragraph\">Las canalizaciones al asilo son de lo m\u00e1s informal. No existe ning\u00fan protocolo establecido y si lo hay no se aplica.<\/p>\n\n\n\n<p class=\"wp-block-paragraph\">Los ingresados no cuentan con una hoja cl\u00ednica que d\u00e9 cuenta del estado en que ingresan y, ya ingresados, no se elabora ning\u00fan expediente familiar ni m\u00e9dico. Carecen de historia cl\u00ednica.<\/p>\n\n\n\n<p class=\"wp-block-paragraph\">Carecen de un botiqu\u00edn que contenga los m\u00e1s elementales materiales de primeros auxilios. Ni siquiera existen extintores para un caso de emergencia.<\/p>\n\n\n\n<p class=\"wp-block-paragraph\">La Unidad de Protecci\u00f3n Civil del Estado de Colima no se aparece, no regula, no fiscaliza, no apoya no controla, no ayuda en nada. Al igual que la Secretar\u00eda del Trabajo, pues los trabajadores no cuentan ni con contratos ni las prestaciones que la ley les otorga. El Asilo San Gabriel es una verdadera tierra sin ley.<\/p>\n\n\n\n<p class=\"wp-block-paragraph\">La paradoja es que la Fiscal\u00eda del Estado de Colima la que debe procurar justicia es la m\u00e1s interesada en promover un espacio sin ley. La Fiscal\u00eda procura no procurar la aplicaci\u00f3n de la ley en defensa de los ancianos y los trabajadores en indefensi\u00f3n.<\/p>\n\n\n\n<p class=\"wp-block-paragraph\">&nbsp;El asilo est\u00e1 siendo administrado -es un decir- por Axel \u201cN\u201d y Gabriela \u201cN\u201d ambos, seg\u00fan los que los conocen, sin certificaci\u00f3n oficial, el primero ejerce la medicina sin la m\u00e1s m\u00ednima asepsia ni los conocimientos b\u00e1sicos certificados oficialmente, la segunda, se ostenta como auxiliar geri\u00e1trica, sin embargo, ejerce, presumiblemente, sin que conste oficialmente su formaci\u00f3n profesional.<\/p>\n\n\n\n<p class=\"wp-block-paragraph\">El asilo sobrevive de donaciones de pa\u00f1ales, medicamentos y frutas de los familiares. Los familiares comentan que los recursos de las tarjes del bienestar de los adultos mayores son usados para su manutenci\u00f3n.<\/p>\n\n\n\n<p class=\"wp-block-paragraph\">El asilo recibe aproximadamente 280 mil pesos mensuales por concepto de pagos, hasta donde se sabe; sin embargo, la atenci\u00f3n es propia de un reclusorio (y de los peores).<\/p>\n\n\n\n<p class=\"wp-block-paragraph\">Fausto \u201cN\u201d, un d\u00eda cualquiera, dijo que necesitaba de sus laxantes y el administrador le respondi\u00f3 que chingara a su madre que \u00e9l no sab\u00eda de sus medicamentos, y la ira se desat\u00f3 sobre el anciano.<\/p>\n\n\n\n<p class=\"wp-block-paragraph\">La vida cotidiana en el asilo es as\u00ed, violenta.<\/p>\n\n\n\n<p class=\"wp-block-paragraph\">La forma de dirigirse cotidiana hacia los ancianos es ofensiva, denigrante. Los ofenden, los humillan los defenestran. El lenguaje de los administradores es soez, sexualizado en grado superlativo. Incluso se llega a la violencia f\u00edsica y se les ofende con tocamientos \u00edntimos cuando los llevan a las duchas. Las vejaciones es el pan nuestro de cada d\u00eda.<\/p>\n\n\n\n<p class=\"wp-block-paragraph\">En la farmacia Guadalajara de la avenida Benito Ju\u00e1rez casi esquina con J. Merced Cabrera habitan normalmente uno o varios indigentes, en las oficinas del banco BBVA tambi\u00e9n. Muchas veces pens\u00e9 que ellos deb\u00edan de ser acogidos por el Desarrollo Integral para la Familia y no estar en condiciones de calle, baja el riesgo y el desamparo, sufriendo por falta de comida, vestido, hogar; sin embargo, ahora que conozco las condiciones de un asilo de acogida como el Asilo San Gabriel, entiendo el porqu\u00e9 se reh\u00fasan estas personas a ser canalizados a estos albergues, sencillamente porque son un infierno.<\/p>\n\n\n\n<p class=\"wp-block-paragraph\">Edit Mungu\u00eda Preciado es la responsable, como Procuradora de la Defensa del Adulto Mayor, para atender las quejas en materia de abuso de los adultos mayores, sobre todo el abandono de \u00e9stos; sin embargo, ella entendi\u00f3 la encomienda al rev\u00e9s.<\/p>\n\n\n\n<p class=\"wp-block-paragraph\">Es muy clara la Ley de la Procuradur\u00eda de la Defensa del Adulto Mayor para el Estado de Colima en su Cap\u00edtulo II De las Atribuciones y, espec\u00edficamente, en su art\u00edculo 8 fracci\u00f3n XX que establece que la Procuradur\u00eda debe \u201c<strong><em>Realizar visitas a los diferentes albergues p\u00fablicos y privados del Estado para verificar el estado f\u00edsico de los adultos mayores, as\u00ed como la atenci\u00f3n que se les brinda y que las instalaciones sean las apropiadas, tomando nota de cualquier anomal\u00eda y, en su caso, emitir alguna recomendaci\u00f3n, determinar alguna medida de apremio o denunciar ante la autoridad que corresponda<\/em><\/strong><em>.\u201d<\/em><\/p>\n\n\n\n<p class=\"wp-block-paragraph\">D\u00f3nde anda Edit Mungu\u00eda Preciado que no ve ni oye lo que sucede en el Asilo San Gabriel. \u00bfA qui\u00e9n encubre? \u00bfA qui\u00e9n o qui\u00e9nes protege?<\/p>\n\n\n\n<p class=\"wp-block-paragraph\">Las quejas de violencia, abuso y abandono desde hace muchos a\u00f1os all\u00ed est\u00e1n y el irresponsable e inepto presidente del DIF, Arnoldo Vizca\u00edno Silva, ha sido incapaz de brindarles protecci\u00f3n a las personas mayores vulnerables y desamparadas.&nbsp;&nbsp;<\/p>\n\n\n\n<p class=\"wp-block-paragraph\">La gobernadora prometi\u00f3 en su campa\u00f1a convertir la Casa de Gobierno en un albergue para las mujeres violentadas y los adultos en situaciones de abandono, pero en lugar de hacerlo convirti\u00f3 la Casa de Gobierno de una cantina para hacer sus afteres party, como el realizado con los Tigres del Norte en la pasada Ferie de Colima.<\/p>\n\n\n\n<p class=\"wp-block-paragraph\">Algo grave est\u00e1 pasando en el Asilo San Gabriel donde parece un s\u00edntoma, pero tal vez es la punta del iceberg de una enfermedad grave, pues el trato y abuso hacia adultos en estado de abandono y abuso, no parece ser una situaci\u00f3n de excepci\u00f3n, sino la normalidad donde est\u00e1n involucrados funcionarios de la Procuradur\u00eda de la Defensa de los Adultos Mayores, de la &nbsp;Fiscal\u00eda General del Estado de Colima y del Desarrollo Integral de la Familia que son: Edit Mungu\u00eda Preciado, Bryant Garc\u00eda, Rosi Bayardo y Arnoldo Vizca\u00edno Silva.<\/p>\n\n\n\n<p class=\"wp-block-paragraph\">Por un lado, es probable que se trate de un gran negocio, donde algunos funcionarios se est\u00e1n quedando con dinero p\u00fablico, pretendiendo atender el problema de adultos sujetos a violencia y al abandono de los parientes, pero por otro, se trata del abuso, humillaci\u00f3n y defenestraci\u00f3n de adultos mayores.<\/p>\n\n\n\n<p class=\"wp-block-paragraph\">Luc\u00eda y Fausto solo son las caras visibles de las condiciones de violencia que a diario se ejerce contra los adultos mayores en asilos de este tipo.<\/p>\n\n\n\n<p class=\"wp-block-paragraph\">Y frente a la sociedad, la Fiscal\u00eda General del Estado, el DIF y el gobierno del estado se lavan la cara diciendo que son sensibles a los problemas de los viejitos.<\/p>\n\n\n\n<p class=\"wp-block-paragraph\">Un d\u00eda se toman la foto con los viejitos y al otro sus tarjetas del Bienestar, en privado, le son arrebatadas, como el caso del Asilo San Gabriel.<\/p>\n\n\n\n<p class=\"wp-block-paragraph\">Muerte, dolor, vejaciones, violencia verbal y f\u00edsica es la realidad para los adultos abusados que habitan en el Asilo San Gabriel. La hipocres\u00eda del gobierno de Indira es la expresi\u00f3n concreta de que a la facci\u00f3n de la <em>Mafia de las Amiguis <\/em>como lo son Arnoldo Vizca\u00edno, Rosi Bayardo e Indira lo humano les es ajeno.<\/p>\n<div class=\"fb-background-color\">\n\t\t\t  <div \n\t\t\t  \tclass = \"fb-comments\" \n\t\t\t  \tdata-href = \"https:\/\/diarioavanzada.com.mx\/?p=59056\"\n\t\t\t  \tdata-numposts = \"10\"\n\t\t\t  \tdata-lazy = \"true\"\n\t\t\t\tdata-colorscheme = \"light\"\n\t\t\t\tdata-order-by = \"social\"\n\t\t\t\tdata-mobile=true>\n\t\t\t  <\/div><\/div>\n\t\t  <style>\n\t\t    .fb-background-color {\n\t\t\t\tbackground:  !important;\n\t\t\t}\n\t\t\t.fb_iframe_widget_fluid_desktop iframe {\n\t\t\t    width: 100% !important;\n\t\t\t}\n\t\t  <\/style>\n\t\t  ","protected":false},"excerpt":{"rendered":"<p>Columna El Puercoesp\u00edn Gabriel significa \u201cDios es mi fuerza\u201d, el arc\u00e1ngel Gabriel es el encargado de tocar la trompeta que anuncia llegada del Se\u00f1or a la tierra; seg\u00fan la Biblia, a la virgen Mar\u00eda se le apareci\u00f3 para anunciarle la llegada de Jes\u00fas. Por eso el arc\u00e1ngel Gabriel inspira a artistas, cantantes, poetas, escritores y [&hellip;]<\/p>\n","protected":false},"author":9,"featured_media":59059,"comment_status":"closed","ping_status":"closed","sticky":false,"template":"","format":"standard","meta":{"_coblocks_attr":"","_coblocks_dimensions":"","_coblocks_responsive_height":"","_coblocks_accordion_ie_support":"","advanced_seo_description":"","jetpack_seo_html_title":"","jetpack_seo_noindex":false,"jetpack_seo_schema_type":"","_jetpack_newsletter_access":"","_jetpack_dont_email_post_to_subs":false,"_jetpack_newsletter_tier_id":0,"_jetpack_memberships_contains_paywalled_content":false,"_wpcom_ai_launchpad_first_post":false,"_jetpack_feature_clip_id":0,"_jetpack_memberships_contains_paid_content":false,"footnotes":"","jetpack_post_was_ever_published":false},"categories":[19,209,24],"tags":[220,210],"class_list":["post-59056","post","type-post","status-publish","format-standard","has-post-thumbnail","hentry","category-colima","category-importantes","category-opinion","tag-opinion","tag-portada"],"jetpack-related-posts":[],"jetpack_sharing_enabled":true,"amp_enabled":true,"jetpack_featured_media_url":"https:\/\/diarioavanzada.com.mx\/wp-content\/uploads\/2024\/07\/80b10312-8eb4-44d5-ab9a-07c70464539a-1.jpg","_links":{"self":[{"href":"https:\/\/diarioavanzada.com.mx\/index.php?rest_route=\/wp\/v2\/posts\/59056","targetHints":{"allow":["GET"]}}],"collection":[{"href":"https:\/\/diarioavanzada.com.mx\/index.php?rest_route=\/wp\/v2\/posts"}],"about":[{"href":"https:\/\/diarioavanzada.com.mx\/index.php?rest_route=\/wp\/v2\/types\/post"}],"author":[{"embeddable":true,"href":"https:\/\/diarioavanzada.com.mx\/index.php?rest_route=\/wp\/v2\/users\/9"}],"replies":[{"embeddable":true,"href":"https:\/\/diarioavanzada.com.mx\/index.php?rest_route=%2Fwp%2Fv2%2Fcomments&post=59056"}],"version-history":[{"count":2,"href":"https:\/\/diarioavanzada.com.mx\/index.php?rest_route=\/wp\/v2\/posts\/59056\/revisions"}],"predecessor-version":[{"id":59058,"href":"https:\/\/diarioavanzada.com.mx\/index.php?rest_route=\/wp\/v2\/posts\/59056\/revisions\/59058"}],"wp:featuredmedia":[{"embeddable":true,"href":"https:\/\/diarioavanzada.com.mx\/index.php?rest_route=\/wp\/v2\/media\/59059"}],"wp:attachment":[{"href":"https:\/\/diarioavanzada.com.mx\/index.php?rest_route=%2Fwp%2Fv2%2Fmedia&parent=59056"}],"wp:term":[{"taxonomy":"category","embeddable":true,"href":"https:\/\/diarioavanzada.com.mx\/index.php?rest_route=%2Fwp%2Fv2%2Fcategories&post=59056"},{"taxonomy":"post_tag","embeddable":true,"href":"https:\/\/diarioavanzada.com.mx\/index.php?rest_route=%2Fwp%2Fv2%2Ftags&post=59056"}],"curies":[{"name":"wp","href":"https:\/\/api.w.org\/{rel}","templated":true}]}}