{"id":58715,"date":"2024-06-18T07:16:17","date_gmt":"2024-06-18T13:16:17","guid":{"rendered":"https:\/\/diarioavanzada.com.mx\/?p=58715"},"modified":"2024-06-18T07:16:17","modified_gmt":"2024-06-18T13:16:17","slug":"firme-la-sociedad-para-acabar-con-la-corrupcion-en-el-poder-judicial","status":"publish","type":"post","link":"https:\/\/diarioavanzada.com.mx\/?p=58715","title":{"rendered":"Firme la sociedad para acabar con la corrupci\u00f3n en el Poder Judicial"},"content":{"rendered":"\n<p class=\"wp-block-paragraph\">Columna<\/p>\n\n\n\n<p class=\"wp-block-paragraph\">El Puercoesp\u00edn&nbsp;<\/p>\n\n\n\n<p class=\"s4 wp-block-paragraph\">Dentro del paquete de las 20 reformas planteadas por&nbsp;Amlo,antes de abandonar el poder,&nbsp;destacan las reformas relativas a: Trenes de&nbsp;pasajeros,&nbsp;El\u00e9ctrica,&nbsp;Electoral,&nbsp;Organismos aut\u00f3nomos,&nbsp;Vivienda,&nbsp;Pensiones,&nbsp;Becas universales en primarias, entre otras,&nbsp;donde&nbsp;destaca la&nbsp;Reforma al Poder Judicial.<\/p>\n\n\n\n<p class=\"s4 wp-block-paragraph\">En s\u00edntesis,&nbsp;la Reforma al Poder Judicial pretende lo siguiente: reducir el n\u00famero de integrantes de la Suprema Corte de Justicia de la Naci\u00f3n -de 11 a 9-; elecci\u00f3n popular de ministros, magistrados y jueces, por tanto, se estar\u00edan eligiendo por voto popular m\u00e1s de 1668 puestos del Poder Judicial; Extinci\u00f3n y sustituci\u00f3n del Consejo de la Judicatura para que instale un tribunal que sancione los delitos de los jueces y magistrados, que hasta hora gozan de total impunidad; y &nbsp;por \u00faltimo, procurar la justicia expedita con nuevas reglas procesales.<\/p>\n\n\n\n<p class=\"s4 wp-block-paragraph\">En muchas d\u00e9cadas no hab\u00eda sido tocado el Poder Judicial como ahora. De lograrse la&nbsp;Reforma al Poder Judicial estar\u00edamos en el umbral de un cambio de r\u00e9gimen radical en M\u00e9xico.<\/p>\n\n\n\n<p class=\"s4 wp-block-paragraph\">La elecci\u00f3n de 2024 se convirti\u00f3 en un plebiscito de la presidencia de&nbsp;Amlo, pero tambi\u00e9n&nbsp;la aprobaci\u00f3n de&nbsp;un&nbsp;paquete de reformas constitucionales para transformar radicalmente el actual r\u00e9gimen pol\u00edtico.&nbsp;<\/p>\n\n\n\n<p class=\"s4 wp-block-paragraph\">Los 35 millones 923 mil 984 votos que representan el 59.75 % de la votaci\u00f3n total de la elecci\u00f3n presidencial dijeron s\u00ed al gobierno de&nbsp;Amlo,&nbsp;le&nbsp;dijeron s\u00ed a sus 20 propuestas constitucionales y representan una mayor\u00eda absoluta de los mexicanos que sufragaron el 2 de junio.<\/p>\n\n\n\n<p class=\"s4 wp-block-paragraph\">Sin embargo, la presidenta electa mand\u00f3 realizar unas encuestas para determinar con precisi\u00f3n el grado de consensos con los que goza particularmente la Reforma al Poder Judicial para que,&nbsp;con base en ello,&nbsp;se procediera a su instrumentaci\u00f3n en la realidad pol\u00edtica del Congreso de la Uni\u00f3n donde,&nbsp;dicho sea de paso,&nbsp;Morena y sus aliados obtuvieron, con base en la votaci\u00f3n constitucional, mayor\u00eda calificada.<\/p>\n\n\n\n<p class=\"s4 wp-block-paragraph\">Los resultados de la consulta a trav\u00e9s de encuetas a la sociedad obtuvo los siguientes resultados: a la pregunta de que si&nbsp;conoce o est\u00e1 enterado sobre la&nbsp;Reforma al Poder Judicial se contest\u00f3 lo siguiente: el 83 % dijo que s\u00ed&nbsp;sabe de la reforma; el 13 % no sabe nada; y el 4 % no contest\u00f3. A la pregunta \u00bfY c\u00f3mo cree usted que deben ser elegios los magistrados,&nbsp;jueces y juezas&nbsp;del Poder Judicial? El 85 % dijo que por elecci\u00f3n del pueblo; el 23 % contest\u00f3 que por el Poder Judicial de la Federaci\u00f3n y; el 2 % no sabe. Y a la pregunta \u00bfUsted estar\u00eda de acuerdo o en desacuerdo con la creaci\u00f3n de un \u00f3rgano independiente al Poder Judicial de la Federaci\u00f3n, que vigile, investigue y sancione a los ministros, magistrados y jueces que incurran en alguna falta o en actos de corrupci\u00f3n? La gente contest\u00f3&nbsp;lo siguiente:&nbsp;un 85 % estar de acuerdo; un 8 % en desacuerdo; un 5 % dijo no estar ni de acuerdo ni en desacuerdo; y un 2 % no sabe o no contest\u00f3.<\/p>\n\n\n\n<p class=\"s4 wp-block-paragraph\">De la \u00faltima consulta se puede inferir lo siguiente:<\/p>\n\n\n\n<p class=\"s4 wp-block-paragraph\">Que existe un consenso muy amplio en cuanto que el Poder Judicial es una instituci\u00f3n muy corrupta y debe ser reformada.&nbsp;<\/p>\n\n\n\n<p class=\"s4 wp-block-paragraph\">Que existe un amplio consenso para que los magistrados, ministros y jueces deben de ser electos por el pueblo y dejar de ser nombrados por \u00e9lites que los&nbsp;designan para su beneficio de grupo o facci\u00f3n.<\/p>\n\n\n\n<p class=\"s4 wp-block-paragraph\">Que existe un amplio consenso para que la impunidad en el Poder Judicial sea&nbsp;parte de la historia. La creaci\u00f3n de un \u00f3rgano que sancione los errores administrativos, los abusos de poder y la corrupci\u00f3n de los jueces debe&nbsp;quedar en el pasado. La gente quiere el fin de la impunidad absoluta de los miembros del Poder Judicial.<\/p>\n\n\n\n<p class=\"s4 wp-block-paragraph\">Que los corruptos miembros del Poder Judicial deben de dejar de percibir sus alt\u00edsimos salarios y debe eliminarse el nepotismo. El Poder Judicial es un poder dominado por los parientes de los magistrados, ministros y jueces.&nbsp;<\/p>\n\n\n\n<p class=\"s4 wp-block-paragraph\">Los anteriores consensos rebasan la votaci\u00f3n de Morena y su candidata presidencial y su programa, lo que significa que personas simpatizantes del PAN, PRI, PRD y Movimiento Ciudadano est\u00e1n de acuerdo en los puntos torales de la Reforma al Poder Judicial.<\/p>\n\n\n\n<p class=\"s4 wp-block-paragraph\">Morena alcanz\u00f3 un 59.75&nbsp;%&nbsp;de votaci\u00f3n y los consensos de la Reforma al Poder Judicial alcanza un 85&nbsp;% de apoyo.<\/p>\n\n\n\n<p class=\"s4 wp-block-paragraph\">Lo anterior significa de la absoluta mayor\u00eda de mexicanos estamos en contra de la corrupci\u00f3n y por la transformaci\u00f3n de las instituciones del Estado.<\/p>\n\n\n\n<p class=\"s4 wp-block-paragraph\">Los corruptos son una minor\u00eda. Los poderes facticos, las \u00e9lites pol\u00edticas, religiosas y los narcotraficantes son minor\u00eda.<\/p>\n\n\n\n<p class=\"s4 wp-block-paragraph\">La Reforma al Poder Judicial va.&nbsp;<\/p>\n\n\n\n<p class=\"s4 wp-block-paragraph\">Las televisoras (Televisa y TV Azteca), las dirigencias de los partidos PRI, PAN y PRD, las \u00e9lites financieras liderados por Ricardo Salinas Pliego y Claudio X. Gonz\u00e1lez, los intelectuales decadentes como Aguilar Cam\u00edn y Jorge Casta\u00f1eda, as\u00ed como el clero m\u00e1s reaccionario y retrasado representan a una minor\u00eda de mexicanos que apenas representan un 15&nbsp;% que son muy pocos, pero son tan estridentes que parecen ser mucho m\u00e1s de los&nbsp;escasos&nbsp;que son. &nbsp;<\/p>\n\n\n\n<p class=\"s4 wp-block-paragraph\">Las buenas noticias es que hay un M\u00e9xico emergente que quiere salir de la mediocridad&nbsp;en la que nos quieren mantener estos perversos y abusivos actores sociales.<\/p>\n\n\n\n<p class=\"s4 wp-block-paragraph\">Ojal\u00e1 despu\u00e9s se haga una reforma al Poder Judicial local. Cuando se vayan Indira y sus ineptos.&nbsp;<\/p>\n\n\n\n<p class=\"s4 wp-block-paragraph\">&nbsp;<\/p>\n<div class=\"fb-background-color\">\n\t\t\t  <div \n\t\t\t  \tclass = \"fb-comments\" \n\t\t\t  \tdata-href = \"https:\/\/diarioavanzada.com.mx\/?p=58715\"\n\t\t\t  \tdata-numposts = \"10\"\n\t\t\t  \tdata-lazy = \"true\"\n\t\t\t\tdata-colorscheme = \"light\"\n\t\t\t\tdata-order-by = \"social\"\n\t\t\t\tdata-mobile=true>\n\t\t\t  <\/div><\/div>\n\t\t  <style>\n\t\t    .fb-background-color {\n\t\t\t\tbackground:  !important;\n\t\t\t}\n\t\t\t.fb_iframe_widget_fluid_desktop iframe {\n\t\t\t    width: 100% !important;\n\t\t\t}\n\t\t  <\/style>\n\t\t  ","protected":false},"excerpt":{"rendered":"<p>Columna El Puercoesp\u00edn&nbsp; Dentro del paquete de las 20 reformas planteadas por&nbsp;Amlo,antes de abandonar el poder,&nbsp;destacan las reformas relativas a: Trenes de&nbsp;pasajeros,&nbsp;El\u00e9ctrica,&nbsp;Electoral,&nbsp;Organismos aut\u00f3nomos,&nbsp;Vivienda,&nbsp;Pensiones,&nbsp;Becas universales en primarias, entre otras,&nbsp;donde&nbsp;destaca la&nbsp;Reforma al Poder Judicial. En s\u00edntesis,&nbsp;la Reforma al Poder Judicial pretende lo siguiente: reducir el n\u00famero de integrantes de la Suprema Corte de Justicia de la Naci\u00f3n [&hellip;]<\/p>\n","protected":false},"author":9,"featured_media":58714,"comment_status":"closed","ping_status":"closed","sticky":false,"template":"","format":"standard","meta":{"_coblocks_attr":"","_coblocks_dimensions":"","_coblocks_responsive_height":"","_coblocks_accordion_ie_support":"","advanced_seo_description":"","jetpack_seo_html_title":"","jetpack_seo_noindex":false,"jetpack_seo_schema_type":"","_jetpack_newsletter_access":"","_jetpack_dont_email_post_to_subs":false,"_jetpack_newsletter_tier_id":0,"_jetpack_memberships_contains_paywalled_content":false,"_wpcom_ai_launchpad_first_post":false,"_jetpack_feature_clip_id":0,"_jetpack_memberships_contains_paid_content":false,"footnotes":"","jetpack_post_was_ever_published":false},"categories":[19,209,24],"tags":[],"class_list":["post-58715","post","type-post","status-publish","format-standard","has-post-thumbnail","hentry","category-colima","category-importantes","category-opinion"],"jetpack-related-posts":[],"jetpack_sharing_enabled":true,"amp_enabled":true,"jetpack_featured_media_url":"https:\/\/diarioavanzada.com.mx\/wp-content\/uploads\/2024\/06\/img_0540-1.jpg","_links":{"self":[{"href":"https:\/\/diarioavanzada.com.mx\/index.php?rest_route=\/wp\/v2\/posts\/58715","targetHints":{"allow":["GET"]}}],"collection":[{"href":"https:\/\/diarioavanzada.com.mx\/index.php?rest_route=\/wp\/v2\/posts"}],"about":[{"href":"https:\/\/diarioavanzada.com.mx\/index.php?rest_route=\/wp\/v2\/types\/post"}],"author":[{"embeddable":true,"href":"https:\/\/diarioavanzada.com.mx\/index.php?rest_route=\/wp\/v2\/users\/9"}],"replies":[{"embeddable":true,"href":"https:\/\/diarioavanzada.com.mx\/index.php?rest_route=%2Fwp%2Fv2%2Fcomments&post=58715"}],"version-history":[{"count":0,"href":"https:\/\/diarioavanzada.com.mx\/index.php?rest_route=\/wp\/v2\/posts\/58715\/revisions"}],"wp:featuredmedia":[{"embeddable":true,"href":"https:\/\/diarioavanzada.com.mx\/index.php?rest_route=\/wp\/v2\/media\/58714"}],"wp:attachment":[{"href":"https:\/\/diarioavanzada.com.mx\/index.php?rest_route=%2Fwp%2Fv2%2Fmedia&parent=58715"}],"wp:term":[{"taxonomy":"category","embeddable":true,"href":"https:\/\/diarioavanzada.com.mx\/index.php?rest_route=%2Fwp%2Fv2%2Fcategories&post=58715"},{"taxonomy":"post_tag","embeddable":true,"href":"https:\/\/diarioavanzada.com.mx\/index.php?rest_route=%2Fwp%2Fv2%2Ftags&post=58715"}],"curies":[{"name":"wp","href":"https:\/\/api.w.org\/{rel}","templated":true}]}}