{"id":58519,"date":"2024-06-12T08:09:30","date_gmt":"2024-06-12T14:09:30","guid":{"rendered":"https:\/\/diarioavanzada.com.mx\/?p=58519"},"modified":"2024-06-12T08:09:30","modified_gmt":"2024-06-12T14:09:30","slug":"el-tarifazo-no-lo-politizan-porque-no-les-conviene","status":"publish","type":"post","link":"https:\/\/diarioavanzada.com.mx\/?p=58519","title":{"rendered":"El tarifazo no lo politizan porque no les conviene"},"content":{"rendered":"\n<p class=\"wp-block-paragraph\">Columna<\/p>\n\n\n\n<p class=\"wp-block-paragraph\">El Puercoesp\u00edn<\/p>\n\n\n\n<p class=\"wp-block-paragraph\">La sociedad pol\u00edtica colimense es tan mediocre que se asusta con los problemas reales. El problema de la salud lo politiz\u00f3, el asunto de la seguridad, su violencia, su crueldad y sus rasgos inhumanos lo politiz\u00f3 porque sac\u00f3 raja pol\u00edtica. De ese tama\u00f1o es su mediocridad. Su visi\u00f3n de prosperar pol\u00edticamente se funda en el fracaso del contrario sin importarles las consecuencias que pueda tener para sociedad y, sobre todo, para los m\u00e1s vulnerables.<\/p>\n\n\n\n<p class=\"wp-block-paragraph\">El tarifazo del gobierno, en asociaci\u00f3n con los camioneros, no fue politizado porque en el fondo existe un problema real que demanda soluciones reales e imaginativas, de ingenier\u00eda urban\u00edstica y financiera.<\/p>\n\n\n\n<p class=\"wp-block-paragraph\">El gobierno, como es su costumbre, guarda silencia porque as\u00ed es de limitado y pretende ignorar a los cr\u00edticos y a la sociedad pretendiendo ser maduros y estar por encima de todos. Lo que verdaderamente significa su silencio es una incapacidad de enfrentar los problemas y su soluci\u00f3n. Los mediocres funcionarios creen que el mercado y la inercia social resolver\u00e1n alg\u00fan d\u00eda el problema. Lo dejan al destino y a la inercia azarosa.<\/p>\n\n\n\n<p class=\"wp-block-paragraph\">La oposici\u00f3n guarda silencio porque es c\u00f3mplice y aspira a formar parte del negocio. Con la excepci\u00f3n de Movimiento Ciudadano y la Red de J\u00f3venes Mexicanos.<\/p>\n\n\n\n<p class=\"wp-block-paragraph\">El gobierno y sus plumas a sueldo descalifican a los cr\u00edticos y a quienes osan levantar la voz matando al mensajero y desviando la discusi\u00f3n hacia los terrenos de las luchas palaciegas.<\/p>\n\n\n\n<p class=\"wp-block-paragraph\">Lo cierto es que hay un problema serio y ese problema serio se llama movilidad.<\/p>\n\n\n\n<p class=\"wp-block-paragraph\">Cuauht\u00e9moc, Coquimatl\u00e1n, Comala, Colima y Villa de \u00c1lvarez conforman una zona metropolitana que demanda <strong><em>un sistema de transporte de cercan\u00edas<\/em><\/strong> que una las principales cabeceras municipales para que la gente puede ir y venir a sus trabajos con calidad, comodidad y precios asequibles.<\/p>\n\n\n\n<p class=\"wp-block-paragraph\">Adem\u00e1s, se precisa que ese sistema de transporte de cercan\u00edas se interconecte con <strong><em>un sistema de transporte urbano <\/em><\/strong>que lleve a los habitantes de sus colonias a los centros comerciales, educativos y de esparcimiento con rapidez, eficacia, eficiencia y a precios asequibles.<\/p>\n\n\n\n<p class=\"wp-block-paragraph\">Y finalmente se requiere en las cabeceras municipales de la zona metropolitana colimense un <strong><em>sistema de transporte ligero<\/em><\/strong> (tipo mototaxis) que establezcan conexiones entre las colonias y sus centros hist\u00f3ricos y en las zonas metropolitanas de Colima capital y Villa de \u00c1lvarez tambi\u00e9n un sistema de transporte ligero que sea seguro, eficaz, eficiente y tarifas justas.<\/p>\n\n\n\n<p class=\"wp-block-paragraph\">Ante la incapacidad de los pol\u00edticos de solucionar los problemas reales ser\u00eda conveniente que las organizaciones sociales, los partidos pol\u00edticos que tengan la voluntad necesaria, los sindicatos e instituciones educativas, as\u00ed como los empresarios interesados en invertir en un sistema de transporte urbano eficiente y moderno, converjan para dise\u00f1ar y proponer e impulsar un megaproyecto de transporte urbano y de cercan\u00edas para solucionar una vez por todas el problema de la movilidad en la zona metropolitana de Colima norte.<\/p>\n\n\n\n<p class=\"wp-block-paragraph\">Tambi\u00e9n es v\u00e1lido convocar en la zona costera un proyecto similar.<\/p>\n\n\n\n<p class=\"wp-block-paragraph\">El problema son los pol\u00edticos y sus limitadas visiones de las cosas.<\/p>\n\n\n\n<p class=\"wp-block-paragraph\">Los camioneros, taxistas y concesionarios del transporte solo piensan en su utilizades y en exprimir a los usuarios cautivos del sistema p\u00fablico de transporte.<\/p>\n\n\n\n<p class=\"wp-block-paragraph\">Est\u00e1 claro que los concesionarios solo piensan en ganancias, no piensan en brindar ni crear un sistema de transporte a nivel macro. Son limitados y esclavos del lucro f\u00e1cil.<\/p>\n\n\n\n<p class=\"wp-block-paragraph\">Si el sistema no es rentable, pues que lo abandonen y se lo dejen al gobierno para que \u00e9ste plantee a un sistema estatal de primer nivel.<\/p>\n\n\n\n<p class=\"wp-block-paragraph\">El problema de los colimenses es que no tenemos gobierno estatal. Qu\u00e9 pueden hacer tipos tan limitados como Armando Gonz\u00e1lez Manzo y Eloy Garc\u00eda Alcaraz si su \u00fanica ambici\u00f3n es cobrar sus quincenas y vivir del gobierno.<\/p>\n\n\n\n<p class=\"wp-block-paragraph\">Me llama la atenci\u00f3n que las c\u00e1maras empresariales no alcen la voz para plantear un atrevido proyecto de movilidad donde ellos como inversionistas y hombres de negocias podr\u00eda plantear al gobierno, claro con precios justos y rentables.<\/p>\n\n\n\n<p class=\"wp-block-paragraph\">Me da la impresi\u00f3n de que los empresarios carecen de ideas y de iniciativa.<\/p>\n\n\n\n<p class=\"wp-block-paragraph\">Pobre Colima que no tiene un gobierno capaz de instrumentar un <strong><em>Plan Maestro de Movilidad<\/em><\/strong> y su \u00fanica salida es entregar el negocio a los mismos mediocres de siempre que solo han demostrado algo a trav\u00e9s de los tiempos, buscan el negocio.<\/p>\n\n\n\n<p class=\"wp-block-paragraph\">Sin proyectos colectivos Colima seguir\u00e1 llen\u00e1ndose de carros y su movilidad -en el mediano plazo- ser\u00e1 ca\u00f3tica, cara e insufrible.<\/p>\n\n\n\n<p class=\"wp-block-paragraph\">En la mayor\u00eda de las capitales y zonas metropolitanas de la rep\u00fablica ya cuentan con sistemas de transporte metropolitano decoroso, Colima no, porque todas las cosas se parecen a su gobierno. Son mediocres, sin imaginaci\u00f3n y corruptos.<\/p>\n\n\n\n<p class=\"wp-block-paragraph\">Afortunadamente nada es para siempre.<\/p>\n\n\n\n<p class=\"wp-block-paragraph\">La oposici\u00f3n tambi\u00e9n es tan mediocre que ni para su provecho ha sabido politizar el tarifazo porque no tiene nada que decir. Comparte la corrupci\u00f3n con el gobierno.<\/p>\n<div class=\"fb-background-color\">\n\t\t\t  <div \n\t\t\t  \tclass = \"fb-comments\" \n\t\t\t  \tdata-href = \"https:\/\/diarioavanzada.com.mx\/?p=58519\"\n\t\t\t  \tdata-numposts = \"10\"\n\t\t\t  \tdata-lazy = \"true\"\n\t\t\t\tdata-colorscheme = \"light\"\n\t\t\t\tdata-order-by = \"social\"\n\t\t\t\tdata-mobile=true>\n\t\t\t  <\/div><\/div>\n\t\t  <style>\n\t\t    .fb-background-color {\n\t\t\t\tbackground:  !important;\n\t\t\t}\n\t\t\t.fb_iframe_widget_fluid_desktop iframe {\n\t\t\t    width: 100% !important;\n\t\t\t}\n\t\t  <\/style>\n\t\t  ","protected":false},"excerpt":{"rendered":"<p>Columna El Puercoesp\u00edn La sociedad pol\u00edtica colimense es tan mediocre que se asusta con los problemas reales. El problema de la salud lo politiz\u00f3, el asunto de la seguridad, su violencia, su crueldad y sus rasgos inhumanos lo politiz\u00f3 porque sac\u00f3 raja pol\u00edtica. De ese tama\u00f1o es su mediocridad. Su visi\u00f3n de prosperar pol\u00edticamente se [&hellip;]<\/p>\n","protected":false},"author":9,"featured_media":58522,"comment_status":"closed","ping_status":"closed","sticky":false,"template":"","format":"standard","meta":{"_coblocks_attr":"","_coblocks_dimensions":"","_coblocks_responsive_height":"","_coblocks_accordion_ie_support":"","advanced_seo_description":"","jetpack_seo_html_title":"","jetpack_seo_noindex":false,"jetpack_seo_schema_type":"","_jetpack_newsletter_access":"","_jetpack_dont_email_post_to_subs":false,"_jetpack_newsletter_tier_id":0,"_jetpack_memberships_contains_paywalled_content":false,"_wpcom_ai_launchpad_first_post":false,"_jetpack_feature_clip_id":0,"_jetpack_memberships_contains_paid_content":false,"footnotes":"","jetpack_post_was_ever_published":false},"categories":[7],"tags":[220,210],"class_list":["post-58519","post","type-post","status-publish","format-standard","has-post-thumbnail","hentry","category-noticias","tag-opinion","tag-portada"],"jetpack-related-posts":[],"jetpack_sharing_enabled":true,"amp_enabled":true,"jetpack_featured_media_url":"https:\/\/diarioavanzada.com.mx\/wp-content\/uploads\/2024\/06\/img_0314-1.jpg","_links":{"self":[{"href":"https:\/\/diarioavanzada.com.mx\/index.php?rest_route=\/wp\/v2\/posts\/58519","targetHints":{"allow":["GET"]}}],"collection":[{"href":"https:\/\/diarioavanzada.com.mx\/index.php?rest_route=\/wp\/v2\/posts"}],"about":[{"href":"https:\/\/diarioavanzada.com.mx\/index.php?rest_route=\/wp\/v2\/types\/post"}],"author":[{"embeddable":true,"href":"https:\/\/diarioavanzada.com.mx\/index.php?rest_route=\/wp\/v2\/users\/9"}],"replies":[{"embeddable":true,"href":"https:\/\/diarioavanzada.com.mx\/index.php?rest_route=%2Fwp%2Fv2%2Fcomments&post=58519"}],"version-history":[{"count":2,"href":"https:\/\/diarioavanzada.com.mx\/index.php?rest_route=\/wp\/v2\/posts\/58519\/revisions"}],"predecessor-version":[{"id":58521,"href":"https:\/\/diarioavanzada.com.mx\/index.php?rest_route=\/wp\/v2\/posts\/58519\/revisions\/58521"}],"wp:featuredmedia":[{"embeddable":true,"href":"https:\/\/diarioavanzada.com.mx\/index.php?rest_route=\/wp\/v2\/media\/58522"}],"wp:attachment":[{"href":"https:\/\/diarioavanzada.com.mx\/index.php?rest_route=%2Fwp%2Fv2%2Fmedia&parent=58519"}],"wp:term":[{"taxonomy":"category","embeddable":true,"href":"https:\/\/diarioavanzada.com.mx\/index.php?rest_route=%2Fwp%2Fv2%2Fcategories&post=58519"},{"taxonomy":"post_tag","embeddable":true,"href":"https:\/\/diarioavanzada.com.mx\/index.php?rest_route=%2Fwp%2Fv2%2Ftags&post=58519"}],"curies":[{"name":"wp","href":"https:\/\/api.w.org\/{rel}","templated":true}]}}