{"id":58298,"date":"2024-06-05T06:37:17","date_gmt":"2024-06-05T12:37:17","guid":{"rendered":"https:\/\/diarioavanzada.com.mx\/?p=58298"},"modified":"2024-06-05T06:37:17","modified_gmt":"2024-06-05T12:37:17","slug":"la-reforma-al-poder-judicial-que-viene","status":"publish","type":"post","link":"https:\/\/diarioavanzada.com.mx\/?p=58298","title":{"rendered":"La reforma al Poder Judicial que viene"},"content":{"rendered":"\n<p class=\"wp-block-paragraph\">Columna<\/p>\n\n\n\n<p class=\"wp-block-paragraph\">El Puercoesp\u00edn&nbsp;<\/p>\n\n\n\n<p class=\"s4 wp-block-paragraph\">De los objetivos<\/p>\n\n\n\n<p class=\"s4 wp-block-paragraph\">La elecci\u00f3n presidencial ganada por Sheinbaum por m\u00e1s de 36 millones de votos har\u00e1 posible la reforma al Poder Judicial que presumiblemente contendr\u00eda lo siguiente:<\/p>\n\n\n\n<p class=\"s4 wp-block-paragraph\">La reforma contiene tres objetivos principales: una nueva integraci\u00f3n de la Suprema Corte de Justicia de la Naci\u00f3npara darle&nbsp;eficiencia, austeridad y transparencia&nbsp;al&nbsp;m\u00e1ximo&nbsp;tribunal;&nbsp;elecci\u00f3n popular de&nbsp;ministros,&nbsp;magistrados y&nbsp;jueces, para establecer&nbsp;legitimidad democr\u00e1tica de las y los impartidores de justicia;&nbsp;sustituci\u00f3n del Consejo de la Judicatura Federal&nbsp;por&nbsp;\u00f3rganos administrativos y disciplinarios independientes;&nbsp;&nbsp;nuevas reglas procesales&nbsp;para garantizar justicia expedita y equilibrios entre Poderes.<\/p>\n\n\n\n<p class=\"s4 wp-block-paragraph\">De la integraci\u00f3n de la SCJN<\/p>\n\n\n\n<p class=\"wp-block-paragraph\">a)&nbsp;Se reduce el n\u00famero de&nbsp;ministras y&nbsp;ministros, de 11 a 9 integrantes;&nbsp;b)&nbsp;se reduce el periodo de su encargo, de 15 a 12 a\u00f1os;&nbsp;c)&nbsp;se eliminan las dos Salas, por tanto,&nbsp;La Corte s\u00f3lo sesionar\u00e1 en Pleno y sus sesiones deber\u00e1n ser p\u00fablicas;&nbsp;d)&nbsp;se elimina la pensi\u00f3n vitalicia (haber de retiro) para actuales y futuros ministros y ministras;&nbsp;e)&nbsp;sus remuneraciones deben ajustarse al tope m\u00e1ximo establecido para el&nbsp;presidente de la Rep\u00fablica, sin excepci\u00f3n.<\/p>\n\n\n\n<p class=\"s4 wp-block-paragraph\">Elecci\u00f3n de ministros y ministras<\/p>\n\n\n\n<p class=\"s4 wp-block-paragraph\">En 2025 se realizar\u00e1 una elecci\u00f3n extraordinaria para renovar a todos los&nbsp;ministros,&nbsp;jueces y&nbsp;magistrados del Poder Judicial. Quienes ocupen actualmente el cargo podr\u00e1n participar en esta elecci\u00f3n en igualdad de condiciones.<\/p>\n\n\n\n<p class=\"s4 wp-block-paragraph\">Selecci\u00f3n de candidaturas<\/p>\n\n\n\n<p class=\"s4 wp-block-paragraph\">Las y los&nbsp;ministros de la SCJN,&nbsp;magistrados del Tribunal Electoral y&nbsp;magistrados del Tribunal de Disciplina se elegir\u00e1n a nivel nacional en las elecciones ordinarias a partir de 30 candidaturas paritarias propuestas por los tres Poderes de la Uni\u00f3n.&nbsp;<\/p>\n\n\n\n<p class=\"s4 wp-block-paragraph\">El Poder Ejecutivo propondr\u00e1 hasta 10 candidaturas;&nbsp;el Poder Legislativo propondr\u00e1 hasta 5 candidaturas por cada C\u00e1mara (Diputados y Senadores), por mayor\u00eda calificada;&nbsp;el Poder Judicial propondr\u00e1 hasta 10 candidaturas a trav\u00e9s del Pleno de la Suprema Corte, por mayor\u00eda de 6 votos. En el caso de los 1,633 Magistrados de Circuito y Jueces de Distrito, se elegir\u00e1n en cada uno de los 32 circuitos judiciales en las elecciones ordinarias, a partir de 6 candidaturas paritarias por cargo (2 por cada Poder de la Uni\u00f3n).<\/p>\n\n\n\n<p class=\"wp-block-paragraph\">De las elecciones<\/p>\n\n\n\n<p class=\"s4 wp-block-paragraph\">El Senado de la Rep\u00fablica verificar\u00e1 que las candidaturas cumplan con los requisitos de ley. El Instituto Nacional de Electoral ser\u00e1 el organizador de la elecci\u00f3n. Las campa\u00f1as durar\u00e1n 60 d\u00edas. No&nbsp;habr\u00e1 etapa de precampa\u00f1as. No se permite el financiamiento p\u00fablico o privado. Las personas candidatas tendr\u00e1n acceso a tiempos de radio y televisi\u00f3n para difundir sus propuestas y podr\u00e1n participar en foros de debate. Los partidos pol\u00edticos no podr\u00e1n realizar proselitismo a favor o en contra de las candidaturas. El Tribunal Electoral del Poder Judicial resolver\u00e1 las impugnaciones y declarar\u00e1 los resultados, salvo cuando se trate de sus propios integrantes, cuya resoluci\u00f3n corresponder\u00e1 a la SCJN.<\/p>\n\n\n\n<p class=\"s4 wp-block-paragraph\">Reglas espec\u00edficas<\/p>\n\n\n\n<p class=\"s4 wp-block-paragraph\">En caso de ausencia definitiva de&nbsp;ministros,&nbsp;magistrados o&nbsp;jueces, el Senado designar\u00e1 por mayor\u00eda calificada a una persona interina para que ocupe el cargo hasta que se realice la siguiente elecci\u00f3n ordinaria:&nbsp;para&nbsp;ministros de la SCJN y&nbsp;magistrados del Tribunal de Disciplina, el Ejecutivo Federal propone la terna;&nbsp;para&nbsp;magistrados de Circuito y Jueces de Distrito, el \u00f3rgano de administraci\u00f3n judicial propone la terna.<\/p>\n\n\n\n<p class=\"s4 wp-block-paragraph\">Sustituci\u00f3n del Consejo de la Judicatura&nbsp;por un Tribunal de Disciplina Judicial que ser\u00e1&nbsp;integrado por 5 magistrados electos a nivel nacional por un periodo de 6 a\u00f1os, propuestos por los Poderes de la Uni\u00f3n. Podr\u00e1 recibir denuncias de cualquier persona u autoridad, e investigar a&nbsp;ministros,&nbsp;magistrados,&nbsp;jueces y personal judicial por actos contrarios a la ley, al inter\u00e9s p\u00fablico o a la administraci\u00f3n de justicia, incluyendo hechos de corrupci\u00f3n, tr\u00e1fico de influencias, nepotismo, complicidad o encubrimiento de presuntos delincuentes, o cuando sus resoluciones no se ajusten a los principios de objetividad, imparcialidad, independencia, profesionalismo o excelencia. Sus sanciones incluyen amonestaci\u00f3n, multa, suspensi\u00f3n o destituci\u00f3n (excepto ministros). Asimismo, podr\u00e1 dar vista al Ministerio P\u00fablico en caso de delitos, o solicitar el juicio pol\u00edtico ante el Congreso de la Uni\u00f3n.<\/p>\n\n\n\n<p class=\"s4 wp-block-paragraph\">\u00d3rgano de Administraci\u00f3n Judicial.&nbsp;Integrado por 5 personas designadas por un periodo de 6 a\u00f1os por los Poderes de la Uni\u00f3n: el Poder Ejecutivo nombrar\u00e1 uno; el Senado nombrar\u00e1 uno; y la SCJN nombrar\u00e1 tres. Responsable de las funciones administrativas, de carrera judicial y de control interno, as\u00ed como de elaborar el presupuesto del Poder Judicial.<\/p>\n\n\n\n<p class=\"wp-block-paragraph\">Nuevas Reglas Procesales<\/p>\n\n\n\n<p class=\"s4 wp-block-paragraph\">Justicia expedita. Se establece un plazo m\u00e1ximo de 6 meses para la resoluci\u00f3n de asuntos fiscales, y de 1 a\u00f1o para asuntos penales. En caso de rebasar estos plazos, la autoridad judicial debe informarlo al Tribunal de Disciplina Judicial, que podr\u00e1 investigar y sancionar la demora.<\/p>\n\n\n\n<p class=\"s4 wp-block-paragraph\">Suspensiones. Se proh\u00edbe otorgar suspensiones contra leyes con efectos generales en amparos, controversias constitucionales y acciones de inconstitucionalidad.&nbsp;<\/p>\n\n\n\n<p class=\"s4 wp-block-paragraph\">Justicia local. Los Poderes Judiciales de las entidades federativas deber\u00e1n establecer reglas para la elecci\u00f3n directa de sus magistrados y jueces, as\u00ed como \u00f3rganos de administraci\u00f3n y disciplina independientes.&nbsp;<\/p>\n\n\n\n<p class=\"s4 wp-block-paragraph\">Fideicomisos del Poder Judicial. Una vez que concluyan los juicios pendientes, deber\u00e1n reintegrarse al Fondo de Pensiones paras el Bienestar. Se respetan los derechos y prestaciones de los trabajadores.&nbsp;<\/p>\n\n\n\n<p class=\"s4 wp-block-paragraph\">La anterior reforma seguramente ser\u00e1&nbsp;posible&nbsp;pues la actual presidenta de la SCJN le env\u00edo una carta a Claudia Sheinbaum donde en los dos&nbsp;\u00faltimos p\u00e1rrafos&nbsp;dice textualmente: \u201cLe extendemos&nbsp;una sincera felicitaci\u00f3n y le deseamos \u00e9xito en la encomienda respaldada por millones de mexicanos y de mexicanas en las urnas.<\/p>\n\n\n\n<p class=\"s4 wp-block-paragraph\">Desde el Poder Judicial Federal reiteramos la importanciapara nuestra democracia constitucional del di\u00e1logo abierto y honesto entre poderes y nuestra mejor disposici\u00f3n para responder en conjunto a las demandas de justicia de la ciudadan\u00eda.\u201d<\/p>\n\n\n\n<p class=\"s4 wp-block-paragraph\">La disposici\u00f3n del Poder Judicial a dialogar hace presumir que la reforma al Poder Judicial va.<\/p>\n\n\n\n<p class=\"s4 wp-block-paragraph\">&nbsp;<\/p>\n\n\n\n<p class=\"wp-block-paragraph\"><\/p>\n\n\n\n<p class=\"wp-block-paragraph\"><\/p>\n<div class=\"fb-background-color\">\n\t\t\t  <div \n\t\t\t  \tclass = \"fb-comments\" \n\t\t\t  \tdata-href = \"https:\/\/diarioavanzada.com.mx\/?p=58298\"\n\t\t\t  \tdata-numposts = \"10\"\n\t\t\t  \tdata-lazy = \"true\"\n\t\t\t\tdata-colorscheme = \"light\"\n\t\t\t\tdata-order-by = \"social\"\n\t\t\t\tdata-mobile=true>\n\t\t\t  <\/div><\/div>\n\t\t  <style>\n\t\t    .fb-background-color {\n\t\t\t\tbackground:  !important;\n\t\t\t}\n\t\t\t.fb_iframe_widget_fluid_desktop iframe {\n\t\t\t    width: 100% !important;\n\t\t\t}\n\t\t  <\/style>\n\t\t  ","protected":false},"excerpt":{"rendered":"<p>Columna El Puercoesp\u00edn&nbsp; De los objetivos La elecci\u00f3n presidencial ganada por Sheinbaum por m\u00e1s de 36 millones de votos har\u00e1 posible la reforma al Poder Judicial que presumiblemente contendr\u00eda lo siguiente: La reforma contiene tres objetivos principales: una nueva integraci\u00f3n de la Suprema Corte de Justicia de la Naci\u00f3npara darle&nbsp;eficiencia, austeridad y transparencia&nbsp;al&nbsp;m\u00e1ximo&nbsp;tribunal;&nbsp;elecci\u00f3n popular de&nbsp;ministros,&nbsp;magistrados [&hellip;]<\/p>\n","protected":false},"author":9,"featured_media":58297,"comment_status":"closed","ping_status":"closed","sticky":false,"template":"","format":"standard","meta":{"_coblocks_attr":"","_coblocks_dimensions":"","_coblocks_responsive_height":"","_coblocks_accordion_ie_support":"","advanced_seo_description":"","jetpack_seo_html_title":"","jetpack_seo_noindex":false,"jetpack_seo_schema_type":"","_jetpack_newsletter_access":"","_jetpack_dont_email_post_to_subs":false,"_jetpack_newsletter_tier_id":0,"_jetpack_memberships_contains_paywalled_content":false,"_wpcom_ai_launchpad_first_post":false,"_jetpack_feature_clip_id":0,"_jetpack_memberships_contains_paid_content":false,"footnotes":"","jetpack_post_was_ever_published":false},"categories":[19,209,24],"tags":[],"class_list":["post-58298","post","type-post","status-publish","format-standard","has-post-thumbnail","hentry","category-colima","category-importantes","category-opinion"],"jetpack-related-posts":[],"jetpack_sharing_enabled":true,"amp_enabled":true,"jetpack_featured_media_url":"https:\/\/diarioavanzada.com.mx\/wp-content\/uploads\/2024\/06\/img_0026-1.jpg","_links":{"self":[{"href":"https:\/\/diarioavanzada.com.mx\/index.php?rest_route=\/wp\/v2\/posts\/58298","targetHints":{"allow":["GET"]}}],"collection":[{"href":"https:\/\/diarioavanzada.com.mx\/index.php?rest_route=\/wp\/v2\/posts"}],"about":[{"href":"https:\/\/diarioavanzada.com.mx\/index.php?rest_route=\/wp\/v2\/types\/post"}],"author":[{"embeddable":true,"href":"https:\/\/diarioavanzada.com.mx\/index.php?rest_route=\/wp\/v2\/users\/9"}],"replies":[{"embeddable":true,"href":"https:\/\/diarioavanzada.com.mx\/index.php?rest_route=%2Fwp%2Fv2%2Fcomments&post=58298"}],"version-history":[{"count":0,"href":"https:\/\/diarioavanzada.com.mx\/index.php?rest_route=\/wp\/v2\/posts\/58298\/revisions"}],"wp:featuredmedia":[{"embeddable":true,"href":"https:\/\/diarioavanzada.com.mx\/index.php?rest_route=\/wp\/v2\/media\/58297"}],"wp:attachment":[{"href":"https:\/\/diarioavanzada.com.mx\/index.php?rest_route=%2Fwp%2Fv2%2Fmedia&parent=58298"}],"wp:term":[{"taxonomy":"category","embeddable":true,"href":"https:\/\/diarioavanzada.com.mx\/index.php?rest_route=%2Fwp%2Fv2%2Fcategories&post=58298"},{"taxonomy":"post_tag","embeddable":true,"href":"https:\/\/diarioavanzada.com.mx\/index.php?rest_route=%2Fwp%2Fv2%2Ftags&post=58298"}],"curies":[{"name":"wp","href":"https:\/\/api.w.org\/{rel}","templated":true}]}}