{"id":58256,"date":"2024-06-03T08:14:15","date_gmt":"2024-06-03T14:14:15","guid":{"rendered":"https:\/\/diarioavanzada.com.mx\/?p=58256"},"modified":"2024-06-03T08:14:15","modified_gmt":"2024-06-03T14:14:15","slug":"perdieron-los-comentocratas-el-clero-conservador-y-los-intelectuales-organicos-los-golpistas","status":"publish","type":"post","link":"https:\/\/diarioavanzada.com.mx\/?p=58256","title":{"rendered":"Perdieron los&nbsp;coment\u00f3cratas, el clero conservador y los intelectuales org\u00e1nicos: los golpistas"},"content":{"rendered":"\n<p class=\"wp-block-paragraph\">Columna<\/p>\n\n\n\n<p class=\"wp-block-paragraph\">El Puercoesp\u00edn&nbsp;<\/p>\n\n\n\n<p class=\"s4 wp-block-paragraph\">Iniciaron mal su campa\u00f1a y terminaron peor. Inventaron su pa\u00eds paralelo donde la cat\u00e1strofe era la constante, se creyeron sus mentiras y terminaron siendo v\u00edctimas de sus propias creencias.<\/p>\n\n\n\n<p class=\"s4 wp-block-paragraph\">La posverdad los guio y sus propias mentiras sentimentales los hundieron.&nbsp;El&nbsp;Prian&nbsp;perdi\u00f3 gracias a Dios.<\/p>\n\n\n\n<p class=\"s4 wp-block-paragraph\">Lo&nbsp;coment\u00f3cratas&nbsp;y los medios<\/p>\n\n\n\n<p class=\"s4 wp-block-paragraph\">En el 2018 los&nbsp;coment\u00f3cratas&nbsp;perdieron su primera elecci\u00f3n y no conformes con su fracaso le apostaron a una segunda derrota y lo lograron, volvieron a perder.<\/p>\n\n\n\n<p class=\"s4 wp-block-paragraph\">Los intelectuales org\u00e1nicos deben reiniciar sus programas o estar\u00e1n construyendo una nueva derrota. Una tercera derrota al hilo.&nbsp;Los intelectuales ya no persuaden a nadie ni a ellos mismos.&nbsp;<\/p>\n\n\n\n<p class=\"s4 wp-block-paragraph\">Televisoras, radiodifusoras, peri\u00f3dicos digitales&nbsp;y sus portales en las redes sociales no pudieron derrotar a un presidente que los enfrent\u00f3 frontalmente. Los medios de comunicaci\u00f3n sobrevaloraron su poder e,&nbsp;involuntariamente,han demostrado lo limitado que pueden ser y su poder de persuasi\u00f3n y manipulaci\u00f3n no es tan grande como ellos imaginaban. Odian a la gente, desprecian a la gente y terminaron siendo despreciados por la gente.<\/p>\n\n\n\n<p class=\"s4 wp-block-paragraph\">El clero reaccionario<\/p>\n\n\n\n<p class=\"s4 wp-block-paragraph\">Dios no trabaj\u00f3 el domingo. Dios no vot\u00f3 por ellos como hab\u00eda pronosticado su candidata. La candidata de derechas olvid\u00f3 que Dios descansa al s\u00e9ptimo d\u00eda.<\/p>\n\n\n\n<p class=\"s4 wp-block-paragraph\">El clero reaccionario lanz\u00f3 propaganda ic\u00f3nica, sermones desde los pulpitos, intent\u00f3 persuadir cara a cara. Los curas mintieron, calumniaron y vomitaron, y a\u00fan as\u00ed, perdieron.&nbsp;<\/p>\n\n\n\n<p class=\"s4 wp-block-paragraph\">Violaron los curas la Constituci\u00f3n y la&nbsp;ley&nbsp;Electoral, en su desesperaci\u00f3n. Se olvidaron de Dios preocupados m\u00e1s por los bienes terrenales y el dinero.&nbsp;<\/p>\n\n\n\n<p class=\"s4 wp-block-paragraph\">Perdieron los curas pertenecientes al clero reaccionario. Dios no estuvo de su lado. Dios vot\u00f3 por Claudia.<\/p>\n\n\n\n<p class=\"s4 wp-block-paragraph\">Los mexicanos tenemos muy presente la historia. De 1926 a 1929 los mexicanos libramos una guerra santa,&nbsp;La Cristiada. Los mexicanos no queremos una nueva guerra civil santa.&nbsp;La Cristiada nos dej\u00f3 en M\u00e9xico un saldo de un cuarto de mill\u00f3n de muertos.<\/p>\n\n\n\n<p class=\"s4 wp-block-paragraph\">Los curas&nbsp;reaccionarios&nbsp;perdieron con todo y sus trampas manipuladoras. El dos de junio es un poderoso mensaje a los curas beligerantes: a Dios lo que es de Dios\u2026&nbsp;<\/p>\n\n\n\n<p class=\"s4 wp-block-paragraph\">La religi\u00f3n es un espacio de la vida intima de la mexicanos y la manipulaci\u00f3n de los curas perversos ya no tiene cabida en la vida pol\u00edtica de los mexicanos.<\/p>\n\n\n\n<p class=\"s4 wp-block-paragraph\">La religi\u00f3n y los \u00edconos religiosos son parte de nuestra feindividual y privada&nbsp;y la vida pol\u00edtica es parte de nuestra vida c\u00edvica. Lo santo y lo profano son dos cosas distintas y los mexicanos lo entendemos perfectamente.&nbsp;<\/p>\n\n\n\n<p class=\"s4 wp-block-paragraph\">Los golpistas<\/p>\n\n\n\n<p class=\"s4 wp-block-paragraph\">Los derechistas golpistas perdieron porque su postura es antidemocr\u00e1tica, perversa y anacr\u00f3nica. Desde la v\u00edspera hacke\u00f3&nbsp;los portales de la Defensa Nacional y de la Marina Armada de M\u00e9xico para insinuar que los miembros de esas corporaciones militares estaban tramando un golpe de Estado contra el presidente L\u00f3pez Obrador.&nbsp;<\/p>\n\n\n\n<p class=\"s4 wp-block-paragraph\">Emilio Vallejo Ra\u2026 sintetiza a la perfecci\u00f3n el perfil del completo derechista y golpistas. El 1 de junio de 2024 public\u00f3 lo siguiente: \u201cLa&nbsp;Presidenta&nbsp;de facto X\u00f3chitl G\u00e1lvez tiene que jugar bien sus cartas. Si las Fuerzas Armadas la reconocen como&nbsp;Presidenta, acto seguido Estados Unidos y la Uni\u00f3n Europea la renacer\u00e1n como tal, logrando la legitimidad necesaria para ordenar una intervenci\u00f3n armada nacional e internacional que frene el&nbsp;auto-golpe&nbsp;de estado con el L\u00f3pez Obrador tratar\u00e1 de perpetrase y perpetuarse en el poder apoy\u00e1ndose en sus socios del C\u00e1rtel de Sinaloa y el C\u00e1rtel Jalisco Nueva Generaci\u00f3n.\u201d&nbsp;(sic).<\/p>\n\n\n\n<p class=\"s4 wp-block-paragraph\">El texto es el delirio perfecto de un derechista en las redes.<\/p>\n\n\n\n<p class=\"s4 wp-block-paragraph\">Emilio Vallejo es el paradigma del perfecto derechista y el pin\u00e1culo de su actuaci\u00f3n en la pasada elecci\u00f3n y se adecua a la forma en que los describi\u00f3 Carlos Monsiv\u00e1is: \u201cLa mejor derecha concebible es&nbsp;est\u00fapida, arrogante, atrasada y represiva. Re\u00fane todos los requisitos del modelo.\u201d<\/p>\n\n\n\n<p class=\"s4 wp-block-paragraph\">Actuaron fieles a su modelo y all\u00ed est\u00e1n los resultados para el bien de los mexicanos.&nbsp;<\/p>\n\n\n\n<p class=\"s4 wp-block-paragraph\">Epilogo<\/p>\n\n\n\n<p class=\"s4 wp-block-paragraph\">X\u00f3chitl inici\u00f3 haciendo el rid\u00edculo y termin\u00f3 haciendo el rid\u00edculo. Siempre fue una payasa y termin\u00f3 haciendo el rid\u00edculo al negar los resultados aplastantes. Perdi\u00f3 feo y no supo perder. &nbsp;<\/p>\n\n\n\n<p class=\"s4 wp-block-paragraph\">Al proclamarse ganadora de la elecci\u00f3n opt\u00f3 por la pol\u00edtica ficci\u00f3n, situaci\u00f3n que fue muy irresponsable y termina poniendo en rid\u00edculo a sus partidarios. Sus seguidores no se merecen esto. X\u00f3chitl fue irresponsable por decir lo menos, una payasa para ser realistas.<\/p>\n\n\n\n<p class=\"s4 wp-block-paragraph\">En el 2018,&nbsp;Ricardo Anaya y Jos\u00e9 Antonio Meade fueron m\u00e1s sensatos y responsables. X\u00f3chitl pasar\u00e1 a la historia como la payasita de la oposici\u00f3n que un d\u00eda so\u00f1\u00f3 con ser presidenta.&nbsp;<\/p>\n\n\n\n<p class=\"s4 wp-block-paragraph\">M\u00e9xico es un pa\u00eds grande y X\u00f3chitl una enana pol\u00edtica, lo acredit\u00f3 d\u00eda a d\u00eda en la campa\u00f1a.<\/p>\n\n\n\n<p class=\"s4 wp-block-paragraph\">Inventaron un pa\u00eds en sus locuras posmodernistas y la realidad los golpe\u00f3 duramente.<\/p>\n\n\n\n<p class=\"s4 wp-block-paragraph\">&nbsp;<\/p>\n<div class=\"fb-background-color\">\n\t\t\t  <div \n\t\t\t  \tclass = \"fb-comments\" \n\t\t\t  \tdata-href = \"https:\/\/diarioavanzada.com.mx\/?p=58256\"\n\t\t\t  \tdata-numposts = \"10\"\n\t\t\t  \tdata-lazy = \"true\"\n\t\t\t\tdata-colorscheme = \"light\"\n\t\t\t\tdata-order-by = \"social\"\n\t\t\t\tdata-mobile=true>\n\t\t\t  <\/div><\/div>\n\t\t  <style>\n\t\t    .fb-background-color {\n\t\t\t\tbackground:  !important;\n\t\t\t}\n\t\t\t.fb_iframe_widget_fluid_desktop iframe {\n\t\t\t    width: 100% !important;\n\t\t\t}\n\t\t  <\/style>\n\t\t  ","protected":false},"excerpt":{"rendered":"<p>Columna El Puercoesp\u00edn&nbsp; Iniciaron mal su campa\u00f1a y terminaron peor. Inventaron su pa\u00eds paralelo donde la cat\u00e1strofe era la constante, se creyeron sus mentiras y terminaron siendo v\u00edctimas de sus propias creencias. La posverdad los guio y sus propias mentiras sentimentales los hundieron.&nbsp;El&nbsp;Prian&nbsp;perdi\u00f3 gracias a Dios. Lo&nbsp;coment\u00f3cratas&nbsp;y los medios En el 2018 los&nbsp;coment\u00f3cratas&nbsp;perdieron su primera [&hellip;]<\/p>\n","protected":false},"author":9,"featured_media":58255,"comment_status":"closed","ping_status":"closed","sticky":false,"template":"","format":"standard","meta":{"_coblocks_attr":"","_coblocks_dimensions":"","_coblocks_responsive_height":"","_coblocks_accordion_ie_support":"","advanced_seo_description":"","jetpack_seo_html_title":"","jetpack_seo_noindex":false,"jetpack_seo_schema_type":"","_jetpack_newsletter_access":"","_jetpack_dont_email_post_to_subs":false,"_jetpack_newsletter_tier_id":0,"_jetpack_memberships_contains_paywalled_content":false,"_wpcom_ai_launchpad_first_post":false,"_jetpack_feature_clip_id":0,"_jetpack_memberships_contains_paid_content":false,"footnotes":"","jetpack_post_was_ever_published":false},"categories":[19,209,24],"tags":[],"class_list":["post-58256","post","type-post","status-publish","format-standard","has-post-thumbnail","hentry","category-colima","category-importantes","category-opinion"],"jetpack-related-posts":[],"jetpack_sharing_enabled":true,"amp_enabled":true,"jetpack_featured_media_url":"https:\/\/diarioavanzada.com.mx\/wp-content\/uploads\/2024\/06\/img_9957-1.jpg","_links":{"self":[{"href":"https:\/\/diarioavanzada.com.mx\/index.php?rest_route=\/wp\/v2\/posts\/58256","targetHints":{"allow":["GET"]}}],"collection":[{"href":"https:\/\/diarioavanzada.com.mx\/index.php?rest_route=\/wp\/v2\/posts"}],"about":[{"href":"https:\/\/diarioavanzada.com.mx\/index.php?rest_route=\/wp\/v2\/types\/post"}],"author":[{"embeddable":true,"href":"https:\/\/diarioavanzada.com.mx\/index.php?rest_route=\/wp\/v2\/users\/9"}],"replies":[{"embeddable":true,"href":"https:\/\/diarioavanzada.com.mx\/index.php?rest_route=%2Fwp%2Fv2%2Fcomments&post=58256"}],"version-history":[{"count":0,"href":"https:\/\/diarioavanzada.com.mx\/index.php?rest_route=\/wp\/v2\/posts\/58256\/revisions"}],"wp:featuredmedia":[{"embeddable":true,"href":"https:\/\/diarioavanzada.com.mx\/index.php?rest_route=\/wp\/v2\/media\/58255"}],"wp:attachment":[{"href":"https:\/\/diarioavanzada.com.mx\/index.php?rest_route=%2Fwp%2Fv2%2Fmedia&parent=58256"}],"wp:term":[{"taxonomy":"category","embeddable":true,"href":"https:\/\/diarioavanzada.com.mx\/index.php?rest_route=%2Fwp%2Fv2%2Fcategories&post=58256"},{"taxonomy":"post_tag","embeddable":true,"href":"https:\/\/diarioavanzada.com.mx\/index.php?rest_route=%2Fwp%2Fv2%2Ftags&post=58256"}],"curies":[{"name":"wp","href":"https:\/\/api.w.org\/{rel}","templated":true}]}}