{"id":58165,"date":"2024-05-29T07:07:00","date_gmt":"2024-05-29T13:07:00","guid":{"rendered":"https:\/\/diarioavanzada.com.mx\/?p=58165"},"modified":"2024-05-29T07:07:00","modified_gmt":"2024-05-29T13:07:00","slug":"cada-quien-su-voto","status":"publish","type":"post","link":"https:\/\/diarioavanzada.com.mx\/?p=58165","title":{"rendered":"Cada quien su voto"},"content":{"rendered":"\n<p class=\"wp-block-paragraph\">Columna<\/p>\n\n\n\n<p class=\"wp-block-paragraph\">El Puercoesp\u00edn&nbsp;<\/p>\n\n\n\n<p class=\"s7 wp-block-paragraph\">Cada quien su vida, as\u00ed titul\u00f3&nbsp;Luis G. Basurto una obra de teatro&nbsp;suya&nbsp;contextualizada en el M\u00e9xico de las d\u00e9cadas de los 40 y 50 del siglo XX.&nbsp;<\/p>\n\n\n\n<p class=\"s7 wp-block-paragraph\">El t\u00edtulo es muy provocador porque confronta la individualidad&nbsp;de la vida privada de las personas&nbsp;con&nbsp;el colectivo de la sociedad.&nbsp;<\/p>\n\n\n\n<p class=\"s7 wp-block-paragraph\">Cada quien su vida&nbsp;tambi\u00e9n&nbsp;es una expresi\u00f3n que se utiliza para enfatizar que cada persona tiene su propia vida y debe tomar sus propias decisiones. En otras palabras, cada individuo es responsable de su propio camino y elecciones. Es una forma de recordarnos que no debemos juzgar ni interferir en las decisiones de los dem\u00e1s.<\/p>\n\n\n\n<p class=\"s7 wp-block-paragraph\">Por eso yo escribo&nbsp;cada quien su voto&nbsp;porque en lo individual tenemos la libertad de votar por quien uno&nbsp;quiere,pero dial\u00e9cticamente tambi\u00e9n tenemos la responsabilidad de buscar,&nbsp;entre todos los inconvenientes,&nbsp;el mejor uso de nuestro voto&nbsp;para decirles a los pol\u00edticos que los ciudadanos existimos. Mi dilema es libertad y responsabilidad. Y cada quien su voto en su estado, su municipio, su distrito federal electoral y su distrito local concretos.<\/p>\n\n\n\n<p class=\"s7 wp-block-paragraph\">Cada quien su voto. Yo votar\u00e9 as\u00ed:&nbsp;<\/p>\n\n\n\n<p class=\"s7 wp-block-paragraph\">Para la Presidencia de la Rep\u00fablica no voy a votar por una mujer c\u00ednica que miente sistem\u00e1ticamente y firma con sangre algo que nunca cumplir\u00e1. Dijo que mantendr\u00e1 los programas sociales y en d\u00edas pasados sus aliados (Prian) votaron en contra del fondo de las&nbsp;Afores para aumentar las pensiones m\u00ednimas&nbsp;de 5 mil&nbsp;a 16 mil pesos&nbsp;mensuales. Son enemigos del Estado de Bienestar, por tanto, los considero mis enemigos pol\u00edticos.&nbsp;Por X\u00f3chitl no votar\u00e9.<\/p>\n\n\n\n<p class=\"s7 wp-block-paragraph\">Para senadores no voy a votar por una mujer que ayud\u00f3 a destruir la industria el\u00e9ctrica y luch\u00f3&nbsp;en su partido para que empresas extranjeras saquearan al pa\u00eds con el enga\u00f1o de que luchaba por las energ\u00edas limpias. Mely Romero es una corrupta, c\u00ednica,&nbsp;que,&nbsp;lejos de estar compitiendo por una posici\u00f3n en el Senado,&nbsp;deber\u00eda de estar ofreciendo disculpas y en su casa para no hacer m\u00e1s da\u00f1o a M\u00e9xico. Es una enemiga del Estado de Bienestar. La f\u00f3rmula de&nbsp;Fuerza y Coraz\u00f3n por M\u00e9xico&nbsp;es una f\u00f3rmula dise\u00f1ada para seguir saqueando a M\u00e9xico.<\/p>\n\n\n\n<p class=\"s7 wp-block-paragraph\">No voy a votar por Virgilio Mendoza porque existen serios indicios que \u00e9l est\u00e1 vinculado al crimen organizado. Es un tipo que p\u00fablicamente dijo que no tiene por qu\u00e9 rendir cuenta a la sociedad. Yo no puedo votar por un tipo que,seg\u00fan audios publicados por el peri\u00f3dico&nbsp;\u00cdndigo,&nbsp;acept\u00f3dinero del crimen organizado. Por la f\u00f3rmula Morena al Senado no voto.<\/p>\n\n\n\n<p class=\"s7 wp-block-paragraph\">Aqu\u00ed mi voto es estrat\u00e9gico. Voy a votar por Griselda Mart\u00ednez y Chuy Due\u00f1as porque ellos, para&nbsp;m\u00ed, representan un serio contrapeso a las mafias incrustadas en el gobierno del estado. Votar por Griselda es votar por una presidenta municipal que hizo bien su trabajo en Manzanillo. Dej\u00f3 al municipio con pr\u00e1cticamente cero deudas y en buen estado financiero.<\/p>\n\n\n\n<p class=\"s7 wp-block-paragraph\">Para diputado federal no voy a votar por Locho porque \u00e9l y su esposa son un consorcio que act\u00faa para hacerse de un puesto y seguir benefici\u00e1ndose en t\u00e9rminos personales. Ellos piensan en el dinero y c\u00f3mo seguir obtenido dinero del gobierno. Por Morena no voy a votar.<\/p>\n\n\n\n<p class=\"s7 wp-block-paragraph\">La&nbsp;f\u00f3rmula&nbsp;de&nbsp;Fuerza y Coraz\u00f3n por Colima&nbsp;no dio muestras de un proyecto social y apoy\u00f3 decididamente a X\u00f3chitl en su programa anti-Estado de Bienestar. Por el Prian no votar\u00e9, en la elecci\u00f3n para diputado federal, adem\u00e1s las fracciones parlamentarias del PRIANRD presentaron un juicio de inconstitucionalidad para que la Suprema Corte de Justicia de la Naci\u00f3n tire la reforma a las pensiones y los jubilados no cobren el 100 % de su sueldo. Son hip\u00f3critas y mentirosos que no van a respetar las reformas de sentido social. Son un peligro para los mexicanos porque nos quieren pobres e indefensos. &nbsp;<\/p>\n\n\n\n<p class=\"s7 wp-block-paragraph\">En diputados federales voy a darle mi voto de confianza a Romelia Serrano del Partido Naranja.<\/p>\n\n\n\n<p class=\"s7 wp-block-paragraph\">Para presidente municipal no votar\u00e9 por Guillermo Toscano porque \u00e9l es un delincuente. No me refiero a su pasado cuando se equivoc\u00f3, no, porque todos&nbsp;merecemos&nbsp;una nueva oportunidad&nbsp;en la vida, todos tenemos derecho a&nbsp;redimirnos. Digo que no votar\u00e9 por \u00e9l porque siendo diputado&nbsp;por Morena&nbsp;vot\u00f3 a&nbsp;favor de&nbsp;endeudar&nbsp;al gobierno del estado apoyando al gobierno de Nacho Peralta. Yo no votar\u00e9 por Guillermo&nbsp;Toscano&nbsp;porque es un delincuente pol\u00edtico&nbsp;y as\u00ed se comport\u00f3 en la&nbsp;C\u00e1mara de diputados local. No votar\u00e9 por \u00e9l porque nada hizo por desmantelar el saqueo que se est\u00e1 haciendo por medio de la empresa Bosques del Ed\u00e9n&nbsp;en Villa de \u00c1lvarez donde \u00e9l fue regidor.<\/p>\n\n\n\n<p class=\"s7 wp-block-paragraph\">No votar\u00e9 por&nbsp;Fuerza y Coraz\u00f3n por Colima&nbsp;porque son los mismos priistas de siempre. Y yo por el Prian no voto.<\/p>\n\n\n\n<p class=\"s7 wp-block-paragraph\">Voy a votar por Sergio&nbsp;Checo&nbsp;Rodr\u00edguez candidato de Movimiento Ciudadano. A \u00e9l le dar\u00e9 mi voto de confianza.<\/p>\n\n\n\n<p class=\"s7 wp-block-paragraph\">Yo radico en el distrito cinco en Villa de \u00c1lvarez; por lo tanto, no voy a votar por Felipe Cruz Calvario porque es un perfecto&nbsp;vividor del gobierno. Junto con su esposa negoci\u00f3 el voto, de ella, en el Congreso para \u00e9l ocupar un puesto en&nbsp;el&nbsp;gabinete de Indira. Yo no estoy dispuesto a votar por un vendido al mejor postor&nbsp;y&nbsp;que ha demostrado que los electores le importan un comino. Es un corrupto vendido almejor postor.&nbsp;<\/p>\n\n\n\n<p class=\"s7 wp-block-paragraph\">No voy a votar por Karen Judith Jurado Escamilla del partido Morena porque ella no tiene ning\u00fan historial pol\u00edtico que acredite un trabajo a favor de los ciudadanos. Fue bur\u00f3crata de la Delegaci\u00f3n de la Secretar\u00eda del Bienestar. Su \u00fanico&nbsp;m\u00e9rito&nbsp;es ser hermana del jefe de la Oficina de la Gubernatura,&nbsp;Eduardo Jurado, por cierto, lugar desde se est\u00e1 operando la guerra electoral sucia de Morena. Por corruptos no voto.<\/p>\n\n\n\n<p class=\"s7 wp-block-paragraph\">Mi voto ser\u00e1 para Karina Guadalupe Salazar Ch\u00e1vez de Movimiento Ciudadano y le voy a dar a ella mi voto de confianza.<\/p>\n\n\n\n<p class=\"s7 wp-block-paragraph\">Mis votos buscan aumentar los programas sociales, proyectos productivos rentables, trabajo y propiciar la fiscalizaci\u00f3n de los Poderes y la rendici\u00f3n de cuentas, mi voto busca la justicia social.&nbsp;<\/p>\n\n\n\n<p class=\"s7 wp-block-paragraph\">Cada quien su voto. Yo voto con libertad individual y con responsabilidad colectiva. Por eso&nbsp;cada quien su vida,&nbsp;cada quien su voto,&nbsp;parafraseando el t\u00edtulo&nbsp;provocador&nbsp;de la obra de teatro del maestro&nbsp;Luis G. Basurto&nbsp;que es todo un cl\u00e1sico en la dramaturgia mexicana.&nbsp;<\/p>\n\n\n\n<p class=\"s7 wp-block-paragraph\">En s\u00edntesis, soy guinda para la&nbsp;Presidencia y naranja para todo lo dem\u00e1s. El voto diferenciado es,&nbsp;para m\u00ed,&nbsp;lo correcto.<\/p>\n<div class=\"fb-background-color\">\n\t\t\t  <div \n\t\t\t  \tclass = \"fb-comments\" \n\t\t\t  \tdata-href = \"https:\/\/diarioavanzada.com.mx\/?p=58165\"\n\t\t\t  \tdata-numposts = \"10\"\n\t\t\t  \tdata-lazy = \"true\"\n\t\t\t\tdata-colorscheme = \"light\"\n\t\t\t\tdata-order-by = \"social\"\n\t\t\t\tdata-mobile=true>\n\t\t\t  <\/div><\/div>\n\t\t  <style>\n\t\t    .fb-background-color {\n\t\t\t\tbackground:  !important;\n\t\t\t}\n\t\t\t.fb_iframe_widget_fluid_desktop iframe {\n\t\t\t    width: 100% !important;\n\t\t\t}\n\t\t  <\/style>\n\t\t  ","protected":false},"excerpt":{"rendered":"<p>Columna El Puercoesp\u00edn&nbsp; Cada quien su vida, as\u00ed titul\u00f3&nbsp;Luis G. Basurto una obra de teatro&nbsp;suya&nbsp;contextualizada en el M\u00e9xico de las d\u00e9cadas de los 40 y 50 del siglo XX.&nbsp; El t\u00edtulo es muy provocador porque confronta la individualidad&nbsp;de la vida privada de las personas&nbsp;con&nbsp;el colectivo de la sociedad.&nbsp; Cada quien su vida&nbsp;tambi\u00e9n&nbsp;es una expresi\u00f3n que [&hellip;]<\/p>\n","protected":false},"author":9,"featured_media":58164,"comment_status":"closed","ping_status":"closed","sticky":false,"template":"","format":"standard","meta":{"_coblocks_attr":"","_coblocks_dimensions":"","_coblocks_responsive_height":"","_coblocks_accordion_ie_support":"","advanced_seo_description":"","jetpack_seo_html_title":"","jetpack_seo_noindex":false,"jetpack_seo_schema_type":"","_jetpack_newsletter_access":"","_jetpack_dont_email_post_to_subs":false,"_jetpack_newsletter_tier_id":0,"_jetpack_memberships_contains_paywalled_content":false,"_wpcom_ai_launchpad_first_post":false,"_jetpack_feature_clip_id":0,"_jetpack_memberships_contains_paid_content":false,"footnotes":"","jetpack_post_was_ever_published":false},"categories":[19,209,24],"tags":[],"class_list":["post-58165","post","type-post","status-publish","format-standard","has-post-thumbnail","hentry","category-colima","category-importantes","category-opinion"],"jetpack-related-posts":[],"jetpack_sharing_enabled":true,"amp_enabled":true,"jetpack_featured_media_url":"https:\/\/diarioavanzada.com.mx\/wp-content\/uploads\/2024\/05\/img_9785-1.jpg","_links":{"self":[{"href":"https:\/\/diarioavanzada.com.mx\/index.php?rest_route=\/wp\/v2\/posts\/58165","targetHints":{"allow":["GET"]}}],"collection":[{"href":"https:\/\/diarioavanzada.com.mx\/index.php?rest_route=\/wp\/v2\/posts"}],"about":[{"href":"https:\/\/diarioavanzada.com.mx\/index.php?rest_route=\/wp\/v2\/types\/post"}],"author":[{"embeddable":true,"href":"https:\/\/diarioavanzada.com.mx\/index.php?rest_route=\/wp\/v2\/users\/9"}],"replies":[{"embeddable":true,"href":"https:\/\/diarioavanzada.com.mx\/index.php?rest_route=%2Fwp%2Fv2%2Fcomments&post=58165"}],"version-history":[{"count":0,"href":"https:\/\/diarioavanzada.com.mx\/index.php?rest_route=\/wp\/v2\/posts\/58165\/revisions"}],"wp:featuredmedia":[{"embeddable":true,"href":"https:\/\/diarioavanzada.com.mx\/index.php?rest_route=\/wp\/v2\/media\/58164"}],"wp:attachment":[{"href":"https:\/\/diarioavanzada.com.mx\/index.php?rest_route=%2Fwp%2Fv2%2Fmedia&parent=58165"}],"wp:term":[{"taxonomy":"category","embeddable":true,"href":"https:\/\/diarioavanzada.com.mx\/index.php?rest_route=%2Fwp%2Fv2%2Fcategories&post=58165"},{"taxonomy":"post_tag","embeddable":true,"href":"https:\/\/diarioavanzada.com.mx\/index.php?rest_route=%2Fwp%2Fv2%2Ftags&post=58165"}],"curies":[{"name":"wp","href":"https:\/\/api.w.org\/{rel}","templated":true}]}}