{"id":58095,"date":"2024-05-24T07:12:52","date_gmt":"2024-05-24T13:12:52","guid":{"rendered":"https:\/\/diarioavanzada.com.mx\/?p=58095"},"modified":"2024-05-24T07:33:00","modified_gmt":"2024-05-24T13:33:00","slug":"matriz-de-la-catequesis-del-odio","status":"publish","type":"post","link":"https:\/\/diarioavanzada.com.mx\/?p=58095","title":{"rendered":"Matriz de la catequesis del odio"},"content":{"rendered":"\n<p class=\"wp-block-paragraph\">Columna<\/p>\n\n\n\n<p class=\"wp-block-paragraph\">El Puercoesp\u00edn&nbsp;<\/p>\n\n\n\n<p class=\"s5 wp-block-paragraph\">El olor del dinero y el aroma de la muerte los une. No tienen esp\u00edritu. Su obsesi\u00f3n es que siga la corrupci\u00f3n para seguir&nbsp;alimentando sus fortunas. Se dicen empresarios, no lo son. Son vividores del erario. Lo humano les es ajeno.&nbsp;<\/p>\n\n\n\n<p class=\"s5 wp-block-paragraph\">La noche del d\u00eda 22 de mayo debido a fuertes vientos que azotaron el municipio de San Pedro Garza Garc\u00eda la estructura donde se encontraba el candidato presidencial&nbsp;de Movimiento Ciudadano colaps\u00f3 provocando nueve muertos y,&nbsp;en total,&nbsp;182 personas fueron hospitalizada. La Fiscal\u00eda de Nuevo Le\u00f3n inici\u00f3 formalmente una&nbsp;carpeta deinvestigaci\u00f3n.<\/p>\n\n\n\n<p class=\"s5 wp-block-paragraph\">Fue una tragedia. Mucho dolor embarga a los militantes de Movimiento Ciudadano.&nbsp;<\/p>\n\n\n\n<p class=\"s5 wp-block-paragraph\">Claudia Sheinbaum&nbsp;public\u00f3 en las redes sociales lo siguiente: \u201cLo lamento much\u00edsimo\u201d y, agreg\u00f3, les env\u00edo mis condolencias a los familiares de las v\u00edctimas y asegur\u00f3 que mantiene su solidaridad con Jorge \u00c1lvarez M\u00e1ynez, candidato a la Presidencia de la Rep\u00fablica por MC, as\u00ed como con Samuel Garc\u00eda, gobernador de Nuevo Le\u00f3n.&nbsp;<\/p>\n\n\n\n<p class=\"s6 wp-block-paragraph\">X\u00f3chitl G\u00e1lvez p\u00fablico en su red X: \u201cMis m\u00e1s sinceras condolencias a las familias de las personas que perdieron la vida y mi solidaridad con quienes resultaron heridos. Adem\u00e1s, quiero expresar mi profundo pesar por la tragedia que ocurri\u00f3 en el evento de Jorge \u00c1lvarez M\u00e1ynez, donde hubo seis muertos y m\u00e1s de 50 heridos.&nbsp;Mi coraz\u00f3n est\u00e1 con las v\u00edctimas y sus familias.\u201d<\/p>\n\n\n\n<p class=\"s5 wp-block-paragraph\">Las dos candidatas a la&nbsp;Presidencia&nbsp;de M\u00e9xico&nbsp;actuaron con bastante sensibilidad y humanismo; sin&nbsp;embargo,&nbsp;los seguidores de la candidata derechista no siguieron el ejemplo de su l\u00edder y actuaron con la peor cara de&nbsp;lo que llamamos humanidad.&nbsp;<\/p>\n\n\n\n<p class=\"s5 wp-block-paragraph\">En las redes sociales, donde radica la matriz de los catequistas del odio,&nbsp;Emilio \u00c1lvarez Icaza se&nbsp;mof\u00f3 de la tragedia y&nbsp;public\u00f3&nbsp;en su cuenta de Twitter: \u201cHasta la naturaleza les marca la ruta\u201d. Y&nbsp;H\u00e9ctor&nbsp;de&nbsp;Maule\u00f3n&nbsp;-burlonamente-&nbsp;public\u00f3 \u00a1S\u00e1lvese quien pueda!; la actriz Laisha Wilkins&nbsp;expres\u00f3 p\u00fablicamente&nbsp;\u201cYa ven a \u00e9l tambi\u00e9n se le va a caer el pa\u00eds\u201d; Lilly T\u00e9llez&nbsp;edit\u00f3 lo siguiente \u201cUsted es un cobarde y a su lado hubo un h\u00e9roe que ayud\u00f3 a una mujer. Ojal\u00e1 aprenda de ese valiente mexicano\u201d; Pedro Ferriz H. difundi\u00f3 lo siguiente \u201cA Claudia se le cay\u00f3 el metro. A \u00c1lvarez M\u00e1ynez se le cay\u00f3 el templete. \u00bfQu\u00e9 parte no entiendes?\u201d<\/p>\n\n\n\n<p class=\"s5 wp-block-paragraph\">Felipe&nbsp;Calder\u00f3n desde Espa\u00f1a&nbsp;divulg\u00f3 un texto muy parecido a los anteriores.<\/p>\n\n\n\n<p class=\"s5 wp-block-paragraph\">Cuando&nbsp;uno ve los textos de los partidarios de X\u00f3chitl G\u00e1lvez,&nbsp;textos&nbsp;insultante carentes de&nbsp;informaci\u00f3n, pero llenos&nbsp;de&nbsp;emociones, en el mejor de los casos,&nbsp;adem\u00e1s&nbsp;en la mayor\u00eda est\u00e1n llenos de insultos y proyecci\u00f3n de sus frustraciones y sus odios.<\/p>\n\n\n\n<p class=\"s5 wp-block-paragraph\">Re\u00edrse de la tragedia de otros mexicanos por el simple hecho de pensar diferente rebasa los&nbsp;l\u00edmites&nbsp;de la decencia.<\/p>\n\n\n\n<p class=\"s5 wp-block-paragraph\">La derecha est\u00e1 perdiendo la br\u00fajula pol\u00edticamente hablando, pero en el terreno humano est\u00e1n extraviados totalmente.<\/p>\n\n\n\n<p class=\"s5 wp-block-paragraph\">Re\u00edrse de la tragedia de los otros es carecer de esp\u00edritu. Pobres tipos.<\/p>\n\n\n\n<p class=\"s5 wp-block-paragraph\">Un grupo social puede perder una elecci\u00f3n y en el corto o mediano,&nbsp;o&nbsp;el&nbsp;en caso extremo,&nbsp;en el largo plazo ya ganar\u00e1n la elecci\u00f3n y no pasa nada,&nbsp;la vida&nbsp;sigue.<\/p>\n\n\n\n<p class=\"s5 wp-block-paragraph\">Pero perder la esencia humana son palabras mayores.<\/p>\n\n\n\n<p class=\"s5 wp-block-paragraph\">La derecha mexicana renunci\u00f3&nbsp;a todo lo humano,&nbsp;la vida no les importa,&nbsp;solo piensan en olor del dinero y les es grato el aroma de la muerte.<\/p>\n\n\n\n<p class=\"s5 wp-block-paragraph\">La derecha podr\u00e1 tener millones de pesos, pero esp\u00edritu humano jam\u00e1s. Renunciar a lo humano por decisi\u00f3n racional es inadmisible.<\/p>\n\n\n\n<p class=\"s5 wp-block-paragraph\">Mi solidaridad con todos los miembros de Movimiento Ciudadano en todo el pa\u00eds y particularmente con los&nbsp;emecistas&nbsp;colimenses.&nbsp;Por cierto, Movimiento Ciudadano en Colima algo est\u00e1n haciendo muy bien porque los priistas, panistas y morenistas los quieren expulsar de la contienda electoral para repartirse el pastel entre puros sinverg\u00fcenzas.&nbsp;<\/p>\n\n\n\n<p class=\"s5 wp-block-paragraph\">La cultura de lo antihumano debe ser rechazada, incluso, por las personas de pensamiento conservador.&nbsp;Estoy cierto que no todos los conservadores son inhumanos.&nbsp;<\/p>\n\n\n\n<p class=\"s5 wp-block-paragraph\">Los miserables que se burlan de sus hermanos mexicanos no son dignos de compartir patria.&nbsp;<\/p>\n\n\n\n<p class=\"s5 wp-block-paragraph\">La tragedia del mitin en San Pedro Garza Garc\u00eda puso al descubierto que la matriz de la catequesis del odio se encuentra en la derecha.&nbsp;<\/p>\n\n\n\n<p class=\"s5 wp-block-paragraph\">La escuela del odio es propiedad de la autodenominada marea rosa. Sus catequistas enloquecieron. Odiar es su consigna invariable. Lo humano les es ajeno.<\/p>\n<div class=\"fb-background-color\">\n\t\t\t  <div \n\t\t\t  \tclass = \"fb-comments\" \n\t\t\t  \tdata-href = \"https:\/\/diarioavanzada.com.mx\/?p=58095\"\n\t\t\t  \tdata-numposts = \"10\"\n\t\t\t  \tdata-lazy = \"true\"\n\t\t\t\tdata-colorscheme = \"light\"\n\t\t\t\tdata-order-by = \"social\"\n\t\t\t\tdata-mobile=true>\n\t\t\t  <\/div><\/div>\n\t\t  <style>\n\t\t    .fb-background-color {\n\t\t\t\tbackground:  !important;\n\t\t\t}\n\t\t\t.fb_iframe_widget_fluid_desktop iframe {\n\t\t\t    width: 100% !important;\n\t\t\t}\n\t\t  <\/style>\n\t\t  ","protected":false},"excerpt":{"rendered":"<p>Columna El Puercoesp\u00edn&nbsp; El olor del dinero y el aroma de la muerte los une. No tienen esp\u00edritu. Su obsesi\u00f3n es que siga la corrupci\u00f3n para seguir&nbsp;alimentando sus fortunas. Se dicen empresarios, no lo son. Son vividores del erario. Lo humano les es ajeno.&nbsp; La noche del d\u00eda 22 de mayo debido a fuertes vientos [&hellip;]<\/p>\n","protected":false},"author":9,"featured_media":58094,"comment_status":"closed","ping_status":"closed","sticky":false,"template":"","format":"standard","meta":{"_coblocks_attr":"","_coblocks_dimensions":"","_coblocks_responsive_height":"","_coblocks_accordion_ie_support":"","advanced_seo_description":"","jetpack_seo_html_title":"","jetpack_seo_noindex":false,"jetpack_seo_schema_type":"","_jetpack_newsletter_access":"","_jetpack_dont_email_post_to_subs":false,"_jetpack_newsletter_tier_id":0,"_jetpack_memberships_contains_paywalled_content":false,"_wpcom_ai_launchpad_first_post":false,"_jetpack_feature_clip_id":0,"_jetpack_memberships_contains_paid_content":false,"footnotes":"","jetpack_post_was_ever_published":false},"categories":[19,209,24],"tags":[],"class_list":["post-58095","post","type-post","status-publish","format-standard","has-post-thumbnail","hentry","category-colima","category-importantes","category-opinion"],"jetpack-related-posts":[],"jetpack_sharing_enabled":true,"amp_enabled":true,"jetpack_featured_media_url":"https:\/\/diarioavanzada.com.mx\/wp-content\/uploads\/2024\/05\/img_9604-1.jpg","_links":{"self":[{"href":"https:\/\/diarioavanzada.com.mx\/index.php?rest_route=\/wp\/v2\/posts\/58095","targetHints":{"allow":["GET"]}}],"collection":[{"href":"https:\/\/diarioavanzada.com.mx\/index.php?rest_route=\/wp\/v2\/posts"}],"about":[{"href":"https:\/\/diarioavanzada.com.mx\/index.php?rest_route=\/wp\/v2\/types\/post"}],"author":[{"embeddable":true,"href":"https:\/\/diarioavanzada.com.mx\/index.php?rest_route=\/wp\/v2\/users\/9"}],"replies":[{"embeddable":true,"href":"https:\/\/diarioavanzada.com.mx\/index.php?rest_route=%2Fwp%2Fv2%2Fcomments&post=58095"}],"version-history":[{"count":2,"href":"https:\/\/diarioavanzada.com.mx\/index.php?rest_route=\/wp\/v2\/posts\/58095\/revisions"}],"predecessor-version":[{"id":58099,"href":"https:\/\/diarioavanzada.com.mx\/index.php?rest_route=\/wp\/v2\/posts\/58095\/revisions\/58099"}],"wp:featuredmedia":[{"embeddable":true,"href":"https:\/\/diarioavanzada.com.mx\/index.php?rest_route=\/wp\/v2\/media\/58094"}],"wp:attachment":[{"href":"https:\/\/diarioavanzada.com.mx\/index.php?rest_route=%2Fwp%2Fv2%2Fmedia&parent=58095"}],"wp:term":[{"taxonomy":"category","embeddable":true,"href":"https:\/\/diarioavanzada.com.mx\/index.php?rest_route=%2Fwp%2Fv2%2Fcategories&post=58095"},{"taxonomy":"post_tag","embeddable":true,"href":"https:\/\/diarioavanzada.com.mx\/index.php?rest_route=%2Fwp%2Fv2%2Ftags&post=58095"}],"curies":[{"name":"wp","href":"https:\/\/api.w.org\/{rel}","templated":true}]}}