{"id":58056,"date":"2024-05-23T07:42:50","date_gmt":"2024-05-23T13:42:50","guid":{"rendered":"https:\/\/diarioavanzada.com.mx\/?p=58056"},"modified":"2024-05-23T07:42:50","modified_gmt":"2024-05-23T13:42:50","slug":"caso-secundaria-gustavo-vazquez-les-quitan-a-los-que-mas-lo-necesitan","status":"publish","type":"post","link":"https:\/\/diarioavanzada.com.mx\/?p=58056","title":{"rendered":"Caso secundaria Gustavo V\u00e1zquez: les quitan a los que m\u00e1s lo necesitan"},"content":{"rendered":"\n<p class=\"wp-block-paragraph\">Columna<\/p>\n\n\n\n<p class=\"wp-block-paragraph\">El Puercoesp\u00edn&nbsp;<\/p>\n\n\n\n<p class=\"s4 wp-block-paragraph\">La clave presupuestal de una prefectura&nbsp;<a><\/a>076113E233100. 000 0008&nbsp;no es la gran cosa para una&nbsp;persona, pero para&nbsp;una&nbsp;escuela con grandes necesidades es mucho,&nbsp;porque se suma a las carencias end\u00e9micas. Su pensamiento hoy es, si no nos dan, no nos quiten.&nbsp;<\/p>\n\n\n\n<p class=\"s4 wp-block-paragraph\">La campa\u00f1a de Morena y de L\u00f3pez Obrador fue muy provocadora y llena de esperanza \u201cPor el bien de todos, primero los pobres\u201d.<\/p>\n\n\n\n<p class=\"s4 wp-block-paragraph\">La mayor\u00eda de los mexicanos concurrimos a la convocatoria con la esperanza firme de avanzar hacia una sociedad m\u00e1s justa e igualitaria. Los&nbsp;programas sociales&nbsp;del Estado del Bienestar dieron congruencia y consecuencia al proyecto de Obrador; sin embargo, los gobiernos de Morena en los estados de la Rep\u00fablica transitan hacia el sentido contrario.Colima est\u00e1 en este \u00faltimo supuesto.<\/p>\n\n\n\n<p class=\"s4 wp-block-paragraph\">Desde el 21 de mayo la escuela secundaria general&nbsp;Gustavo V\u00e1zquez Montes&nbsp;ya no aparece con plazas disponibles para que los trabajadores administrativos concursen por plaza para una prefectura. Ese puesto, esa clave,&nbsp;no existe m\u00e1s en esa escuela.<\/p>\n\n\n\n<p class=\"s4 wp-block-paragraph\">Desde el 1 de enero de 2024 qued\u00f3 vacante la clave de prefecto y su vacancia pervivi\u00f3 hasta el 29 de febrero, producto de la renuncia por jubilaci\u00f3n de la licenciada Mar\u00eda Teresa Galv\u00e1n Parra.<\/p>\n\n\n\n<p class=\"s4 wp-block-paragraph\">El 1 de marzo la plaza fue ocupada por la C. Ana Mar\u00eda \u201cN\u201d; sin embargo, la nueva titular de la clave solicit\u00f3 cambio de adscripci\u00f3n y en dicho&nbsp;movimiento&nbsp;administrativo se llev\u00f3 consigo la clave de prefecto, dejando a la escuela sin el recurso humano y sin la clave administrativa. En su lugar lleg\u00f3 a la escuela un nuevo prefecto&nbsp;con nombramiento por contrato y, por supuesto,&nbsp;sin la correspondiente clave administrativa&nbsp;porque dicha clave fue transferida al nuevo centro de trabajo de la C. Ana Mar\u00eda \u201cN\u201d.<\/p>\n\n\n\n<p class=\"s4 wp-block-paragraph\">Para la escuela secundaria general&nbsp;Gustavo V\u00e1zquez Montesy para los miembros de la delegaci\u00f3n D-II-57 es una gran perdida. La escuela no cuenta con laboratorista, carece de una plaza de bibliotecario, mucho menos cuenta con contralor interno, entre otros recursos humanos necesarios.<\/p>\n\n\n\n<p class=\"s4 wp-block-paragraph\">La escuela secundaria es&nbsp;muy&nbsp;importante&nbsp;para la comunidad, pues atiende&nbsp;494&nbsp;alumnos en&nbsp;total, por la cantidadprecisamente&nbsp;de alumnos que atiende, cuando menos,&nbsp;requiere de&nbsp;un prefecto m\u00e1s para asistir al personal docente, padres y alumnos.<\/p>\n\n\n\n<p class=\"s4 wp-block-paragraph\">Lo que verdaderamente indigna a todos, al personal docente y padres de familia es que la persona que fue beneficiada con la plaza de la prefectura hizo p\u00fablico su alarde de contar con buenas conexiones en la Secretar\u00eda de Educaci\u00f3n P\u00fablica.&nbsp;<\/p>\n\n\n\n<p class=\"s4 wp-block-paragraph\">La C. Ana Mar\u00eda \u201cN\u201d es una persona que asumi\u00f3 p\u00fablicamente haber recibido la plaza y el cambio de adscripci\u00f3n por sus buenas relaciones familiares con miembros de los altos puestos en la SEP.<\/p>\n\n\n\n<p class=\"s4 wp-block-paragraph\">La Coordinaci\u00f3n de los Servicio Educativos del Estado de Colima, no es una novedad para los habitantes de Colima, est\u00e1 colonizada por funcionarios carentes de capacidad administrativa, pero cuyos \u00fanicos m\u00e9ritos son su cercan\u00eda familiar con la gobernadora. Ah\u00ed est\u00e1n los casos de Rosario Silva y Adolfo N\u00fa\u00f1ez Gonz\u00e1lez cuyos m\u00e1ximos atributos son ser familiares y amigos de la gobernadora.<\/p>\n\n\n\n<p class=\"s4 wp-block-paragraph\">Para los maestros democr\u00e1ticos las m\u00e1ximas luchas han sido buscar el dise\u00f1o y aplicaci\u00f3n de los sistemas escalafonarios m\u00e1s democr\u00e1ticos y justos.<\/p>\n\n\n\n<p class=\"s4 wp-block-paragraph\">Morena como partido de izquierdo,&nbsp;supuestamente,&nbsp;dio esta batalla, pero en Colima los funcionarios de la&nbsp;Secretar\u00eda&nbsp;de Educaci\u00f3n est\u00e1n empe\u00f1ados en destruir los logros de las luchas de los maestros democr\u00e1ticos y las consecuencias las estamos viendo.&nbsp;<\/p>\n\n\n\n<p class=\"s4 wp-block-paragraph\">Sin ning\u00fan pudor&nbsp;dejan arbitrariamente a una escuela con un recurso humano necesario y lo hacen,&nbsp;de las peores formas,favoreciendo&nbsp;a alguien que se dice contar con las influencias necesarias para ser beneficiada por encima de otros miembros de la comunidad educativa. &nbsp;<\/p>\n\n\n\n<p class=\"s4 wp-block-paragraph\">El amiguismo, el influyent\u00edsimo y la forma injusta de proceder de los funcionarios de la SEP son verdaderos puntos negativos en el sector educativo.<\/p>\n\n\n\n<p class=\"s4 wp-block-paragraph\">El&nbsp;personal&nbsp;que labora en la escuela secundaria general&nbsp;Gustavo V\u00e1zquez Montes&nbsp;debe ser escuchado&nbsp;y si ellos&nbsp;quieren&nbsp;hacer sus transas,&nbsp;all\u00e1&nbsp;ellos, pero la escuela y los muchachos que reciben educaci\u00f3n en ese centro de trabajo no deben de ser afectados. La escuela merece ser atendida y recibir los recursos humanos necesarios.<\/p>\n\n\n\n<p class=\"s4 wp-block-paragraph\">La clave presupuestal 076113E233100. 000 0008 debe ser reintegrada al su centro de trabajo original y la escuela secundaria general&nbsp;Gustavo V\u00e1zquez Montes&nbsp;atendida en sus necesidades.<\/p>\n\n\n\n<p class=\"s4 wp-block-paragraph\">Este gobierno de Indira no ejerci\u00f3 47 millones en obra p\u00fablica y recientemente, y muy curiosamente, ya aparecieron esos millones para la compra de insumos y materiales de los hospitales para poder seguir funcionando en sus actividades b\u00e1sicas para poblaci\u00f3n.<\/p>\n\n\n\n<p class=\"s4 wp-block-paragraph\">\u00bfSer\u00e1 que la SEP-Colima est\u00e1 reclutando personal para su campa\u00f1a otorgando plazas en forma ilegal e injusta?&nbsp;<\/p>\n\n\n\n<p class=\"s4 wp-block-paragraph\">Si a la secundaria no le dan, por favor, no le quiten. Se pasan en la SEP.&nbsp;<\/p>\n\n\n\n<p class=\"s4 wp-block-paragraph\">A Colima se niega a llegar la 4T.<\/p>\n<div class=\"fb-background-color\">\n\t\t\t  <div \n\t\t\t  \tclass = \"fb-comments\" \n\t\t\t  \tdata-href = \"https:\/\/diarioavanzada.com.mx\/?p=58056\"\n\t\t\t  \tdata-numposts = \"10\"\n\t\t\t  \tdata-lazy = \"true\"\n\t\t\t\tdata-colorscheme = \"light\"\n\t\t\t\tdata-order-by = \"social\"\n\t\t\t\tdata-mobile=true>\n\t\t\t  <\/div><\/div>\n\t\t  <style>\n\t\t    .fb-background-color {\n\t\t\t\tbackground:  !important;\n\t\t\t}\n\t\t\t.fb_iframe_widget_fluid_desktop iframe {\n\t\t\t    width: 100% !important;\n\t\t\t}\n\t\t  <\/style>\n\t\t  ","protected":false},"excerpt":{"rendered":"<p>Columna El Puercoesp\u00edn&nbsp; La clave presupuestal de una prefectura&nbsp;076113E233100. 000 0008&nbsp;no es la gran cosa para una&nbsp;persona, pero para&nbsp;una&nbsp;escuela con grandes necesidades es mucho,&nbsp;porque se suma a las carencias end\u00e9micas. Su pensamiento hoy es, si no nos dan, no nos quiten.&nbsp; La campa\u00f1a de Morena y de L\u00f3pez Obrador fue muy provocadora y llena de [&hellip;]<\/p>\n","protected":false},"author":9,"featured_media":58055,"comment_status":"closed","ping_status":"closed","sticky":false,"template":"","format":"standard","meta":{"_coblocks_attr":"","_coblocks_dimensions":"","_coblocks_responsive_height":"","_coblocks_accordion_ie_support":"","advanced_seo_description":"","jetpack_seo_html_title":"","jetpack_seo_noindex":false,"jetpack_seo_schema_type":"","_jetpack_newsletter_access":"","_jetpack_dont_email_post_to_subs":false,"_jetpack_newsletter_tier_id":0,"_jetpack_memberships_contains_paywalled_content":false,"_wpcom_ai_launchpad_first_post":false,"_jetpack_feature_clip_id":0,"_jetpack_memberships_contains_paid_content":false,"footnotes":"","jetpack_post_was_ever_published":false},"categories":[19,209,24],"tags":[],"class_list":["post-58056","post","type-post","status-publish","format-standard","has-post-thumbnail","hentry","category-colima","category-importantes","category-opinion"],"jetpack-related-posts":[],"jetpack_sharing_enabled":true,"amp_enabled":true,"jetpack_featured_media_url":"https:\/\/diarioavanzada.com.mx\/wp-content\/uploads\/2024\/05\/img_9538-1.jpg","_links":{"self":[{"href":"https:\/\/diarioavanzada.com.mx\/index.php?rest_route=\/wp\/v2\/posts\/58056","targetHints":{"allow":["GET"]}}],"collection":[{"href":"https:\/\/diarioavanzada.com.mx\/index.php?rest_route=\/wp\/v2\/posts"}],"about":[{"href":"https:\/\/diarioavanzada.com.mx\/index.php?rest_route=\/wp\/v2\/types\/post"}],"author":[{"embeddable":true,"href":"https:\/\/diarioavanzada.com.mx\/index.php?rest_route=\/wp\/v2\/users\/9"}],"replies":[{"embeddable":true,"href":"https:\/\/diarioavanzada.com.mx\/index.php?rest_route=%2Fwp%2Fv2%2Fcomments&post=58056"}],"version-history":[{"count":0,"href":"https:\/\/diarioavanzada.com.mx\/index.php?rest_route=\/wp\/v2\/posts\/58056\/revisions"}],"wp:featuredmedia":[{"embeddable":true,"href":"https:\/\/diarioavanzada.com.mx\/index.php?rest_route=\/wp\/v2\/media\/58055"}],"wp:attachment":[{"href":"https:\/\/diarioavanzada.com.mx\/index.php?rest_route=%2Fwp%2Fv2%2Fmedia&parent=58056"}],"wp:term":[{"taxonomy":"category","embeddable":true,"href":"https:\/\/diarioavanzada.com.mx\/index.php?rest_route=%2Fwp%2Fv2%2Fcategories&post=58056"},{"taxonomy":"post_tag","embeddable":true,"href":"https:\/\/diarioavanzada.com.mx\/index.php?rest_route=%2Fwp%2Fv2%2Ftags&post=58056"}],"curies":[{"name":"wp","href":"https:\/\/api.w.org\/{rel}","templated":true}]}}