{"id":58014,"date":"2024-05-21T06:58:26","date_gmt":"2024-05-21T12:58:26","guid":{"rendered":"https:\/\/diarioavanzada.com.mx\/?p=58014"},"modified":"2024-05-21T06:58:26","modified_gmt":"2024-05-21T12:58:26","slug":"xochitl-tu-eres-el-prian","status":"publish","type":"post","link":"https:\/\/diarioavanzada.com.mx\/?p=58014","title":{"rendered":"X\u00f3chitl, t\u00fa eres el&nbsp;Prian"},"content":{"rendered":"\n<p class=\"wp-block-paragraph\">Columna<\/p>\n\n\n\n<p class=\"wp-block-paragraph\">El Puercoesp\u00edn&nbsp;<\/p>\n\n\n\n<p class=\"wp-block-paragraph\">-X\u00f3chitl, t\u00fa eres el&nbsp;Prian. Fue la frase recurrente que,&nbsp;en mi imaginario,&nbsp;le sopl\u00f3 al o\u00eddo Jorge \u00c1lvarez M\u00e1ynez&nbsp;a la candidata de&nbsp;Fuerza y Coraz\u00f3n por M\u00e9xico.<\/p>\n\n\n\n<p class=\"wp-block-paragraph\">-Recuerda, X\u00f3chitl, t\u00fa eres el&nbsp;Prian.<\/p>\n\n\n\n<p class=\"s8 wp-block-paragraph\">Memento&nbsp;mori&nbsp;es una frase o locuci\u00f3n latina que se traduce al espa\u00f1ol como \u201crecuerda que morir\u00e1s\u201d&nbsp;o \u201crecuerda que eres mortal\u201d, y cuyo origen hist\u00f3rico es incierto. Se piensa que fue utilizada en la&nbsp;antigua Roma para recordarles a los generales romanos victoriosos que no eran m\u00e1s que humanos, e impedirles as\u00ed incurrir en la soberbia.&nbsp;<\/p>\n\n\n\n<p class=\"s8 wp-block-paragraph\">Cada vez que X\u00f3chitl intent\u00f3 hablar de corrupci\u00f3n se encontr\u00f3 con la frase de M\u00e1ynez. La cartulina con las fotos de los exgobernadores, todos del&nbsp;Prian, o est\u00e1n en la c\u00e1rcel o est\u00e1n bajo proceso judicial, le dijo Claudia a X\u00f3chitl, y remat\u00f3 dici\u00e9ndole hay m\u00e1s gobernadores en las c\u00e1rceles que en ejercicio del poder.&nbsp;<\/p>\n\n\n\n<p class=\"s8 wp-block-paragraph\">M\u00e1ynez se encarg\u00f3 de recordarle a X\u00f3chitl que su invenci\u00f3n de candidatura ciudadano no era otra cosa que una mera invenci\u00f3n mercadot\u00e9cnica, vac\u00eda, con el \u00fanico objetivo de enga\u00f1ar para obtener votos.<\/p>\n\n\n\n<p class=\"s8 wp-block-paragraph\">Jorge \u00c1lvarez M\u00e1ynez anul\u00f3 a X\u00f3chitl y la puso en rid\u00edculo.&nbsp;Ma\u00fdnez&nbsp;asumi\u00f3 el papel de esos muchachos irreverentes que&nbsp;exhiben&nbsp;a su t\u00edo el borracho en la fiesta&nbsp;familiar&nbsp;que intenta&nbsp;mentirles&nbsp;a los invitados para lucirse. Los j\u00f3venes por naturaleza optan por la verdad y la prefieren frente a la simulaci\u00f3n porque la ven impropia y corrupta en esencia.<\/p>\n\n\n\n<p class=\"s8 wp-block-paragraph\">X\u00f3chitl y su falsa candidatura ciudadana se&nbsp;toparon&nbsp;con la realidad el domingo 19, se toparon&nbsp;con una realidad apabullante ni son ciudadanas ni libres sus candidaturas. Son&nbsp;prianistas&nbsp;y&nbsp;prianitas&nbsp;seguir\u00e1n. Reciben financiamiento del PRI. Reciben financiamiento del PAN. Reciben financiamiento del PRD.<\/p>\n\n\n\n<p class=\"s8 wp-block-paragraph\">No enga\u00f1aron a nadie. Ni ellos mismos fueron capaces de enga\u00f1arse, aunque simularon muy bien ser un polo pol\u00edtico ciudadano.<\/p>\n\n\n\n<p class=\"s8 wp-block-paragraph\">-X\u00f3chitl t\u00fa&nbsp;eres del&nbsp;Prian. &nbsp;<\/p>\n\n\n\n<p class=\"s8 wp-block-paragraph\">Usaron el color rosa en abierto desaf\u00edo a las reglas electorales. El color identitario del INE lo hicieron suyo, pero el INE lo toler\u00f3 porque el evento fue contabilizado como acto de campa\u00f1a de&nbsp;la coalici\u00f3n&nbsp;Fuerza y Coraz\u00f3n por M\u00e9xico.&nbsp;<\/p>\n\n\n\n<p class=\"s8 wp-block-paragraph\">Rompieron las reglas&nbsp;electorales&nbsp;y su abierto desaf\u00edo a no respetar las reglas&nbsp;fue&nbsp;una clara manifestaci\u00f3n de quien se sabe derrotado. Sus competidores (Morena) les toleran&nbsp;sus trampas porque saben que,&nbsp;aun con trampas,&nbsp;est\u00e1n perdidos.&nbsp;Solo rumian su derrota anticipadamente.<\/p>\n\n\n\n<p class=\"s8 wp-block-paragraph\">Por la tarde los&nbsp;Abajofirmantes&nbsp;publicaron un desplegado en defensa de la corrupci\u00f3n y en contra de la dictadura. Una dictadura&nbsp;que,&nbsp;por cierto, les permite expresarse en todos los medios y manifestarse en todas las plazas. M\u00e1s rid\u00edculos, imposible.<\/p>\n\n\n\n<p class=\"s14 wp-block-paragraph\">Cerca de&nbsp;300 integrantes de la comunidad cultural de M\u00e9xico&nbsp;han cerrado filas a favor de la candidata de la coalici\u00f3n&nbsp;Fuerza y Coraz\u00f3n por M\u00e9xico,&nbsp;X\u00f3chitl G\u00e1lvez, con el fin de pedir a la ciudadan\u00eda votar a favor de la oposici\u00f3n. Estos intelectuales expresan sus inconformidades con el gobierno de Andr\u00e9s Manuel L\u00f3pez Obrador (AMLO) y del Movimiento de Regeneraci\u00f3n Nacional (Morena). Entre los firmantes se encuentran&nbsp;escritores e intelectual como Roger Bartra, Enrique&nbsp;Krauze, H\u00e9ctor Aguilar Cam\u00edn, Rafael P\u00e9rez Gay, Joel Ortega, Enrique Serna, entre otros.&nbsp;<\/p>\n\n\n\n<p class=\"s14 wp-block-paragraph\">&nbsp;<\/p>\n\n\n\n<p class=\"s14 wp-block-paragraph\">El desplegado destaca la&nbsp;urgencia de defender la democracia amenazada&nbsp;y se\u00f1ala que no votar por G\u00e1lvez implicar\u00eda la continuidad de la corrupci\u00f3n pol\u00edtica y la creciente inseguridad en el gobierno actual.<\/p>\n\n\n\n<p class=\"s14 wp-block-paragraph\">&nbsp;<\/p>\n\n\n\n<p class=\"s14 wp-block-paragraph\">El documento firmado por los intelectuales es la manifestaci\u00f3n concreta de los intelectuales que est\u00e1n pidiendo dinero, vil metal.<\/p>\n\n\n\n<p class=\"s14 wp-block-paragraph\">&nbsp;<\/p>\n\n\n\n<p class=\"s14 wp-block-paragraph\">Este&nbsp;desplegado,&nbsp;desde mi punto de vista,&nbsp;es un&nbsp;parteaguas&nbsp;entre&nbsp;la sociedad pol\u00edtica que est\u00e1 haci\u00e9ndose una divisi\u00f3n entre los pol\u00edticos y el gobierno. Es una generaci\u00f3n que se va. Es un desplegado de perdedores anticipados.<\/p>\n\n\n\n<p class=\"s14 wp-block-paragraph\">&nbsp;<\/p>\n\n\n\n<p class=\"s14 wp-block-paragraph\">Intelectuales que no trabajan. 300 intelectuales que fueron incapaces de formular un programa m\u00ednimo de derechas. Unos holgazanes que se niegan a pensar, es decir, lo que se supone que es lo que mejor saben hacer. O, dicho de otra manera, son vividores de los reg\u00edmenes&nbsp;prianistas&nbsp;que solo quieren cobrar y se niegan a pensar.<\/p>\n\n\n\n<p class=\"s14 wp-block-paragraph\">&nbsp;<\/p>\n\n\n\n<p class=\"s14 wp-block-paragraph\">A la derecha se le cay\u00f3 el teatro que estaban perge\u00f1ando para hacer cre\u00edble una anulaci\u00f3n de&nbsp;las elecciones presidenciales desde el su baluarte, el Poder Judicial.<\/p>\n\n\n\n<p class=\"s14 wp-block-paragraph\">&nbsp;<\/p>\n\n\n\n<p class=\"s14 wp-block-paragraph\">Est\u00e1n furiosos. Est\u00e1n dolidos. Est\u00e1n derrotado.<\/p>\n\n\n\n<p class=\"s14 wp-block-paragraph\">&nbsp;<\/p>\n\n\n\n<p class=\"s14 wp-block-paragraph\">En el debate M\u00e1ynez les dio el tiro de gracia al evidenciar a X\u00f3chitl.&nbsp;<\/p>\n\n\n\n<p class=\"s14 wp-block-paragraph\">&nbsp;<\/p>\n\n\n\n<p class=\"s14 wp-block-paragraph\">-X\u00f3chitl tus aliados y patrocinadores son los&nbsp;prianistas.<\/p>\n\n\n\n<p class=\"s14 wp-block-paragraph\">&nbsp;<\/p>\n\n\n\n<p class=\"s14 wp-block-paragraph\">Los&nbsp;j\u00f3venes&nbsp;piensan como M\u00e1ynez y no creen en la corrupci\u00f3n ni el&nbsp;Prian&nbsp;por&nbsp;eso M\u00e1ynez&nbsp;ganar\u00e1 algunos puntos porcentuales para su causa.<\/p>\n\n\n\n<p class=\"s14 wp-block-paragraph\">&nbsp;<\/p>\n\n\n\n<p class=\"s14 wp-block-paragraph\">X\u00f3chitl&nbsp;quiso enga\u00f1ar a un pa\u00eds y Jorge \u00c1lvarez M\u00e1ynez le susurr\u00f3 al o\u00eddo. -Recuerda&nbsp;X\u00f3chitl, los corruptos son del&nbsp;Prian, tus patrocinadores. A nadie enga\u00f1an.<\/p>\n\n\n\n<p class=\"s14 wp-block-paragraph\">&nbsp;<\/p>\n\n\n\n<p class=\"s14 wp-block-paragraph\">X\u00f3chitl perdi\u00f3 el tercer debate y perder\u00e1 la presidencia.<\/p>\n\n\n\n<p class=\"s14 wp-block-paragraph\">&nbsp;<\/p>\n\n\n\n<p class=\"s14 wp-block-paragraph\">A d\u00f3nde ir\u00e1n, despu\u00e9s del 2 de junio, el PRI y el PRD\u2026 al basurero de la Historia.&nbsp;<\/p>\n\n\n\n<p class=\"s14 wp-block-paragraph\">&nbsp;<\/p>\n\n\n\n<p class=\"s14 wp-block-paragraph\">-X\u00f3chitl, recuerda, el enga\u00f1o es para los dem\u00e1s, t\u00fa eres y representas al&nbsp;Prian.<\/p>\n\n\n\n<p class=\"s14 wp-block-paragraph\">&nbsp;<\/p>\n\n\n\n<p class=\"s8 wp-block-paragraph\">La cara dura y cansada de X\u00f3chitl, en el debate, fue la viva evidencia de su enga\u00f1o orquestado que nunca prosper\u00f3 en la sociedad. Sus trampas no prosperaron y los&nbsp;Abajofirmantesrumian su derrota en un desplegado en la v\u00edspera de una elecci\u00f3n que los pone fuera del poder por seis a\u00f1os m\u00e1s.<\/p>\n\n\n\n<p class=\"s8 wp-block-paragraph\">-X\u00f3chitl, t\u00fa eres el&nbsp;Prian.<\/p>\n<div class=\"fb-background-color\">\n\t\t\t  <div \n\t\t\t  \tclass = \"fb-comments\" \n\t\t\t  \tdata-href = \"https:\/\/diarioavanzada.com.mx\/?p=58014\"\n\t\t\t  \tdata-numposts = \"10\"\n\t\t\t  \tdata-lazy = \"true\"\n\t\t\t\tdata-colorscheme = \"light\"\n\t\t\t\tdata-order-by = \"social\"\n\t\t\t\tdata-mobile=true>\n\t\t\t  <\/div><\/div>\n\t\t  <style>\n\t\t    .fb-background-color {\n\t\t\t\tbackground:  !important;\n\t\t\t}\n\t\t\t.fb_iframe_widget_fluid_desktop iframe {\n\t\t\t    width: 100% !important;\n\t\t\t}\n\t\t  <\/style>\n\t\t  ","protected":false},"excerpt":{"rendered":"<p>Columna El Puercoesp\u00edn&nbsp; -X\u00f3chitl, t\u00fa eres el&nbsp;Prian. Fue la frase recurrente que,&nbsp;en mi imaginario,&nbsp;le sopl\u00f3 al o\u00eddo Jorge \u00c1lvarez M\u00e1ynez&nbsp;a la candidata de&nbsp;Fuerza y Coraz\u00f3n por M\u00e9xico. -Recuerda, X\u00f3chitl, t\u00fa eres el&nbsp;Prian. Memento&nbsp;mori&nbsp;es una frase o locuci\u00f3n latina que se traduce al espa\u00f1ol como \u201crecuerda que morir\u00e1s\u201d&nbsp;o \u201crecuerda que eres mortal\u201d, y cuyo origen hist\u00f3rico [&hellip;]<\/p>\n","protected":false},"author":9,"featured_media":58013,"comment_status":"closed","ping_status":"closed","sticky":false,"template":"","format":"standard","meta":{"_coblocks_attr":"","_coblocks_dimensions":"","_coblocks_responsive_height":"","_coblocks_accordion_ie_support":"","advanced_seo_description":"","jetpack_seo_html_title":"","jetpack_seo_noindex":false,"jetpack_seo_schema_type":"","_jetpack_newsletter_access":"","_jetpack_dont_email_post_to_subs":false,"_jetpack_newsletter_tier_id":0,"_jetpack_memberships_contains_paywalled_content":false,"_wpcom_ai_launchpad_first_post":false,"_jetpack_feature_clip_id":0,"_jetpack_memberships_contains_paid_content":false,"footnotes":"","jetpack_post_was_ever_published":false},"categories":[19,209,24],"tags":[],"class_list":["post-58014","post","type-post","status-publish","format-standard","has-post-thumbnail","hentry","category-colima","category-importantes","category-opinion"],"jetpack-related-posts":[],"jetpack_sharing_enabled":true,"amp_enabled":true,"jetpack_featured_media_url":"https:\/\/diarioavanzada.com.mx\/wp-content\/uploads\/2024\/05\/img_9462-1.jpg","_links":{"self":[{"href":"https:\/\/diarioavanzada.com.mx\/index.php?rest_route=\/wp\/v2\/posts\/58014","targetHints":{"allow":["GET"]}}],"collection":[{"href":"https:\/\/diarioavanzada.com.mx\/index.php?rest_route=\/wp\/v2\/posts"}],"about":[{"href":"https:\/\/diarioavanzada.com.mx\/index.php?rest_route=\/wp\/v2\/types\/post"}],"author":[{"embeddable":true,"href":"https:\/\/diarioavanzada.com.mx\/index.php?rest_route=\/wp\/v2\/users\/9"}],"replies":[{"embeddable":true,"href":"https:\/\/diarioavanzada.com.mx\/index.php?rest_route=%2Fwp%2Fv2%2Fcomments&post=58014"}],"version-history":[{"count":0,"href":"https:\/\/diarioavanzada.com.mx\/index.php?rest_route=\/wp\/v2\/posts\/58014\/revisions"}],"wp:featuredmedia":[{"embeddable":true,"href":"https:\/\/diarioavanzada.com.mx\/index.php?rest_route=\/wp\/v2\/media\/58013"}],"wp:attachment":[{"href":"https:\/\/diarioavanzada.com.mx\/index.php?rest_route=%2Fwp%2Fv2%2Fmedia&parent=58014"}],"wp:term":[{"taxonomy":"category","embeddable":true,"href":"https:\/\/diarioavanzada.com.mx\/index.php?rest_route=%2Fwp%2Fv2%2Fcategories&post=58014"},{"taxonomy":"post_tag","embeddable":true,"href":"https:\/\/diarioavanzada.com.mx\/index.php?rest_route=%2Fwp%2Fv2%2Ftags&post=58014"}],"curies":[{"name":"wp","href":"https:\/\/api.w.org\/{rel}","templated":true}]}}