{"id":56860,"date":"2024-04-15T08:52:06","date_gmt":"2024-04-15T14:52:06","guid":{"rendered":"https:\/\/diarioavanzada.com.mx\/?p=56860"},"modified":"2024-04-15T08:52:09","modified_gmt":"2024-04-15T14:52:09","slug":"autos-quemados-propiedad-del-exdirector-del-c5i-y-candidato-a-diputado-suplente","status":"publish","type":"post","link":"https:\/\/diarioavanzada.com.mx\/?p=56860","title":{"rendered":"Autos quemados: Propiedad del exdirector del C5i y candidato a diputado suplente"},"content":{"rendered":"\n<p class=\"wp-block-paragraph\">Colima, M\u00e9xico, Avanzada (15\/04\/2024).- La noche del pasado s\u00e1bado, en el Residencial Esmeralda Norte de la ciudad de Colima, tres veh\u00edculos fueron incendiados, su propietario, Jos\u00e9 Ram\u00f3n Valdovinos Anguiano se present\u00f3 ayer en la agencia del Ministerio P\u00fablico para interponer la denuncia correspondiente.<\/p>\n\n\n\n<p class=\"wp-block-paragraph\">El Comit\u00e9 Directivo Estatal del Partido Revolucionario Institucional (PRI) expres\u00f3 su condena ante estos \u201clamentables acontecimientos\u201d. En un comunicado oficial, el PRI inform\u00f3 que uno de sus \u201cdestacados militantes\u201d, Jos\u00e9 Ram\u00f3n Valdovinos Anguiano, coordinador de zona del partido y candidato a diputado local suplente por la Coalici\u00f3n Fuerza y Coraz\u00f3n por Colima, result\u00f3 afectado en sus bienes, sufriendo fuertes p\u00e9rdidas materiales como consecuencia del incendio.<\/p>\n\n\n\n<p class=\"wp-block-paragraph\">Ante estos hechos, Valdovinos Anguiano present\u00f3 la denuncia correspondiente y este lunes acudir\u00e1 ante la Agencia del Ministerio P\u00fablico para ratificarla legalmente.<\/p>\n\n\n\n<p class=\"wp-block-paragraph\">El Comit\u00e9 Directivo Estatal del PRI ha elevado una en\u00e9rgica protesta y ha exigido a la Fiscal\u00eda General del Estado agilizar la investigaci\u00f3n para esclarecer los hechos y llevar ante la justicia a los responsables de esta acci\u00f3n delictiva.<\/p>\n\n\n\n<p class=\"wp-block-paragraph\">Arnoldo Ochoa Gonz\u00e1lez, Presidente del CDE del PRI Colima, expres\u00f3 el decidido apoyo y respaldo absoluto del partido hacia Jos\u00e9 Ram\u00f3n Valdovinos Anguiano, y anunci\u00f3 que el PRI acompa\u00f1ar\u00e1 en todas las acciones legales a su militante afectado.<\/p>\n\n\n\n<p class=\"wp-block-paragraph\">Valdovinos Anguiano, fue Director general del Centro de Coordinaci\u00f3n, Control, Comando, Comunicaci\u00f3n, C\u00f3mputo e Inteligencia del Estado C5i durante la administraci\u00f3n del exgobernador Jos\u00e9 Ignacio Peralta S\u00e1nchez. El C5i se encarga del monitoreo de c\u00e1maras de videovigilancia, de la recepci\u00f3n y atenci\u00f3n de emergencias de la coordinaci\u00f3n de operativos de seguridad, del an\u00e1lisis de datos e inteligencia y la implementaci\u00f3n de tecnolog\u00eda de seguridad.<\/p>\n\n\n\n<p class=\"wp-block-paragraph\">El presidente del PRI confi\u00f3 en que las autoridades esclarecer\u00e1n a la brevedad posible los hechos y tomar\u00e1n las medidas necesarias para garantizar la seguridad&nbsp;en&nbsp;la&nbsp;regi\u00f3n.<\/p>\n<div class=\"fb-background-color\">\n\t\t\t  <div \n\t\t\t  \tclass = \"fb-comments\" \n\t\t\t  \tdata-href = \"https:\/\/diarioavanzada.com.mx\/?p=56860\"\n\t\t\t  \tdata-numposts = \"10\"\n\t\t\t  \tdata-lazy = \"true\"\n\t\t\t\tdata-colorscheme = \"light\"\n\t\t\t\tdata-order-by = \"social\"\n\t\t\t\tdata-mobile=true>\n\t\t\t  <\/div><\/div>\n\t\t  <style>\n\t\t    .fb-background-color {\n\t\t\t\tbackground:  !important;\n\t\t\t}\n\t\t\t.fb_iframe_widget_fluid_desktop iframe {\n\t\t\t    width: 100% !important;\n\t\t\t}\n\t\t  <\/style>\n\t\t  ","protected":false},"excerpt":{"rendered":"<p>Colima, M\u00e9xico, Avanzada (15\/04\/2024).- La noche del pasado s\u00e1bado, en el Residencial Esmeralda Norte de la ciudad de Colima, tres veh\u00edculos fueron incendiados, su propietario, Jos\u00e9 Ram\u00f3n Valdovinos Anguiano se present\u00f3 ayer en la agencia del Ministerio P\u00fablico para interponer la denuncia correspondiente. El Comit\u00e9 Directivo Estatal del Partido Revolucionario Institucional (PRI) expres\u00f3 su condena [&hellip;]<\/p>\n","protected":false},"author":5,"featured_media":56862,"comment_status":"closed","ping_status":"closed","sticky":false,"template":"","format":"standard","meta":{"_coblocks_attr":"","_coblocks_dimensions":"","_coblocks_responsive_height":"","_coblocks_accordion_ie_support":"","_crdt_document":"","advanced_seo_description":"","jetpack_seo_html_title":"","jetpack_seo_noindex":false,"_jetpack_memberships_contains_paid_content":false,"footnotes":""},"categories":[19,209],"tags":[210],"class_list":["post-56860","post","type-post","status-publish","format-standard","has-post-thumbnail","hentry","category-colima","category-importantes","tag-portada"],"jetpack_featured_media_url":"https:\/\/diarioavanzada.com.mx\/wp-content\/uploads\/2024\/04\/aaa-88.jpg","jetpack-related-posts":[],"jetpack_sharing_enabled":true,"amp_enabled":true,"_links":{"self":[{"href":"https:\/\/diarioavanzada.com.mx\/index.php?rest_route=\/wp\/v2\/posts\/56860","targetHints":{"allow":["GET"]}}],"collection":[{"href":"https:\/\/diarioavanzada.com.mx\/index.php?rest_route=\/wp\/v2\/posts"}],"about":[{"href":"https:\/\/diarioavanzada.com.mx\/index.php?rest_route=\/wp\/v2\/types\/post"}],"author":[{"embeddable":true,"href":"https:\/\/diarioavanzada.com.mx\/index.php?rest_route=\/wp\/v2\/users\/5"}],"replies":[{"embeddable":true,"href":"https:\/\/diarioavanzada.com.mx\/index.php?rest_route=%2Fwp%2Fv2%2Fcomments&post=56860"}],"version-history":[{"count":2,"href":"https:\/\/diarioavanzada.com.mx\/index.php?rest_route=\/wp\/v2\/posts\/56860\/revisions"}],"predecessor-version":[{"id":56863,"href":"https:\/\/diarioavanzada.com.mx\/index.php?rest_route=\/wp\/v2\/posts\/56860\/revisions\/56863"}],"wp:featuredmedia":[{"embeddable":true,"href":"https:\/\/diarioavanzada.com.mx\/index.php?rest_route=\/wp\/v2\/media\/56862"}],"wp:attachment":[{"href":"https:\/\/diarioavanzada.com.mx\/index.php?rest_route=%2Fwp%2Fv2%2Fmedia&parent=56860"}],"wp:term":[{"taxonomy":"category","embeddable":true,"href":"https:\/\/diarioavanzada.com.mx\/index.php?rest_route=%2Fwp%2Fv2%2Fcategories&post=56860"},{"taxonomy":"post_tag","embeddable":true,"href":"https:\/\/diarioavanzada.com.mx\/index.php?rest_route=%2Fwp%2Fv2%2Ftags&post=56860"}],"curies":[{"name":"wp","href":"https:\/\/api.w.org\/{rel}","templated":true}]}}