{"id":56417,"date":"2024-04-07T11:22:50","date_gmt":"2024-04-07T17:22:50","guid":{"rendered":"https:\/\/diarioavanzada.com.mx\/?p=56417"},"modified":"2024-04-07T11:24:09","modified_gmt":"2024-04-07T17:24:09","slug":"imss-recomienda-precaucion-al-observar-el-eclipse-solar","status":"publish","type":"post","link":"https:\/\/diarioavanzada.com.mx\/?p=56417","title":{"rendered":"IMSS recomienda precauci\u00f3n al observar el eclipse solar"},"content":{"rendered":"\n<p class=\"wp-block-paragraph\">Colima, M\u00e9xico, Avanzada (07\/04\/2024).- El Instituto Mexicano del Seguro Social (IMSS) ha emitido un llamado de precauci\u00f3n a la poblaci\u00f3n ante el pr\u00f3ximo eclipse solar previsto para este lunes 8 de abril. Si bien el fen\u00f3meno natural promete ser un espect\u00e1culo fascinante, el IMSS enfatiza la importancia de proteger la vista durante su observaci\u00f3n.<\/p>\n\n\n\n<p class=\"wp-block-paragraph\">El eclipse, que ser\u00e1 visible a partir de las 10:51 horas, tiempo del centro de M\u00e9xico, podr\u00eda representar un riesgo para la salud ocular si no se toman las medidas adecuadas. Por ello, se recomienda el uso de gafas especiales para protecci\u00f3n ocular que filtren la radiaci\u00f3n ultravioleta. Adem\u00e1s, se aconseja limitar la exposici\u00f3n al sol durante el evento y evitar mirar directamente al astro rey sin protecci\u00f3n por largos periodos de tiempo.<\/p>\n\n\n\n<p class=\"wp-block-paragraph\">Los estados donde el eclipse solar ser\u00e1 visible en su totalidad incluyen Mazatl\u00e1n, Sinaloa; Durango, Torre\u00f3n, Monclova, Sabinas, Zaragoza y Piedras Negras, en Coahuila. Asimismo, se podr\u00e1 apreciar en fases parciales en otras entidades como Nuevo Le\u00f3n, Guadalajara, Guanajuato, Chihuahua, Ciudad de M\u00e9xico, Estado de M\u00e9xico, Guerrero, Baja California, Yucat\u00e1n, Quintana Roo, entre otras regiones del pa\u00eds.<\/p>\n\n\n\n<p class=\"wp-block-paragraph\">El IMSS advierte contra el uso de m\u00e9todos caseros como vidrio ahumado o papel carb\u00f3n raspado, que no proporcionan la protecci\u00f3n adecuada y pueden causar da\u00f1os graves en la vista. Tambi\u00e9n se destaca la importancia de reconocer los s\u00edntomas de da\u00f1o ocular, como manchas centrales en la visi\u00f3n o distorsiones, y buscar atenci\u00f3n m\u00e9dica en caso de presentarse.<\/p>\n\n\n\n<p class=\"wp-block-paragraph\">El eclipse solar, que ocurre cuando el Sol, la Tierra y la Luna se alinean, se inicia en la Ciudad de M\u00e9xico a las 10:51 de la ma\u00f1ana, alcanzando su punto m\u00e1ximo a las 12:14 del mediod\u00eda y finalizando alrededor de las 13:36 horas. Se espera que el fen\u00f3meno dure aproximadamente 4 minutos y 20 segundos, ofreciendo un espect\u00e1culo \u00fanico en el cielo mexicano.<\/p>\n\n\n\n<p class=\"wp-block-paragraph\">El IMSS recuerda a la poblaci\u00f3n la importancia de cuidar la vista y tomar precauciones durante el eclipse, as\u00ed como de mantener una atenci\u00f3n regular en la salud ocular para prevenir posibles complicaciones a largo plazo.<\/p>\n<div class=\"fb-background-color\">\n\t\t\t  <div \n\t\t\t  \tclass = \"fb-comments\" \n\t\t\t  \tdata-href = \"https:\/\/diarioavanzada.com.mx\/?p=56417\"\n\t\t\t  \tdata-numposts = \"10\"\n\t\t\t  \tdata-lazy = \"true\"\n\t\t\t\tdata-colorscheme = \"light\"\n\t\t\t\tdata-order-by = \"social\"\n\t\t\t\tdata-mobile=true>\n\t\t\t  <\/div><\/div>\n\t\t  <style>\n\t\t    .fb-background-color {\n\t\t\t\tbackground:  !important;\n\t\t\t}\n\t\t\t.fb_iframe_widget_fluid_desktop iframe {\n\t\t\t    width: 100% !important;\n\t\t\t}\n\t\t  <\/style>\n\t\t  ","protected":false},"excerpt":{"rendered":"<p>Colima, M\u00e9xico, Avanzada (07\/04\/2024).- El Instituto Mexicano del Seguro Social (IMSS) ha emitido un llamado de precauci\u00f3n a la poblaci\u00f3n ante el pr\u00f3ximo eclipse solar previsto para este lunes 8 de abril. Si bien el fen\u00f3meno natural promete ser un espect\u00e1culo fascinante, el IMSS enfatiza la importancia de proteger la vista durante su observaci\u00f3n. El [&hellip;]<\/p>\n","protected":false},"author":7,"featured_media":56425,"comment_status":"closed","ping_status":"closed","sticky":false,"template":"","format":"standard","meta":{"_coblocks_attr":"","_coblocks_dimensions":"","_coblocks_responsive_height":"","_coblocks_accordion_ie_support":"","_crdt_document":"","advanced_seo_description":"","jetpack_seo_html_title":"","jetpack_seo_noindex":false,"_jetpack_memberships_contains_paid_content":false,"footnotes":""},"categories":[7],"tags":[],"class_list":["post-56417","post","type-post","status-publish","format-standard","has-post-thumbnail","hentry","category-noticias"],"jetpack_featured_media_url":"https:\/\/diarioavanzada.com.mx\/wp-content\/uploads\/2024\/04\/aaa-44.jpg","jetpack-related-posts":[],"jetpack_sharing_enabled":true,"amp_enabled":true,"_links":{"self":[{"href":"https:\/\/diarioavanzada.com.mx\/index.php?rest_route=\/wp\/v2\/posts\/56417","targetHints":{"allow":["GET"]}}],"collection":[{"href":"https:\/\/diarioavanzada.com.mx\/index.php?rest_route=\/wp\/v2\/posts"}],"about":[{"href":"https:\/\/diarioavanzada.com.mx\/index.php?rest_route=\/wp\/v2\/types\/post"}],"author":[{"embeddable":true,"href":"https:\/\/diarioavanzada.com.mx\/index.php?rest_route=\/wp\/v2\/users\/7"}],"replies":[{"embeddable":true,"href":"https:\/\/diarioavanzada.com.mx\/index.php?rest_route=%2Fwp%2Fv2%2Fcomments&post=56417"}],"version-history":[{"count":2,"href":"https:\/\/diarioavanzada.com.mx\/index.php?rest_route=\/wp\/v2\/posts\/56417\/revisions"}],"predecessor-version":[{"id":56426,"href":"https:\/\/diarioavanzada.com.mx\/index.php?rest_route=\/wp\/v2\/posts\/56417\/revisions\/56426"}],"wp:featuredmedia":[{"embeddable":true,"href":"https:\/\/diarioavanzada.com.mx\/index.php?rest_route=\/wp\/v2\/media\/56425"}],"wp:attachment":[{"href":"https:\/\/diarioavanzada.com.mx\/index.php?rest_route=%2Fwp%2Fv2%2Fmedia&parent=56417"}],"wp:term":[{"taxonomy":"category","embeddable":true,"href":"https:\/\/diarioavanzada.com.mx\/index.php?rest_route=%2Fwp%2Fv2%2Fcategories&post=56417"},{"taxonomy":"post_tag","embeddable":true,"href":"https:\/\/diarioavanzada.com.mx\/index.php?rest_route=%2Fwp%2Fv2%2Ftags&post=56417"}],"curies":[{"name":"wp","href":"https:\/\/api.w.org\/{rel}","templated":true}]}}