{"id":56254,"date":"2024-04-04T07:18:25","date_gmt":"2024-04-04T13:18:25","guid":{"rendered":"https:\/\/diarioavanzada.com.mx\/?p=56254"},"modified":"2024-04-04T07:19:31","modified_gmt":"2024-04-04T13:19:31","slug":"vacio-de-poder","status":"publish","type":"post","link":"https:\/\/diarioavanzada.com.mx\/?p=56254","title":{"rendered":"Vac\u00edo de Poder"},"content":{"rendered":"\n<p class=\"wp-block-paragraph\">Columna<\/p>\n\n\n\n<p class=\"wp-block-paragraph\">El Puercoesp\u00edn<\/p>\n\n\n\n<p class=\"wp-block-paragraph\">En Colima hay un vac\u00edo de poder enorme que cada d\u00eda pesa m\u00e1s en las vidas de quienes vivimos aqu\u00ed.&nbsp;<\/p>\n\n\n\n<p class=\"wp-block-paragraph\">\u201c<em>Ante los acontecimientos suscitados el d\u00eda de hoy en Tecom\u00e1n y el temor fundado de las familias en el estado, el sentimiento de desamparo es permanente en la inmensa mayor\u00eda de los colimenses. <\/em><em>Es m\u00e1s que evidente la falta de toda autoridad en el estado, el vac\u00edo de poder, la indolencia e incompetencia ante cualquier hecho que ocurre. En el \u2018Gobierno\u2019 de Colima, hay ausencia de todo lo que resuelva, por ello la indignaci\u00f3n generalizada<\/em>\u201d public\u00f3 en una red social la candidata al Senado de la Rep\u00fablica por Movimiento Ciudadano, Griselda Mart\u00ednez.<\/p>\n\n\n\n<p class=\"wp-block-paragraph\">La candidata al Senado por MC se refiere a los hechos violentos que sucedieron el d\u00eda de ayer en los l\u00edmites entre nuestro estado de Colima y Michoac\u00e1n. Un hombre fue privado de la libertad por sujetos armados en Cofrad\u00eda de Morelos (Tecom\u00e1n). En la huida bloquearon la carretera a Cerro de Ortega con un cami\u00f3n robado y prendieron fuego a otro cami\u00f3n en la entrada de Cofrad\u00eda de Hidalgo (Alcuzahue). Al mismo tiempo se report\u00f3 un enfrentamiento armado en Coahuayana (Michoac\u00e1n).<\/p>\n\n\n\n<p class=\"wp-block-paragraph\">A este tipo de hechos violentos de alto impacto nos estamos acostumbrando desde el mot\u00edn entre dos grupos de internos sucedido en el Cereso el d\u00eda 25 de enero de 2022. Desde entonces y hasta la fecha la violencia no ha parado y el gobierno local no ha sido capaz de dise\u00f1ar un esquema de seguridad que los contenga.<\/p>\n\n\n\n<p class=\"wp-block-paragraph\">Como si se tratara de una coreograf\u00eda y un guion predeterminados los hechos suceden cuando la gobernadora se encuentra fuera del estado. Se dice anda de vacaciones en Europa, aunque oficialmente no se ha dicho nada al respecto. Su costumbre es no informar, no le interesa informar.<\/p>\n\n\n\n<p class=\"wp-block-paragraph\">Su presencia es requerida ac\u00e1 por la investidura no porque sea indispensable o una persona capaz de tomar decisiones contra los criminales, no. Ella solo toma decisiones contra los mismos ciudadanos, pues es un secreto a voces que ella vio en tiempo real, en vivi\u00f3 y en directo en las pantallas del C5i y junto con sus secretarios de Seguridad y General de Gobierno con quienes tom\u00f3 la decisi\u00f3n de gasear a las mujeres, j\u00f3venes, ancianas y ni\u00f1as que pac\u00edficamente se manifestaban a las afueras de Palacio de Gobierno el 8 de marzo pr\u00f3ximo pasado.<\/p>\n\n\n\n<p class=\"wp-block-paragraph\">A pesar de lo anterior tuvo el cinismo de responsabilizar a un tercero en la estructura org\u00e1nica de mando para justificar su conducta represora.<\/p>\n\n\n\n<p class=\"wp-block-paragraph\">Estamos a cuatro d\u00edas de que se cumpla un mes de los hechos y la Comision Estatal de Derechos Humanos no ha presentado los resultados de la investigaci\u00f3n a la que se comprometi\u00f3 a realizar en el lugar de los hechos el comisionado presidente. Nada. No ha presentado p\u00fablicamente ninguna investigaci\u00f3n y no se ha responsabilizado a nadie formalmente.<\/p>\n\n\n\n<p class=\"wp-block-paragraph\">&nbsp;La gobernadora en Europa, el estado en llamas y el vac\u00edo de poder cada d\u00eda m\u00e1s grande.<\/p>\n\n\n\n<p class=\"wp-block-paragraph\">Pero la grilla sigue bien atendida: la Viri Valencia sigue emperrada en ser registrada para competir por la presidencia de Colima, aun cuando no cumple con el requisito de residencia que le marca el art\u00edculo 93 de la Constituci\u00f3n para garantizar la representaci\u00f3n efectiva; Rosi Bayardo se registr\u00f3 en Manzanillo; Guillermo Toscano, el promotor del endeudamiento del estado de Colima cuando fue diputado local ahora quiere volver a competir por la Villa, donde seguramente perder\u00e1 porque es un tipo impresentable; Karely V\u00e1zquez Sol\u00f3rzano, hija del director del IPECOL, Hugo V\u00e1zquez Montes, ser\u00e1 candidata de Morena-PT-PVEM a la diputaci\u00f3n local del distrito 7 de Villa de \u00c1lvarez; Karen Jurado Escamilla, hermana de Eduardo Jurado Escamilla (jefe de la Oficina de la Gobernadora Indira Vizca\u00edno) ser\u00e1 candidata de Morena-PT-PVEM por el distrito 5 local que abarca Coquimatl\u00e1n y el poniente de Vde\u00c1; Virgilio Mendoza y Karen Hern\u00e1ndez, cuyos \u00fanicos m\u00e9ritos son estar se\u00f1alados por actos de corrupci\u00f3n y tener relaciones afectivas con la gobernadora; Locho Mor\u00e1n un saqueador del erario municipal de Colima; todos los anteriores son solo una muestra de que los perfiles de Morena son, o ser corruptos, o tener un v\u00ednculo afectivo, familiar o pol\u00edtico, es decir, pertenecer a la <em>Mafia de las Amiguis<\/em>.<\/p>\n\n\n\n<p class=\"wp-block-paragraph\">Los pol\u00edticos est\u00e1n ocupados en renovar su hueso y en ese af\u00e1n est\u00e1n abandonado sus tareas actuales o como el caso de la gobernadora, nunca lo han asumido.<\/p>\n\n\n\n<p class=\"wp-block-paragraph\">&nbsp;Violencia de alto impacto, incendio de autos, bloqueo de carreteras y asesinatos y la gobernadora ausente. Eso en Colima es una constante.<\/p>\n\n\n\n<p class=\"wp-block-paragraph\">El vac\u00edo de poder en Colima crece y l\u00f3gicamente a los \u00fanicos que nos importa es a nosotros los afectados.<\/p>\n\n\n\n<p class=\"wp-block-paragraph\"><a>En Colima hay un vac\u00edo de poder y un sentimiento de desamparo en las familias colimotas que tiene en vilo a nuestra sociedad entera.&nbsp;<\/a><\/p>\n<div class=\"fb-background-color\">\n\t\t\t  <div \n\t\t\t  \tclass = \"fb-comments\" \n\t\t\t  \tdata-href = \"https:\/\/diarioavanzada.com.mx\/?p=56254\"\n\t\t\t  \tdata-numposts = \"10\"\n\t\t\t  \tdata-lazy = \"true\"\n\t\t\t\tdata-colorscheme = \"light\"\n\t\t\t\tdata-order-by = \"social\"\n\t\t\t\tdata-mobile=true>\n\t\t\t  <\/div><\/div>\n\t\t  <style>\n\t\t    .fb-background-color {\n\t\t\t\tbackground:  !important;\n\t\t\t}\n\t\t\t.fb_iframe_widget_fluid_desktop iframe {\n\t\t\t    width: 100% !important;\n\t\t\t}\n\t\t  <\/style>\n\t\t  ","protected":false},"excerpt":{"rendered":"<p>Columna El Puercoesp\u00edn En Colima hay un vac\u00edo de poder enorme que cada d\u00eda pesa m\u00e1s en las vidas de quienes vivimos aqu\u00ed.&nbsp; \u201cAnte los acontecimientos suscitados el d\u00eda de hoy en Tecom\u00e1n y el temor fundado de las familias en el estado, el sentimiento de desamparo es permanente en la inmensa mayor\u00eda de los [&hellip;]<\/p>\n","protected":false},"author":9,"featured_media":56255,"comment_status":"closed","ping_status":"closed","sticky":false,"template":"","format":"standard","meta":{"_coblocks_attr":"","_coblocks_dimensions":"","_coblocks_responsive_height":"","_coblocks_accordion_ie_support":"","advanced_seo_description":"","jetpack_seo_html_title":"","jetpack_seo_noindex":false,"jetpack_seo_schema_type":"","_jetpack_newsletter_access":"","_jetpack_dont_email_post_to_subs":false,"_jetpack_newsletter_tier_id":0,"_jetpack_memberships_contains_paywalled_content":false,"_wpcom_ai_launchpad_first_post":false,"_jetpack_feature_clip_id":0,"_jetpack_memberships_contains_paid_content":false,"footnotes":"","jetpack_post_was_ever_published":false},"categories":[7],"tags":[],"class_list":["post-56254","post","type-post","status-publish","format-standard","has-post-thumbnail","hentry","category-noticias"],"jetpack-related-posts":[],"jetpack_sharing_enabled":true,"amp_enabled":true,"jetpack_featured_media_url":"https:\/\/diarioavanzada.com.mx\/wp-content\/uploads\/2024\/04\/aaa-27.jpg","_links":{"self":[{"href":"https:\/\/diarioavanzada.com.mx\/index.php?rest_route=\/wp\/v2\/posts\/56254","targetHints":{"allow":["GET"]}}],"collection":[{"href":"https:\/\/diarioavanzada.com.mx\/index.php?rest_route=\/wp\/v2\/posts"}],"about":[{"href":"https:\/\/diarioavanzada.com.mx\/index.php?rest_route=\/wp\/v2\/types\/post"}],"author":[{"embeddable":true,"href":"https:\/\/diarioavanzada.com.mx\/index.php?rest_route=\/wp\/v2\/users\/9"}],"replies":[{"embeddable":true,"href":"https:\/\/diarioavanzada.com.mx\/index.php?rest_route=%2Fwp%2Fv2%2Fcomments&post=56254"}],"version-history":[{"count":2,"href":"https:\/\/diarioavanzada.com.mx\/index.php?rest_route=\/wp\/v2\/posts\/56254\/revisions"}],"predecessor-version":[{"id":56257,"href":"https:\/\/diarioavanzada.com.mx\/index.php?rest_route=\/wp\/v2\/posts\/56254\/revisions\/56257"}],"wp:featuredmedia":[{"embeddable":true,"href":"https:\/\/diarioavanzada.com.mx\/index.php?rest_route=\/wp\/v2\/media\/56255"}],"wp:attachment":[{"href":"https:\/\/diarioavanzada.com.mx\/index.php?rest_route=%2Fwp%2Fv2%2Fmedia&parent=56254"}],"wp:term":[{"taxonomy":"category","embeddable":true,"href":"https:\/\/diarioavanzada.com.mx\/index.php?rest_route=%2Fwp%2Fv2%2Fcategories&post=56254"},{"taxonomy":"post_tag","embeddable":true,"href":"https:\/\/diarioavanzada.com.mx\/index.php?rest_route=%2Fwp%2Fv2%2Ftags&post=56254"}],"curies":[{"name":"wp","href":"https:\/\/api.w.org\/{rel}","templated":true}]}}