{"id":56011,"date":"2024-03-28T09:05:38","date_gmt":"2024-03-28T15:05:38","guid":{"rendered":"https:\/\/diarioavanzada.com.mx\/?p=56011"},"modified":"2024-03-28T09:08:15","modified_gmt":"2024-03-28T15:08:15","slug":"lidera-xochitl-la-eleccion-a-la-presidencia","status":"publish","type":"post","link":"https:\/\/diarioavanzada.com.mx\/?p=56011","title":{"rendered":"Lidera X\u00f3chitl la elecci\u00f3n a la Presidencia"},"content":{"rendered":"\n<p class=\"wp-block-paragraph\">Columna<\/p>\n\n\n\n<p class=\"wp-block-paragraph\">El Puercoesp\u00edn<\/p>\n\n\n\n<p class=\"wp-block-paragraph\">Desde el domingo 26 de febrero de 2023 los partidos que actualmente conforman la coalici\u00f3n <em>Fuerza y Coraz\u00f3n por M\u00e9xico, <\/em>con el pretexto de defender al INE y bajo la consigna \u201cel INE no se toca\u201d, la derecha se fue apropiando, poco a poco, de esa instituci\u00f3n \u201caut\u00f3noma\u201d principiando por su color de identidad, el rosa mexicano.<\/p>\n\n\n\n<p class=\"wp-block-paragraph\">El INE no se toca, su consigna rectora, era la fachada ret\u00f3rica para hacer suyo al Consejo Directivo y legitimar, desde la impostura ciudadana, las futuras decisiones sesgadas y parciales propias de un \u00e1rbitro vendido. Se trataba de respaldar a los consejeros que fueron puestos por ellos y que obviamente responden a las directrices de ellos.<\/p>\n\n\n\n<p class=\"wp-block-paragraph\">Desde entonces y hasta la fecha despojaron al INE de sus colores y el car\u00e1cter ciudadano. Se lo robaron como es su costumbre y forma de apropiarse de los bienes de la naci\u00f3n.<\/p>\n\n\n\n<p class=\"wp-block-paragraph\">Cuando se defini\u00f3 la candidatura de <em>Fuerza y Coraz\u00f3n por M\u00e9xico,<\/em> por \u00f3rdenes de los que verdaderamente mandan, y despu\u00e9s de sacar de la jugada a Beatriz Paredes, a Creel y a De la Madrid, entre otros, ungieron como su candidata, por dedazo, a X\u00f3chitl.<\/p>\n\n\n\n<p class=\"wp-block-paragraph\">Todos fueron desechados por que se ven\u00edan o eran identificados como miembros militantes de los partidos que conforman la coalici\u00f3n y ellos precisaban de una candidata ciudadana, as\u00ed fuera una invenci\u00f3n mercadot\u00e9cnica. Necesitaban, seg\u00fan sus c\u00e1lculos, una candidata ciudadana, una mujer surgida del esfuerzo. Y la m\u00e1s perfecta ciudadana result\u00f3 una dura militante del PAN que ha votado siempre en contra de los programas sociales. Una falsa emprendedora y exitosa vendedora de gelatinas de pueblo. Una historia conmovedora, tan directamente conmovedora como falsa.&nbsp;<\/p>\n\n\n\n<p class=\"wp-block-paragraph\">Lo de ciudadana nadie lo crey\u00f3, ni ellos mismos, a pesar de su obsesivo uso del rosa mexicano.<\/p>\n\n\n\n<p class=\"wp-block-paragraph\">Despu\u00e9s ya en campa\u00f1a decidieron pintar de rosa mexicano el <strong><em>Xochibus.<\/em><\/strong> La escenograf\u00eda de su sala de prensa es rosa mexicano, su papeler\u00eda es rosa. Todo tiene que ser rosa mexicano porque es el color del INE porque es el color de los ciudadanos porque les urge eliminar el azul del PAN y eliminar el desprestigiado y gastado logotipo tricolor del PRI, adem\u00e1s era imprescindible abandonar el crom\u00e1tico azul y tricolor priista asociados con la corrupci\u00f3n.<\/p>\n\n\n\n<p class=\"wp-block-paragraph\">Nadie puede, nadie debe confundirse crom\u00e1ticamente con el \u00e1rbitro, y X\u00f3chitl y su equipo de campa\u00f1a lo hicieron y, el \u00e1rbitro no les dijo nada.<\/p>\n\n\n\n<p class=\"wp-block-paragraph\">Ayer rebasaron los l\u00edmites de una elecci\u00f3n limpia al pasar a usar el logotipo del INE al subir a las redes una supuesta campa\u00f1a de protecci\u00f3n del voto libre y en defensa de los programas sociales.<\/p>\n\n\n\n<p class=\"wp-block-paragraph\"><em>Fuerza y Coraz\u00f3n por M\u00e9xico<\/em> viola la ley en forma grave al atreverse a usar el logotipo del INE y sus colores.<\/p>\n\n\n\n<p class=\"wp-block-paragraph\">La consejera presidenta del INE, Guadalupe Taddei Zavala expres\u00f3 en la reuni\u00f3n del pleno del Consejo lo siguiente: \u201cEs inadmisible que se confunda la imagen de este instituto, que debe ser garante de la confianza, la certeza, la credibilidad, el pr\u00f3ximo 2 de junio.\u201d<\/p>\n\n\n\n<p class=\"wp-block-paragraph\">La responsable de los debates Carla Astrid Humphry Jordan se refiri\u00f3 al caso en los mismos t\u00e9rminos que la consejera presidenta y agreg\u00f3 que se deber\u00eda de actuar de oficio, aplicar las medidas jur\u00eddicas conducentes y eliminar la propaganda donde se hace uso indebido del logotipo del INE donde es clara y manifiesta la intenci\u00f3n de la candidata X\u00f3chitl G\u00e1lvez de conducir a la confusi\u00f3n y socavar la certeza e imparcialidad del INE. Es una violaci\u00f3n grave a la ley.<\/p>\n\n\n\n<p class=\"wp-block-paragraph\">Los dise\u00f1os de la propaganda difundidos ilegalmente por la candidata de <em>Fuerza y Coraz\u00f3n por M\u00e9xico<\/em> dicen en sus textos lo siguiente: \u201c<em>Gane quien gane, los programas sociales se quedar\u00e1n. Son tuyos; Si alguien te dice que puedes perder los programas sociales. Den\u00fancialos\u201d;<\/em> Ning\u00fan partido puede quitarte los programas sociales. Son tuyos; y en todos y cada uno ellos los rubrican con el logotipo y colores del INE.<\/p>\n\n\n\n<p class=\"wp-block-paragraph\">Es clara la intenci\u00f3n de los miembros conservadores del equipo de campa\u00f1a de <em>Fuerza y Coraz\u00f3n por M\u00e9xico <\/em>de hacer pasar su propaganda bajo la firma del \u00e1rbitro electoral como si se tratar\u00e1 de propaganda institucional.<\/p>\n\n\n\n<p class=\"wp-block-paragraph\">No est\u00e1 de m\u00e1s se\u00f1alar que la propaganda es falsa y tendenciosa.<\/p>\n\n\n\n<p class=\"wp-block-paragraph\">La forma de X\u00f3chitl y su equipo de violentar las leyes electorales se inscriben en su intenci\u00f3n de reventar la elecci\u00f3n, pues los n\u00fameros demosc\u00f3picos de intenci\u00f3n del voto no les favorecen.<\/p>\n\n\n\n<p class=\"wp-block-paragraph\">El PRI ya no le quiere meter m\u00e1s dinero, los empresarios no le quieren meter dinero bueno al malo y los ciudadanos no se ven muy dispuestos a financiar una campa\u00f1a de antemano perdida.<\/p>\n\n\n\n<p class=\"wp-block-paragraph\">No cambiaron de candidato a tiempo y su fracaso todav\u00eda puede ser m\u00e1s grande si no toman medidas radicales.<\/p>\n\n\n\n<p class=\"wp-block-paragraph\">Tal parce que tienen serias intenciones de intentar reventar la elecci\u00f3n.<\/p>\n\n\n\n<p class=\"wp-block-paragraph\">Por lo pronto X\u00f3chitl tiene un liderato seguro, ella es ya la l\u00edder en la elecci\u00f3n, pero la l\u00edder en hacer trampas. X\u00f3chitl, ni con su perro nos la gana, como dec\u00eda aquel famoso comercial de cerveza Carta Blanca.<\/p>\n\n\n\n<p class=\"wp-block-paragraph\">Tan mal les est\u00e1 quedando el \u00e1rbitro que sin propon\u00e9rselo, ellos mismos, lo est\u00e1n destruyendo. Por lo que se ve: el INE s\u00ed se toca. Bueno, solo por ellos, los tramposos de siempre.<\/p>\n\n\n\n<p class=\"wp-block-paragraph\"><em>*Imagen tomada de la red social de X\u00f3chitl G\u00e1lvez.<\/em><\/p>\n<div class=\"fb-background-color\">\n\t\t\t  <div \n\t\t\t  \tclass = \"fb-comments\" \n\t\t\t  \tdata-href = \"https:\/\/diarioavanzada.com.mx\/?p=56011\"\n\t\t\t  \tdata-numposts = \"10\"\n\t\t\t  \tdata-lazy = \"true\"\n\t\t\t\tdata-colorscheme = \"light\"\n\t\t\t\tdata-order-by = \"social\"\n\t\t\t\tdata-mobile=true>\n\t\t\t  <\/div><\/div>\n\t\t  <style>\n\t\t    .fb-background-color {\n\t\t\t\tbackground:  !important;\n\t\t\t}\n\t\t\t.fb_iframe_widget_fluid_desktop iframe {\n\t\t\t    width: 100% !important;\n\t\t\t}\n\t\t  <\/style>\n\t\t  ","protected":false},"excerpt":{"rendered":"<p>Columna El Puercoesp\u00edn Desde el domingo 26 de febrero de 2023 los partidos que actualmente conforman la coalici\u00f3n Fuerza y Coraz\u00f3n por M\u00e9xico, con el pretexto de defender al INE y bajo la consigna \u201cel INE no se toca\u201d, la derecha se fue apropiando, poco a poco, de esa instituci\u00f3n \u201caut\u00f3noma\u201d principiando por su color [&hellip;]<\/p>\n","protected":false},"author":9,"featured_media":56013,"comment_status":"closed","ping_status":"closed","sticky":false,"template":"","format":"standard","meta":{"_coblocks_attr":"","_coblocks_dimensions":"","_coblocks_responsive_height":"","_coblocks_accordion_ie_support":"","advanced_seo_description":"","jetpack_seo_html_title":"","jetpack_seo_noindex":false,"jetpack_seo_schema_type":"","_jetpack_newsletter_access":"","_jetpack_dont_email_post_to_subs":false,"_jetpack_newsletter_tier_id":0,"_jetpack_memberships_contains_paywalled_content":false,"_wpcom_ai_launchpad_first_post":false,"_jetpack_feature_clip_id":0,"_jetpack_memberships_contains_paid_content":false,"footnotes":"","jetpack_post_was_ever_published":false},"categories":[19,209,24],"tags":[220,210],"class_list":["post-56011","post","type-post","status-publish","format-standard","has-post-thumbnail","hentry","category-colima","category-importantes","category-opinion","tag-opinion","tag-portada"],"jetpack-related-posts":[],"jetpack_sharing_enabled":true,"amp_enabled":true,"jetpack_featured_media_url":"https:\/\/diarioavanzada.com.mx\/wp-content\/uploads\/2024\/03\/aaa-100.jpg","_links":{"self":[{"href":"https:\/\/diarioavanzada.com.mx\/index.php?rest_route=\/wp\/v2\/posts\/56011","targetHints":{"allow":["GET"]}}],"collection":[{"href":"https:\/\/diarioavanzada.com.mx\/index.php?rest_route=\/wp\/v2\/posts"}],"about":[{"href":"https:\/\/diarioavanzada.com.mx\/index.php?rest_route=\/wp\/v2\/types\/post"}],"author":[{"embeddable":true,"href":"https:\/\/diarioavanzada.com.mx\/index.php?rest_route=\/wp\/v2\/users\/9"}],"replies":[{"embeddable":true,"href":"https:\/\/diarioavanzada.com.mx\/index.php?rest_route=%2Fwp%2Fv2%2Fcomments&post=56011"}],"version-history":[{"count":3,"href":"https:\/\/diarioavanzada.com.mx\/index.php?rest_route=\/wp\/v2\/posts\/56011\/revisions"}],"predecessor-version":[{"id":56015,"href":"https:\/\/diarioavanzada.com.mx\/index.php?rest_route=\/wp\/v2\/posts\/56011\/revisions\/56015"}],"wp:featuredmedia":[{"embeddable":true,"href":"https:\/\/diarioavanzada.com.mx\/index.php?rest_route=\/wp\/v2\/media\/56013"}],"wp:attachment":[{"href":"https:\/\/diarioavanzada.com.mx\/index.php?rest_route=%2Fwp%2Fv2%2Fmedia&parent=56011"}],"wp:term":[{"taxonomy":"category","embeddable":true,"href":"https:\/\/diarioavanzada.com.mx\/index.php?rest_route=%2Fwp%2Fv2%2Fcategories&post=56011"},{"taxonomy":"post_tag","embeddable":true,"href":"https:\/\/diarioavanzada.com.mx\/index.php?rest_route=%2Fwp%2Fv2%2Ftags&post=56011"}],"curies":[{"name":"wp","href":"https:\/\/api.w.org\/{rel}","templated":true}]}}