{"id":5588,"date":"2019-05-27T07:54:04","date_gmt":"2019-05-27T12:54:04","guid":{"rendered":"https:\/\/diarioavanzada.com.mx\/?p=5588"},"modified":"2019-05-27T07:54:10","modified_gmt":"2019-05-27T12:54:10","slug":"por-el-nulo-avance-en-las-investigaciones-familiares-de-personas-desaparecidas-interponen-queja-contra-la-fiscalia-ante-cdhec","status":"publish","type":"post","link":"https:\/\/diarioavanzada.com.mx\/?p=5588","title":{"rendered":"Por el nulo avance en las investigaciones, familiares de personas desaparecidas interponen queja contra la Fiscal\u00eda ante CDHEC"},"content":{"rendered":"\n<p class=\"wp-block-paragraph\">Colima, M\u00e9xico, Avanzada (27\/05\/2019).- Por el nulo avance en las investigaciones, familiares de personas desaparecidas interpusieron seis quejas ante la Comisi\u00f3n de Derechos Humanos del Estado de Colima (CDHEC) en contra de la Fiscal\u00eda General del Estado. <\/p>\n\n\n\n<p class=\"wp-block-paragraph\">Los familiares de las v\u00edctimas de desaparici\u00f3n acudieron el pasado jueves a la Comisi\u00f3n a interponer sus quejas al constatar que las pesquisas para localizar a sus seres queridos son escasas. Integrantes de la Red estatal de B\u00fasqueda de Personas Desaparecidas acudi\u00f3 a la Comisi\u00f3n Estatal a t\u00edtulo individual y decidieron abrir seis expedientes en contra de la Fiscal\u00eda General. <\/p>\n\n\n\n<p class=\"wp-block-paragraph\">Eva, una de las personas que interpusieron la queja, se\u00f1al\u00f3 que desde la desaparici\u00f3n de sus familiares, la informaci\u00f3n que les ha ofrecido la autoridad es m\u00ednima y desde hace meses no hay ning\u00fan dato nuevo que les permita entender qu\u00e9 sucedi\u00f3 con su ser querido. <\/p>\n\n\n\n<p class=\"wp-block-paragraph\">Las quejas fueron atendidas por diversos visitadores de la Comisi\u00f3n de Derechos Humanos del Estado de Colima. Los expedientes se integraron con fotograf\u00edas de algunos de los desaparecidos. \u201cEsta acci\u00f3n la estamos haciendo a t\u00edtulo personal, aunque somos integrantes de la Red de B\u00fasqueda, pero decidimos actuar porque no hab\u00edamos acudido a Derechos Humanos y porque no vemos que avancen las investigaciones\u201d, dijo Eva. <\/p>\n\n\n\n<p class=\"wp-block-paragraph\">En Colima, la cifra oficial cerr\u00f3 en abril de 2018 con 603 personas desaparecidas en el estado de Colima, entre ellas, ni\u00f1os como los casos de Kelsy Naomi y Rodrigo Medina, ambos de ocho a\u00f1os de edad, quienes desaparecieron en el 2017 en el municipio de Tecom\u00e1n.<\/p>\n<div class=\"fb-background-color\">\n\t\t\t  <div \n\t\t\t  \tclass = \"fb-comments\" \n\t\t\t  \tdata-href = \"https:\/\/diarioavanzada.com.mx\/?p=5588\"\n\t\t\t  \tdata-numposts = \"10\"\n\t\t\t  \tdata-lazy = \"true\"\n\t\t\t\tdata-colorscheme = \"light\"\n\t\t\t\tdata-order-by = \"social\"\n\t\t\t\tdata-mobile=true>\n\t\t\t  <\/div><\/div>\n\t\t  <style>\n\t\t    .fb-background-color {\n\t\t\t\tbackground:  !important;\n\t\t\t}\n\t\t\t.fb_iframe_widget_fluid_desktop iframe {\n\t\t\t    width: 100% !important;\n\t\t\t}\n\t\t  <\/style>\n\t\t  ","protected":false},"excerpt":{"rendered":"<p>Colima, M\u00e9xico, Avanzada (27\/05\/2019).- Por el nulo avance en las investigaciones, familiares de personas desaparecidas interpusieron seis quejas ante la Comisi\u00f3n de Derechos Humanos del Estado de Colima (CDHEC) en contra de la Fiscal\u00eda General del Estado. Los familiares de las v\u00edctimas de desaparici\u00f3n acudieron el pasado jueves a la Comisi\u00f3n a interponer sus quejas [&hellip;]<\/p>\n","protected":false},"author":5,"featured_media":5589,"comment_status":"closed","ping_status":"closed","sticky":false,"template":"","format":"standard","meta":{"_coblocks_attr":"","_coblocks_dimensions":"","_coblocks_responsive_height":"","_coblocks_accordion_ie_support":"","_crdt_document":"","advanced_seo_description":"","jetpack_seo_html_title":"","jetpack_seo_noindex":false,"_jetpack_memberships_contains_paid_content":false,"footnotes":""},"categories":[19,231],"tags":[275,210,219,228],"class_list":["post-5588","post","type-post","status-publish","format-standard","has-post-thumbnail","hentry","category-colima","category-seguridad","tag-desaparecidos","tag-portada","tag-seguridad","tag-violencia"],"jetpack_featured_media_url":"https:\/\/diarioavanzada.com.mx\/wp-content\/uploads\/2019\/05\/Fiscali\u0301a-del-Estado-de-Colima.jpg","jetpack-related-posts":[],"jetpack_sharing_enabled":true,"amp_enabled":true,"_links":{"self":[{"href":"https:\/\/diarioavanzada.com.mx\/index.php?rest_route=\/wp\/v2\/posts\/5588","targetHints":{"allow":["GET"]}}],"collection":[{"href":"https:\/\/diarioavanzada.com.mx\/index.php?rest_route=\/wp\/v2\/posts"}],"about":[{"href":"https:\/\/diarioavanzada.com.mx\/index.php?rest_route=\/wp\/v2\/types\/post"}],"author":[{"embeddable":true,"href":"https:\/\/diarioavanzada.com.mx\/index.php?rest_route=\/wp\/v2\/users\/5"}],"replies":[{"embeddable":true,"href":"https:\/\/diarioavanzada.com.mx\/index.php?rest_route=%2Fwp%2Fv2%2Fcomments&post=5588"}],"version-history":[{"count":0,"href":"https:\/\/diarioavanzada.com.mx\/index.php?rest_route=\/wp\/v2\/posts\/5588\/revisions"}],"wp:featuredmedia":[{"embeddable":true,"href":"https:\/\/diarioavanzada.com.mx\/index.php?rest_route=\/wp\/v2\/media\/5589"}],"wp:attachment":[{"href":"https:\/\/diarioavanzada.com.mx\/index.php?rest_route=%2Fwp%2Fv2%2Fmedia&parent=5588"}],"wp:term":[{"taxonomy":"category","embeddable":true,"href":"https:\/\/diarioavanzada.com.mx\/index.php?rest_route=%2Fwp%2Fv2%2Fcategories&post=5588"},{"taxonomy":"post_tag","embeddable":true,"href":"https:\/\/diarioavanzada.com.mx\/index.php?rest_route=%2Fwp%2Fv2%2Ftags&post=5588"}],"curies":[{"name":"wp","href":"https:\/\/api.w.org\/{rel}","templated":true}]}}