{"id":55827,"date":"2024-03-25T07:44:20","date_gmt":"2024-03-25T13:44:20","guid":{"rendered":"https:\/\/diarioavanzada.com.mx\/?p=55827"},"modified":"2024-03-25T07:46:32","modified_gmt":"2024-03-25T13:46:32","slug":"se-manifiestan-frente-a-ecoparc-colima","status":"publish","type":"post","link":"https:\/\/diarioavanzada.com.mx\/?p=55827","title":{"rendered":"Se manifiestan frente a Ecoparc Colima"},"content":{"rendered":"\n<p class=\"wp-block-paragraph\">Columna<\/p>\n\n\n\n<p class=\"wp-block-paragraph\">El Puercoesp\u00edn<\/p>\n\n\n\n<p class=\"wp-block-paragraph\">El s\u00e1bado<\/p>\n\n\n\n<p class=\"wp-block-paragraph\">Manifestarse p\u00fablicamente tiene el sentido de: sensibilizar a la gente sobre un problema, llamar la atenci\u00f3n porque algo no est\u00e1 funcionando como debiera, hacer un reclamo al gobierno, denunciar una injustica. La manifestaci\u00f3n tambi\u00e9n puede contener varios motivos a la vez.<\/p>\n\n\n\n<p class=\"wp-block-paragraph\">La manifestaci\u00f3n frente al Ecoparc Colima tiene varios motivos: reclamar al gobierno de Colima el descuido del Ecoparc Colima en todos sentidos, llamar la atenci\u00f3n del Gobierno de M\u00e9xico y sensibilizar a la gente de Colima del maltrato y la corrupci\u00f3n en los contratos del gobierno estatal con empresas privadas.<\/p>\n\n\n\n<p class=\"wp-block-paragraph\">Alrededor de\u00a0<strong>50 personas<\/strong>\u00a0se manifestaron afuera del\u00a0<strong>Ecoparc Colima<\/strong>\u00a0para exigir que las autoridades federales tomen medidas ante la\u00a0<strong>situaci\u00f3n de maltrato animal<\/strong>\u00a0en el lugar. Los manifestantes, de diversas edades, portaban pancartas en las que demandaban\u00a0<strong>alto al maltrato animal<\/strong> y <strong>respeto a la vida de los animales.<\/strong> De manera simb\u00f3lica, clausuraron el espacio.<\/p>\n\n\n\n<p class=\"wp-block-paragraph\">El&nbsp;<strong>Ecoparc Colima<\/strong>, concesionado a la empresa particular&nbsp;<strong>Fiesta Safari, S. A.<\/strong>, ha estado en el centro de controversias desde su inicio. A pesar de su objetivo inicial de ser una zona de conservaci\u00f3n para animales como tigres, chimpanc\u00e9s y osos, ha enfrentado cuestionamientos debido a la&nbsp;<strong>muerte de animales<\/strong><strong>,&nbsp;<\/strong><strong>ataques a personas mayores<\/strong>y&nbsp;<strong>fugas de animales<\/strong>que ponen en peligro a la poblaci\u00f3n. Recientemente, una becaria de Ecoparc Colima denunci\u00f3 p\u00fablicamente la falta de recursos para alimentar a los m\u00e1s de 200 animales que residen en ese centro zool\u00f3gico.<\/p>\n\n\n\n<p class=\"wp-block-paragraph\">La desgobernadora el 25 de julio de 2022 en conferencia de prensa dio a conocer que el contrato con la empresa concesionaria ser\u00eda revisado con perspectiva jur\u00eddica y posteriormente dar\u00eda a conocer los resultados de dicha evaluaci\u00f3n jur\u00eddica.<\/p>\n\n\n\n<p class=\"wp-block-paragraph\">La desgobernadora y su equipo de abogados llevan un a\u00f1o y ocho meses revisando el contrato de concesi\u00f3n y no tiene resultados. Van letra por letra y de rodillas -supongo-.<\/p>\n\n\n\n<p class=\"wp-block-paragraph\">El contrato debe ser muy complejo para que no puedan llegar a conclusiones.&nbsp;&nbsp;<\/p>\n\n\n\n<p class=\"wp-block-paragraph\">Los animales est\u00e1n en condiciones precarias y al borde de la muerte y ella y su equipo est\u00e1n analizando el asunto tan minuciosamente que no tiene resultados despu\u00e9s de un a\u00f1o ocho meses.<\/p>\n\n\n\n<p class=\"wp-block-paragraph\">En el estado de Hidalgo los ayuntamientos otorgaron contratos a empresas fachada por un monto de&nbsp;<strong>dos mil millones de pesos<\/strong>, y se presume que estas empresas estaban vinculadas a ex funcionarios estatales. La Procuradur\u00eda General de Justicia de Hidalgo emiti\u00f3 \u00f3rdenes de aprehensi\u00f3n y vinculado a proceso a varios alcaldes y ex funcionarios por su presunta participaci\u00f3n en esta red de corrupci\u00f3n denominada \u201cEstafa siniestra\u201d. El Proceso ha sido gradual, abarcando desde tesoreros municipales hasta secretarios de estado. El monto total desviado asciende a 2 mil millones de pesos y ha implicado a 18 ex funcionarios de la administraci\u00f3n priista de Omar Gali Fayad. Santiago Nieto, ex director de la Unidad de Inteligencia Financiera, es el responsable de estas acciones.<\/p>\n\n\n\n<p class=\"wp-block-paragraph\">El domingo<\/p>\n\n\n\n<p class=\"wp-block-paragraph\">Elementos de seguridad informaron sobre la decisi\u00f3n de llevar a cabo un paro t\u00e9cnico por parte de los elementos operativos de la Polic\u00eda Estatal del Estado y Custodios Penitenciarios, a partir del domingo 24 de marzo hasta nuevo aviso. Este paro t\u00e9cnico se lleva a cabo como medida de presi\u00f3n para destacar las condiciones laborales que enfrentan los miembros de las fuerzas policiales.<\/p>\n\n\n\n<p class=\"wp-block-paragraph\">Las principales preocupaciones que motivan este paro t\u00e9cnico incluyen la falta de recursos y equipo adecuado, condiciones de trabajo inseguras y la falta de apoyo institucional<\/p>\n\n\n\n<p class=\"wp-block-paragraph\">Por otro lado, el domingo 24 de marzo, un grupo de mujeres, en forma an\u00f3nima, hicieron la denuncia de que el gobierno del estado no ha atendido sus necesidades, pues son damnificadas del cicl\u00f3n Lidia. El cicl\u00f3n pas\u00f3 por Colima un ocho octubre y a estas alturas todav\u00eda no se ha reparado la infraestructura en su totalidad y muchos damnificados como los de Zacualpan siguen sin ser atendidos por negligencia gubernamental. Tres d\u00edas le dieron de plazo a la desgobernadora para ser escuchados o, de lo contrario, tomar\u00e1n medidas m\u00e1s dr\u00e1sticas.<\/p>\n\n\n\n<p class=\"wp-block-paragraph\">En una sociedad democr\u00e1tica no es necesario que la gente tenga que recurrir a los medios de comunicaci\u00f3n ni a la manifestaci\u00f3n p\u00fablica para ser escuchados.&nbsp;<\/p>\n\n\n\n<p class=\"wp-block-paragraph\">En el caso del Ecoparc Colima es obvio que la desgobernadora est\u00e1 protegiendo al ex gobernador Nacho Peralta y a la empresa concesionaria Fiesta Safari, S. A., pues est\u00e1 aplicando una t\u00e1ctica dilatoria para no aplicar la ley y dejar en la impunidad un convenio de concesi\u00f3n palmariamente leonino. La desgobernadora no protege los intereses de los colimenses, protege a Nacho y a su pandilla, donde est\u00e1 incluida.<\/p>\n\n\n\n<p class=\"wp-block-paragraph\">En el estado de Hidalgo Santiago Nieto actu\u00f3 como debe actuar un gobierno democr\u00e1tico. Indira es una desgobernadora delincuente que trabaja para delincuentes.<\/p>\n\n\n\n<p class=\"wp-block-paragraph\">Bien por la gente que se manifest\u00f3 a favor de los animales y no me refiero a que se hayan manifestado a favor de Indira y sus compinches sino a los animalitos del zool\u00f3gico del Ecoparc Colima que se encuentran en un verdadero estado de indefensi\u00f3n.<\/p>\n\n\n\n<p class=\"wp-block-paragraph\">En el caso de los polic\u00edas es pat\u00e9tico lo que est\u00e1 sucediendo. \u00bfD\u00f3nde est\u00e1 el gobierno estatal? \u00bfQu\u00e9 est\u00e1 haciendo?<\/p>\n\n\n\n<p class=\"wp-block-paragraph\">Est\u00e1 claro que no existe secretario general de Gobierno. Los problemas explotan y se observa que nadie los atiende, \u00bfd\u00f3nde andan los funcionarios? \u00bfSe habr\u00e1n ido de vacaciones de Semana Santa adelantada?<\/p>\n\n\n\n<p class=\"wp-block-paragraph\">La desgobernadora feliz, feliz, tomando selfis y los problemas navegando en la inercia de la incuria.<\/p>\n\n\n\n<p class=\"wp-block-paragraph\">Se empez\u00f3 con las manifestaciones de las mujeres el 8M, que fueron reprimidas por el bloque de machos incrustado en la Secretar\u00eda General de Gobierno, se continu\u00f3 con la manifestaci\u00f3n de censura a la desgobernadora por parte de las alumnas de la Universidad Intercultural, los trabajadores de la Asipona hicieron sentir su voz p\u00fablicamente, a continuaci\u00f3n, ciudadanos se manifestaron enfrente del Ecoparc Colima y, finalmente, hasta ayer 24 de marzo, los polic\u00edas estatales est\u00e1n protestando con la modalidad de un paro t\u00e9cnico y mujeres vecinas de Zacualpan amenazan con ser todo, menos insumisas, si no les hacen caso y se atienden sus demandas.<\/p>\n\n\n\n<p class=\"wp-block-paragraph\">Pero no entremos en preocupaci\u00f3n profunda:&nbsp; Indi sigue invicta con sus selfis, Viri est\u00e1 muy confiada que negociar\u00e1 con el Instituto Estatal Electoral para ser inscrita como candidata y Rosi sacar\u00e1 -como siempre- sus animalitos a mear. Eso es lo verdaderamente importante.&nbsp; Lo dem\u00e1s es lo de menos.<\/p>\n<div class=\"fb-background-color\">\n\t\t\t  <div \n\t\t\t  \tclass = \"fb-comments\" \n\t\t\t  \tdata-href = \"https:\/\/diarioavanzada.com.mx\/?p=55827\"\n\t\t\t  \tdata-numposts = \"10\"\n\t\t\t  \tdata-lazy = \"true\"\n\t\t\t\tdata-colorscheme = \"light\"\n\t\t\t\tdata-order-by = \"social\"\n\t\t\t\tdata-mobile=true>\n\t\t\t  <\/div><\/div>\n\t\t  <style>\n\t\t    .fb-background-color {\n\t\t\t\tbackground:  !important;\n\t\t\t}\n\t\t\t.fb_iframe_widget_fluid_desktop iframe {\n\t\t\t    width: 100% !important;\n\t\t\t}\n\t\t  <\/style>\n\t\t  ","protected":false},"excerpt":{"rendered":"<p>Columna El Puercoesp\u00edn El s\u00e1bado Manifestarse p\u00fablicamente tiene el sentido de: sensibilizar a la gente sobre un problema, llamar la atenci\u00f3n porque algo no est\u00e1 funcionando como debiera, hacer un reclamo al gobierno, denunciar una injustica. La manifestaci\u00f3n tambi\u00e9n puede contener varios motivos a la vez. La manifestaci\u00f3n frente al Ecoparc Colima tiene varios motivos: [&hellip;]<\/p>\n","protected":false},"author":9,"featured_media":55829,"comment_status":"closed","ping_status":"closed","sticky":false,"template":"","format":"standard","meta":{"_coblocks_attr":"","_coblocks_dimensions":"","_coblocks_responsive_height":"","_coblocks_accordion_ie_support":"","advanced_seo_description":"","jetpack_seo_html_title":"","jetpack_seo_noindex":false,"jetpack_seo_schema_type":"","_jetpack_newsletter_access":"","_jetpack_dont_email_post_to_subs":false,"_jetpack_newsletter_tier_id":0,"_jetpack_memberships_contains_paywalled_content":false,"_wpcom_ai_launchpad_first_post":false,"_jetpack_feature_clip_id":0,"_jetpack_memberships_contains_paid_content":false,"footnotes":"","jetpack_post_was_ever_published":false},"categories":[19,209,24],"tags":[220,210],"class_list":["post-55827","post","type-post","status-publish","format-standard","has-post-thumbnail","hentry","category-colima","category-importantes","category-opinion","tag-opinion","tag-portada"],"jetpack-related-posts":[],"jetpack_sharing_enabled":true,"amp_enabled":true,"jetpack_featured_media_url":"https:\/\/diarioavanzada.com.mx\/wp-content\/uploads\/2024\/03\/aaa-66.jpg","_links":{"self":[{"href":"https:\/\/diarioavanzada.com.mx\/index.php?rest_route=\/wp\/v2\/posts\/55827","targetHints":{"allow":["GET"]}}],"collection":[{"href":"https:\/\/diarioavanzada.com.mx\/index.php?rest_route=\/wp\/v2\/posts"}],"about":[{"href":"https:\/\/diarioavanzada.com.mx\/index.php?rest_route=\/wp\/v2\/types\/post"}],"author":[{"embeddable":true,"href":"https:\/\/diarioavanzada.com.mx\/index.php?rest_route=\/wp\/v2\/users\/9"}],"replies":[{"embeddable":true,"href":"https:\/\/diarioavanzada.com.mx\/index.php?rest_route=%2Fwp%2Fv2%2Fcomments&post=55827"}],"version-history":[{"count":3,"href":"https:\/\/diarioavanzada.com.mx\/index.php?rest_route=\/wp\/v2\/posts\/55827\/revisions"}],"predecessor-version":[{"id":55831,"href":"https:\/\/diarioavanzada.com.mx\/index.php?rest_route=\/wp\/v2\/posts\/55827\/revisions\/55831"}],"wp:featuredmedia":[{"embeddable":true,"href":"https:\/\/diarioavanzada.com.mx\/index.php?rest_route=\/wp\/v2\/media\/55829"}],"wp:attachment":[{"href":"https:\/\/diarioavanzada.com.mx\/index.php?rest_route=%2Fwp%2Fv2%2Fmedia&parent=55827"}],"wp:term":[{"taxonomy":"category","embeddable":true,"href":"https:\/\/diarioavanzada.com.mx\/index.php?rest_route=%2Fwp%2Fv2%2Fcategories&post=55827"},{"taxonomy":"post_tag","embeddable":true,"href":"https:\/\/diarioavanzada.com.mx\/index.php?rest_route=%2Fwp%2Fv2%2Ftags&post=55827"}],"curies":[{"name":"wp","href":"https:\/\/api.w.org\/{rel}","templated":true}]}}