{"id":55727,"date":"2024-03-23T12:31:11","date_gmt":"2024-03-23T18:31:11","guid":{"rendered":"https:\/\/diarioavanzada.com.mx\/?p=55727"},"modified":"2024-03-23T12:31:14","modified_gmt":"2024-03-23T18:31:14","slug":"pronostican-tarde-muy-calurosa-en-colima","status":"publish","type":"post","link":"https:\/\/diarioavanzada.com.mx\/?p=55727","title":{"rendered":"Pronostican tarde muy calurosa en Colima"},"content":{"rendered":"\n<p class=\"wp-block-paragraph\">Colima, M\u00e9xico, Avanzada (23\/03\/2024).- El clima en el estado de Colima se mantendr\u00e1 caluroso a muy caluroso durante la tarde de hoy, seg\u00fan informes del Servicio Meteorol\u00f3gico Nacional. Se esperan temperaturas m\u00e1ximas que oscilar\u00e1n entre los 35 y 40 grados Celsius en la regi\u00f3n, con condiciones particularmente c\u00e1lidas en la costa. <\/p>\n\n\n\n<p class=\"wp-block-paragraph\">El cielo estar\u00e1 mayormente despejado durante el d\u00eda, con una ligera posibilidad de nubosidad hacia la tarde. Los vientos soplar\u00e1n de forma ligera, con velocidades que oscilar\u00e1n entre los 15 y 30 km\/h, provenientes del suroeste.<\/p>\n\n\n\n<p class=\"wp-block-paragraph\">No se esperan lluvias en la regi\u00f3n, y se recomienda a la poblaci\u00f3n mantenerse hidratada y protegida del sol, especialmente durante las horas\u00a0de\u00a0mayor\u00a0calor.<\/p>\n\n\n\n<figure class=\"wp-block-image size-large\"><img loading=\"lazy\" decoding=\"async\" width=\"1024\" height=\"576\" src=\"https:\/\/diarioavanzada.com.mx\/wp-content\/uploads\/2024\/03\/Imagen-de-WhatsApp-2024-03-23-a-las-11.42.20_5605d6fa-1024x576.jpg\" alt=\"\" class=\"wp-image-55735\" srcset=\"https:\/\/diarioavanzada.com.mx\/wp-content\/uploads\/2024\/03\/Imagen-de-WhatsApp-2024-03-23-a-las-11.42.20_5605d6fa-1024x576.jpg 1024w, https:\/\/diarioavanzada.com.mx\/wp-content\/uploads\/2024\/03\/Imagen-de-WhatsApp-2024-03-23-a-las-11.42.20_5605d6fa-300x169.jpg 300w, https:\/\/diarioavanzada.com.mx\/wp-content\/uploads\/2024\/03\/Imagen-de-WhatsApp-2024-03-23-a-las-11.42.20_5605d6fa-768x432.jpg 768w, https:\/\/diarioavanzada.com.mx\/wp-content\/uploads\/2024\/03\/Imagen-de-WhatsApp-2024-03-23-a-las-11.42.20_5605d6fa-1200x675.jpg 1200w, https:\/\/diarioavanzada.com.mx\/wp-content\/uploads\/2024\/03\/Imagen-de-WhatsApp-2024-03-23-a-las-11.42.20_5605d6fa.jpg 1280w\" sizes=\"auto, (max-width: 1024px) 100vw, 1024px\" \/><\/figure>\n<div class=\"fb-background-color\">\n\t\t\t  <div \n\t\t\t  \tclass = \"fb-comments\" \n\t\t\t  \tdata-href = \"https:\/\/diarioavanzada.com.mx\/?p=55727\"\n\t\t\t  \tdata-numposts = \"10\"\n\t\t\t  \tdata-lazy = \"true\"\n\t\t\t\tdata-colorscheme = \"light\"\n\t\t\t\tdata-order-by = \"social\"\n\t\t\t\tdata-mobile=true>\n\t\t\t  <\/div><\/div>\n\t\t  <style>\n\t\t    .fb-background-color {\n\t\t\t\tbackground:  !important;\n\t\t\t}\n\t\t\t.fb_iframe_widget_fluid_desktop iframe {\n\t\t\t    width: 100% !important;\n\t\t\t}\n\t\t  <\/style>\n\t\t  ","protected":false},"excerpt":{"rendered":"<p>Colima, M\u00e9xico, Avanzada (23\/03\/2024).- El clima en el estado de Colima se mantendr\u00e1 caluroso a muy caluroso durante la tarde de hoy, seg\u00fan informes del Servicio Meteorol\u00f3gico Nacional. Se esperan temperaturas m\u00e1ximas que oscilar\u00e1n entre los 35 y 40 grados Celsius en la regi\u00f3n, con condiciones particularmente c\u00e1lidas en la costa. El cielo estar\u00e1 mayormente [&hellip;]<\/p>\n","protected":false},"author":7,"featured_media":55734,"comment_status":"closed","ping_status":"closed","sticky":false,"template":"","format":"standard","meta":{"_coblocks_attr":"","_coblocks_dimensions":"","_coblocks_responsive_height":"","_coblocks_accordion_ie_support":"","_crdt_document":"","advanced_seo_description":"","jetpack_seo_html_title":"","jetpack_seo_noindex":false,"_jetpack_memberships_contains_paid_content":false,"footnotes":""},"categories":[7],"tags":[210],"class_list":["post-55727","post","type-post","status-publish","format-standard","has-post-thumbnail","hentry","category-noticias","tag-portada"],"jetpack_featured_media_url":"https:\/\/diarioavanzada.com.mx\/wp-content\/uploads\/2024\/03\/aaa-47.jpg","jetpack-related-posts":[],"jetpack_sharing_enabled":true,"amp_enabled":true,"_links":{"self":[{"href":"https:\/\/diarioavanzada.com.mx\/index.php?rest_route=\/wp\/v2\/posts\/55727","targetHints":{"allow":["GET"]}}],"collection":[{"href":"https:\/\/diarioavanzada.com.mx\/index.php?rest_route=\/wp\/v2\/posts"}],"about":[{"href":"https:\/\/diarioavanzada.com.mx\/index.php?rest_route=\/wp\/v2\/types\/post"}],"author":[{"embeddable":true,"href":"https:\/\/diarioavanzada.com.mx\/index.php?rest_route=\/wp\/v2\/users\/7"}],"replies":[{"embeddable":true,"href":"https:\/\/diarioavanzada.com.mx\/index.php?rest_route=%2Fwp%2Fv2%2Fcomments&post=55727"}],"version-history":[{"count":2,"href":"https:\/\/diarioavanzada.com.mx\/index.php?rest_route=\/wp\/v2\/posts\/55727\/revisions"}],"predecessor-version":[{"id":55736,"href":"https:\/\/diarioavanzada.com.mx\/index.php?rest_route=\/wp\/v2\/posts\/55727\/revisions\/55736"}],"wp:featuredmedia":[{"embeddable":true,"href":"https:\/\/diarioavanzada.com.mx\/index.php?rest_route=\/wp\/v2\/media\/55734"}],"wp:attachment":[{"href":"https:\/\/diarioavanzada.com.mx\/index.php?rest_route=%2Fwp%2Fv2%2Fmedia&parent=55727"}],"wp:term":[{"taxonomy":"category","embeddable":true,"href":"https:\/\/diarioavanzada.com.mx\/index.php?rest_route=%2Fwp%2Fv2%2Fcategories&post=55727"},{"taxonomy":"post_tag","embeddable":true,"href":"https:\/\/diarioavanzada.com.mx\/index.php?rest_route=%2Fwp%2Fv2%2Ftags&post=55727"}],"curies":[{"name":"wp","href":"https:\/\/api.w.org\/{rel}","templated":true}]}}