{"id":55441,"date":"2024-03-19T06:34:31","date_gmt":"2024-03-19T12:34:31","guid":{"rendered":"https:\/\/diarioavanzada.com.mx\/?p=55441"},"modified":"2024-03-19T06:35:59","modified_gmt":"2024-03-19T12:35:59","slug":"que-estamos-perdiendo","status":"publish","type":"post","link":"https:\/\/diarioavanzada.com.mx\/?p=55441","title":{"rendered":"Qu\u00e9 estamos perdiendo"},"content":{"rendered":"\n<p class=\"wp-block-paragraph\">Columna<\/p>\n\n\n\n<p class=\"wp-block-paragraph\">El Puercoesp\u00edn<\/p>\n\n\n\n<p class=\"wp-block-paragraph\">La <em>Banda de Bosque Real<\/em> no solo est\u00e1 actuando de manera fr\u00edvola, infantil, y mediocre, no. Tambi\u00e9n est\u00e1 operando una grilla brutal contra sus enemigos reales y contra los ciudadanos. Tambi\u00e9n est\u00e1 pretendiendo colocar a los mismos miembros de la Banda de Bosque Real en nuevas posiciones pol\u00edticas para continuar con su vida dispendiosa y fatua.<\/p>\n\n\n\n<p class=\"wp-block-paragraph\">La original <em>Mafia de las Amiguis<\/em> teji\u00f3 alianzas profundas con aliados del crimen organizado, rateros profesionales del erario, en s\u00edntesis, incluy\u00f3 a profesionales de la corrupci\u00f3n del Prian conversos en el partido Morena.<\/p>\n\n\n\n<p class=\"wp-block-paragraph\">Se les fueron dos a\u00f1os y cuatro meses y no tuvieron capacidad de hacer nada.<\/p>\n\n\n\n<p class=\"wp-block-paragraph\">Los colimenses nos hemos burlados de sus estupideces cotidianas, de sus excesos en el abuso del poder, de su ignorancia acreditada consuetudinariamente, de su ineptitud rampante y su peque\u00f1es frente a una sociedad demandante y critica.<\/p>\n\n\n\n<p class=\"wp-block-paragraph\">Uno tiene que preguntarse, \u00bfsolo estamos viviendo un gobierno mediocre como tantos, que pasar\u00e1 y vendr\u00e1 otro gobierno y la vida sigue? No.<\/p>\n\n\n\n<p class=\"wp-block-paragraph\">Lo que esta haciendo este gobierno es<strong><em> liquidar la gobernanza<\/em><\/strong>. Me explico: primero, est\u00e1 liquidando <strong>el car\u00e1cter participativo<\/strong> de un gobierno democr\u00e1tico, los instrumentos como revocaci\u00f3n de mandato para evaluar al gobierno, fue fuertemente combatido pol\u00edtica y legalmente por el gobierno, adem\u00e1s en ning\u00fan momento ni intenciones se observan de que este gobierno est\u00e9 promoviendo la instrumentaci\u00f3n de las consultas para tomar en cuenta la opini\u00f3n de los ciudadanos, en s\u00edntesis, tanto la revocaci\u00f3n de mandato y la consulta popular son letra muerta y, peor a\u00fan, combatidos para que no sean utilizados; segundo, este gobierno no posee <strong>coherencia con el estado de derecho<\/strong>, es todo lo contrario, lo ha utilizado para combatir a sus enemigos pol\u00edticos, sobre todo a los que considera enemigos letales -y seg\u00fan ella- ponen en riesgo su permeancia en el poder y con sus enemigos pol\u00edticos lo ha utilizado para negociar con, los otrora enemigos, para convencerlos que participen de su lado -es decir convertirlos en amigos- y ha hecho del derecho un instrumento para golpear y premiar seg\u00fan sus intereses, en resumen, el estado de derecho no es otra cosa que la judializaci\u00f3n de la pol\u00edtica; tercero, la <strong>transparencia<\/strong> en el ejercicio del poder en este gobierno ha brillado por su ausencia, la titular del ejecutivo se ha servido del Poder Legislativo para que los miembros de su gabinete evadan y eludan rendir informes ante esa soberan\u00eda y ante la sociedad, sobre todo, han protegido a las \u00e1reas m\u00e1s delicadas como la Fiscal\u00eda General del Estado, de Seguridad P\u00fablica y de Administraci\u00f3n y Finanzas, si algo han hecho bien es ser muy opacos, el Congreso del Estado ha sido por excelencia el gran cancerbero de la opacidad; cuarto, <strong>no ha<\/strong> <strong>tenido capacidad de respuesta <\/strong>frente a los retos que se le han&nbsp; presentado en forma contingencial, por ejemplo, la manifestaci\u00f3n del 8M que se sali\u00f3 de control y, en lugar de poner en marcha un esquema negociador, opt\u00f3 por la represi\u00f3n con gas pimienta y darle la vuelta a las demandas legitimas de las organizaciones de mujeres, lo miso sucede con la comisiones de b\u00fasqueda de personas perdidas; quinto, <strong>no esta orientado hacia el consenso, <\/strong>todo lo contrario en lugar de buscar los consenso ha optado por la aplicaci\u00f3n de la fuerza, all\u00ed est\u00e1 el caso de los habitantes de Zacualpan que no fueron escuchados para atender sus peticiones acerca de la cl\u00ednica que les urg\u00eda por deterioro del edificio y los servicios y la violencia producida por los miembros del crimen organizado -Zacualpan vivi\u00f3 una situaci\u00f3n de emergencia de violencia de todos conocida-; sexto, <strong>no es equitativo e inclusivo<\/strong>, ha tenido trato desigual y marginado a los diversos actores pol\u00edticos, mientras negocia opacamente los aumentos salariales al Sindicato de Trabajadores al Servicio del Gobierno del Estado a las mujeres ni las ve ni las oye y los ayuntamiento son tratados seg\u00fan su estado de animo y con muchas fobias y filias; s\u00e9ptimo, <strong>no ha sido eficaz<\/strong> <strong>mucho menos eficientes,<\/strong> no es eficaz en cuanto no hace lo que debe hacer como gobierno y lo poco que hace -es decir, en lo que puede ser eficaz- lo hace con muy mala calidad, la seguridad p\u00fablica y la finanzas del gobierno del estado est\u00e1n por la calle de la amargura y el gobierno no lo percibe as\u00ed; octavo, y \u00faltimo, <strong>la rendici\u00f3n de cuentas no es su fuerte<\/strong>&nbsp; y en algo ha sido omisa la gobernadora es en rendir cuentas, no gusta de informar los porqu\u00e9s de sus decisiones y, peor a\u00fan, se encabrona cuando los periodistas en su conferencia de prensa le hacen preguntas incomodas, si all\u00ed se niega, en los informes formales su especialidad es esconder la informaci\u00f3n.<\/p>\n\n\n\n<p class=\"wp-block-paragraph\">Con Indira y la Banda de Bosque Real en Colima estamos perdiendo algo muy valioso, la cultura de la gobernanza, propia de los gobiernos progresistas.<\/p>\n\n\n\n<p class=\"wp-block-paragraph\">La <em>Mafia de las Amiguis<\/em> en cualquier momento se ir\u00e1n, pero Colima quedar\u00e1 muy lastimada en el campo de la gobernanza. El tejido de la participaci\u00f3n popular, del estado de derecho, la transparencia, la capacidad de respuesta del gobierno, la construcci\u00f3n de los consensos, la equidad e inclusi\u00f3n, la eficacia y la eficiencia, as\u00ed como la rendici\u00f3n de cuentas quedar\u00e1n seriamente lastimados y el pr\u00f3ximo gobierno tendr\u00e1 una ardua tarea que realizar para recuperar lo que hemos perdido.<\/p>\n\n\n\n<p class=\"wp-block-paragraph\">Tolerar las estupideces de hoy, de la <em>Banda de Bosque Real<\/em>, nos costar\u00e1 mucho reconstruir ma\u00f1ana, pero as\u00ed de complejo es el desarrollo de una sociedad tambi\u00e9n en proceso de crecimiento y maduraci\u00f3n.<\/p>\n\n\n\n<p class=\"wp-block-paragraph\">Todo cuesta en la vida. Colima tendr\u00e1 que pagar la cuenta de estos fr\u00edvolos e ineptos.<\/p>\n\n\n\n<p class=\"wp-block-paragraph\">\u00bfQu\u00e9 estamos perdiendo hoy? Gobernanza es la respuesta.<\/p>\n<div class=\"fb-background-color\">\n\t\t\t  <div \n\t\t\t  \tclass = \"fb-comments\" \n\t\t\t  \tdata-href = \"https:\/\/diarioavanzada.com.mx\/?p=55441\"\n\t\t\t  \tdata-numposts = \"10\"\n\t\t\t  \tdata-lazy = \"true\"\n\t\t\t\tdata-colorscheme = \"light\"\n\t\t\t\tdata-order-by = \"social\"\n\t\t\t\tdata-mobile=true>\n\t\t\t  <\/div><\/div>\n\t\t  <style>\n\t\t    .fb-background-color {\n\t\t\t\tbackground:  !important;\n\t\t\t}\n\t\t\t.fb_iframe_widget_fluid_desktop iframe {\n\t\t\t    width: 100% !important;\n\t\t\t}\n\t\t  <\/style>\n\t\t  ","protected":false},"excerpt":{"rendered":"<p>Columna El Puercoesp\u00edn La Banda de Bosque Real no solo est\u00e1 actuando de manera fr\u00edvola, infantil, y mediocre, no. Tambi\u00e9n est\u00e1 operando una grilla brutal contra sus enemigos reales y contra los ciudadanos. Tambi\u00e9n est\u00e1 pretendiendo colocar a los mismos miembros de la Banda de Bosque Real en nuevas posiciones pol\u00edticas para continuar con su [&hellip;]<\/p>\n","protected":false},"author":9,"featured_media":55442,"comment_status":"closed","ping_status":"closed","sticky":false,"template":"","format":"standard","meta":{"_coblocks_attr":"","_coblocks_dimensions":"","_coblocks_responsive_height":"","_coblocks_accordion_ie_support":"","advanced_seo_description":"","jetpack_seo_html_title":"","jetpack_seo_noindex":false,"jetpack_seo_schema_type":"","_jetpack_newsletter_access":"","_jetpack_dont_email_post_to_subs":false,"_jetpack_newsletter_tier_id":0,"_jetpack_memberships_contains_paywalled_content":false,"_wpcom_ai_launchpad_first_post":false,"_jetpack_feature_clip_id":0,"_jetpack_memberships_contains_paid_content":false,"footnotes":"","jetpack_post_was_ever_published":false},"categories":[19,209,24],"tags":[220,210],"class_list":["post-55441","post","type-post","status-publish","format-standard","has-post-thumbnail","hentry","category-colima","category-importantes","category-opinion","tag-opinion","tag-portada"],"jetpack-related-posts":[],"jetpack_sharing_enabled":true,"amp_enabled":true,"jetpack_featured_media_url":"https:\/\/diarioavanzada.com.mx\/wp-content\/uploads\/2024\/03\/a2-68.jpg","_links":{"self":[{"href":"https:\/\/diarioavanzada.com.mx\/index.php?rest_route=\/wp\/v2\/posts\/55441","targetHints":{"allow":["GET"]}}],"collection":[{"href":"https:\/\/diarioavanzada.com.mx\/index.php?rest_route=\/wp\/v2\/posts"}],"about":[{"href":"https:\/\/diarioavanzada.com.mx\/index.php?rest_route=\/wp\/v2\/types\/post"}],"author":[{"embeddable":true,"href":"https:\/\/diarioavanzada.com.mx\/index.php?rest_route=\/wp\/v2\/users\/9"}],"replies":[{"embeddable":true,"href":"https:\/\/diarioavanzada.com.mx\/index.php?rest_route=%2Fwp%2Fv2%2Fcomments&post=55441"}],"version-history":[{"count":2,"href":"https:\/\/diarioavanzada.com.mx\/index.php?rest_route=\/wp\/v2\/posts\/55441\/revisions"}],"predecessor-version":[{"id":55444,"href":"https:\/\/diarioavanzada.com.mx\/index.php?rest_route=\/wp\/v2\/posts\/55441\/revisions\/55444"}],"wp:featuredmedia":[{"embeddable":true,"href":"https:\/\/diarioavanzada.com.mx\/index.php?rest_route=\/wp\/v2\/media\/55442"}],"wp:attachment":[{"href":"https:\/\/diarioavanzada.com.mx\/index.php?rest_route=%2Fwp%2Fv2%2Fmedia&parent=55441"}],"wp:term":[{"taxonomy":"category","embeddable":true,"href":"https:\/\/diarioavanzada.com.mx\/index.php?rest_route=%2Fwp%2Fv2%2Fcategories&post=55441"},{"taxonomy":"post_tag","embeddable":true,"href":"https:\/\/diarioavanzada.com.mx\/index.php?rest_route=%2Fwp%2Fv2%2Ftags&post=55441"}],"curies":[{"name":"wp","href":"https:\/\/api.w.org\/{rel}","templated":true}]}}