{"id":55247,"date":"2024-03-14T07:03:25","date_gmt":"2024-03-14T13:03:25","guid":{"rendered":"https:\/\/diarioavanzada.com.mx\/?p=55247"},"modified":"2024-03-14T07:03:30","modified_gmt":"2024-03-14T13:03:30","slug":"indira-no-te-reconocemos-como-gobernadora","status":"publish","type":"post","link":"https:\/\/diarioavanzada.com.mx\/?p=55247","title":{"rendered":"Indira, no te reconocemos como gobernadora"},"content":{"rendered":"\n<p class=\"wp-block-paragraph\">Columna<\/p>\n\n\n\n<p class=\"wp-block-paragraph\">El Puercoesp\u00edn<\/p>\n\n\n\n<p class=\"wp-block-paragraph\">Cuando las estudiantes de la Universidad Intercultural de Colima le dieron la espalda a la gobernadora fue un desconocimiento de la investidura de la gobernadora por haber agraviado a las mujeres y sus luchas justas de g\u00e9nero.<\/p>\n\n\n\n<p class=\"wp-block-paragraph\">A la actitud, de gran valor civil de las alumnas, es una expresi\u00f3n que crece exponencialmente porque viene precisamente desde el mismo coraz\u00f3n del morenismo. Del centro de sus afectos.<\/p>\n\n\n\n<p class=\"wp-block-paragraph\">Las j\u00f3venes alumnas son perfectamente congruentes y consecuentes con un pensamiento cr\u00edtico. Piensan y act\u00faan en forma cr\u00edtica y democr\u00e1tica con todas las consecuencias que puedan provocar.&nbsp;<\/p>\n\n\n\n<p class=\"wp-block-paragraph\">Indira \u201cIndigna\u201d Vizca\u00edno traicion\u00f3 a las mujeres y sus luchas contra el Estado Patriarcal. Indigna Vizca\u00edno es una impostora cuando se asumen como feministas; Indigna Vizca\u00edno no representa a las mujeres desde la titularidad del Poder Ejecutivo del estado de Colima; Indigna Vizca\u00edno orden\u00f3 el uso de la fuerza del Estado para reprimir a las mujeres, de all\u00ed que se niegue a castigar a sus ejecutores como lo son los secretarios General de Gobierno y Seguridad P\u00fablica.<\/p>\n\n\n\n<p class=\"wp-block-paragraph\">Con la llegada de Eloy Garc\u00eda Alcaraz al gabinete se est\u00e1 acelerando la descomposici\u00f3n del gobierno de Indigna Vizca\u00edno.<\/p>\n\n\n\n<p class=\"wp-block-paragraph\">Las mujeres que militan en Morena, sobre todo las que ocupan un puesto de relevancia en el gabinete, han guardado un silencio ominoso. No han sido capaces de pedir una explicaci\u00f3n, mucho menos de exigir una disculpa p\u00fablica y todav\u00eda m\u00e1s improbable exigir el castigo de los culpables.<\/p>\n\n\n\n<p class=\"wp-block-paragraph\">Una de esas mujeres es Catalina Su\u00e1rez D\u00e1vila, que ocup\u00f3 el puesto de directora general del Instituto Colimense de las Mujeres y actualmente el de rectora de la Universidad Intercultural de Colima que, lejos de ser congruente y consecuente, les dio la espalda a las mujeres y sus causas para defender lo indefendible que fue el uso de la fuerza para silenciar.<\/p>\n\n\n\n<p class=\"wp-block-paragraph\">Las mujeres del partido tambi\u00e9n guardan silencio y tan solo el documento del partido Morena se limita a justificar las omisiones y los actos de cart\u00f3n de la gobernadora que termina corriendo a un funcionario menor para decir que ha actuado y solucionado el agravio.<\/p>\n\n\n\n<p class=\"wp-block-paragraph\">Las mujeres militantes de Morena, muchas de ellas, marcharon aquella tarde del 8M al lado de las demandantes de justicia y equidad y en contra del Estado Patriarcal y todos sus excesos.<\/p>\n\n\n\n<p class=\"wp-block-paragraph\">Indira \u201cIndigna\u201d Vizca\u00edno se puso del lado de las privilegiadas del Estado Patriarcal y les dijo adi\u00f3s a las mujeres feministas. De ellas obtuvo su voto con promesas falsas y las abandon\u00f3 porque los privilegios que goza y sus machos colaboradores son m\u00e1s importantes para ella.<\/p>\n\n\n\n<p class=\"wp-block-paragraph\">Indigna Vizca\u00edno fue a la Universidad Intercultural de Colima porque crey\u00f3 estar en una zona de conformo, crey\u00f3 estar entre sumisas, crey\u00f3 estar rodeada de incondicionales que le deben rendir pleites\u00eda como la patrona, la que manda, la magn\u00e1nima, pero no, no se encontr\u00f3 con eso. Se descubri\u00f3 entre mujeres educadas, mujeres rebeldes, pero, sobre todo, mujeres libres y valientes que cuentan con algo muy valioso: decencia.<\/p>\n\n\n\n<p class=\"wp-block-paragraph\">Indira podr\u00e1 alg\u00fan d\u00eda hablar de la decencia, pero por sus comportamientos est\u00e1 claro que no la posee.<\/p>\n\n\n\n<p class=\"wp-block-paragraph\">Normalmente, en las sociedades abiertas, la gente se comunica con gran velocidad y no hay quien pueda contener la informaci\u00f3n. La acci\u00f3n valiente de estas mujeres pronto sali\u00f3 del recinto de la Universidad Intercultural de Colima, su acto de entereza sali\u00f3 m\u00e1s veloz que la pobre e indigna gobernadora, sus guaruras y achichincles del espacio universitario.<\/p>\n\n\n\n<p class=\"wp-block-paragraph\">Indira se sent\u00eda segura en un centro de j\u00f3venes universitarios, que, seg\u00fan ella y sus sicofantes, todo se lo deben a ella y su gobierno. Se sinti\u00f3 segura en el centro de sus afectos: la Universidad Intercultural de Colima.<\/p>\n\n\n\n<p class=\"wp-block-paragraph\">Ella y sus allegados ven este tipo de recintos como un patrimonio propio como antes los prianistas.<\/p>\n\n\n\n<p class=\"wp-block-paragraph\">Les doli\u00f3 la manifestaci\u00f3n contra su gobierno.<\/p>\n\n\n\n<p class=\"wp-block-paragraph\">Tan les doli\u00f3 que quisieron callar a todos aquellos que difundieran el video que circul\u00f3 en las redes sociales.<\/p>\n\n\n\n<p class=\"wp-block-paragraph\">Si las mujeres no se hubieran manifestado de esa manera hubieran ido en contra de la propia esencia de la Universidad Intercultural, su propia esencia, como ir\u00edan en contra de su propia esencia los directivos si intenta reprimirlas expuls\u00e1ndolas o hacerles la vida imposible dentro de ese instituto p\u00fablico de educaci\u00f3n.<\/p>\n\n\n\n<p class=\"wp-block-paragraph\">Horas m\u00e1s tarde hicieron p\u00fablico un comunicado oficial suscrito por los consejos Acad\u00e9mico y Estudiantil que en su inciso b dice textualmente:<\/p>\n\n\n\n<p class=\"wp-block-paragraph\">\u201c<em>Rechazamos el uso de las causas, justas y dolientes, como la lucha feminista, para fines personales, utilitarios y distintos a los educativos, por parte de algunos medios de comunicaci\u00f3n. Especialmente, respecto a la divulgaci\u00f3n de datos sensibles de mujeres estudiantes, en nuestras instalaciones<\/em>.\u201d<\/p>\n\n\n\n<p class=\"wp-block-paragraph\">Entendemos que usar para fines personales, utilitarios y distintos a los educativos los actos sensibles, es decir, que le hayan dado la espalda a la gobernadora, es un intento de la instituci\u00f3n por censurar y descalificar a quienes hayan difundido el material audiovisual y quienes lo hagan en el futuro en las redes.<\/p>\n\n\n\n<p class=\"wp-block-paragraph\">Para ellos hacer uso del ejercicio del criterio y expresarlo en un evento de una instituci\u00f3n p\u00fablica y donde est\u00e1n presentes funcionarios p\u00fablicos son estrictamente privados y de consumo interno. En el comunicado oficial Catia Su\u00e1rez y sus maestros pasaron a privatizar una universidad p\u00fablica por as\u00ed convenir a sus intereses pol\u00edticos y personales.<\/p>\n\n\n\n<p class=\"wp-block-paragraph\">Qued\u00f3 mal Catia Su\u00e1rez y todos los miembros de la Universidad Intercultural de Colima que consideran haber cometido una falta grave ante la patrona por no haber tenido bien controlados a los estudiantes y sobre todo bien domesticados para que se manifestaran sumisos y d\u00f3ciles, dicho sea de paso, que hubiera sido contrario al esp\u00edritu y perfil de egresado que pretenden formar. &nbsp;<\/p>\n\n\n\n<p class=\"wp-block-paragraph\">El acto de rechazo a la gobernadora por las mujeres universitarias no es privativo de ellas, sino que es el sentir de todas las mujeres organizadas en colectivos, claro, con excepci\u00f3n de las mujeres que ostentan puestos p\u00fablicos o de partido de Morena.<\/p>\n\n\n\n<p class=\"wp-block-paragraph\">Por cierto, la diputada local del PT, Evangelina Bustamante, manifest\u00f3 que eran insuficientes las medidas tomadas por la gobernadora en el caso del 8M.<\/p>\n\n\n\n<p class=\"wp-block-paragraph\">Los berrinches de Viridiana Valencia, las frivolidades de Ros\u00ed, la ausencia de las mujeres diputadas y funcionarias de Morena es normal en un gobierno desarticulado y sin agenda.<\/p>\n\n\n\n<p class=\"wp-block-paragraph\">El gobierno de Indira est\u00e1 integrado por patanes, y las mujeres universitarias ya se lo hicieron sentir, que lo entienda es distinto.<\/p>\n\n\n\n<p class=\"wp-block-paragraph\">Indira \u201cIndigna\u201d Vizca\u00edno no tiene otra que irse acostumbrado a vivir con el rechazo de la gente. No es lo mismo repartir tarjetas del bienestar que gobernar, alg\u00fan d\u00eda lo entender\u00e1, entonces ser\u00e1 demasiado tarde.&nbsp;<\/p>\n<div class=\"fb-background-color\">\n\t\t\t  <div \n\t\t\t  \tclass = \"fb-comments\" \n\t\t\t  \tdata-href = \"https:\/\/diarioavanzada.com.mx\/?p=55247\"\n\t\t\t  \tdata-numposts = \"10\"\n\t\t\t  \tdata-lazy = \"true\"\n\t\t\t\tdata-colorscheme = \"light\"\n\t\t\t\tdata-order-by = \"social\"\n\t\t\t\tdata-mobile=true>\n\t\t\t  <\/div><\/div>\n\t\t  <style>\n\t\t    .fb-background-color {\n\t\t\t\tbackground:  !important;\n\t\t\t}\n\t\t\t.fb_iframe_widget_fluid_desktop iframe {\n\t\t\t    width: 100% !important;\n\t\t\t}\n\t\t  <\/style>\n\t\t  ","protected":false},"excerpt":{"rendered":"<p>Columna El Puercoesp\u00edn Cuando las estudiantes de la Universidad Intercultural de Colima le dieron la espalda a la gobernadora fue un desconocimiento de la investidura de la gobernadora por haber agraviado a las mujeres y sus luchas justas de g\u00e9nero. A la actitud, de gran valor civil de las alumnas, es una expresi\u00f3n que crece [&hellip;]<\/p>\n","protected":false},"author":9,"featured_media":55249,"comment_status":"closed","ping_status":"closed","sticky":false,"template":"","format":"standard","meta":{"_coblocks_attr":"","_coblocks_dimensions":"","_coblocks_responsive_height":"","_coblocks_accordion_ie_support":"","advanced_seo_description":"","jetpack_seo_html_title":"","jetpack_seo_noindex":false,"jetpack_seo_schema_type":"","_jetpack_newsletter_access":"","_jetpack_dont_email_post_to_subs":false,"_jetpack_newsletter_tier_id":0,"_jetpack_memberships_contains_paywalled_content":false,"_wpcom_ai_launchpad_first_post":false,"_jetpack_feature_clip_id":0,"_jetpack_memberships_contains_paid_content":false,"footnotes":"","jetpack_post_was_ever_published":false},"categories":[19,209,24],"tags":[220,210],"class_list":["post-55247","post","type-post","status-publish","format-standard","has-post-thumbnail","hentry","category-colima","category-importantes","category-opinion","tag-opinion","tag-portada"],"jetpack-related-posts":[],"jetpack_sharing_enabled":true,"amp_enabled":true,"jetpack_featured_media_url":"https:\/\/diarioavanzada.com.mx\/wp-content\/uploads\/2024\/03\/a2-38.jpg","_links":{"self":[{"href":"https:\/\/diarioavanzada.com.mx\/index.php?rest_route=\/wp\/v2\/posts\/55247","targetHints":{"allow":["GET"]}}],"collection":[{"href":"https:\/\/diarioavanzada.com.mx\/index.php?rest_route=\/wp\/v2\/posts"}],"about":[{"href":"https:\/\/diarioavanzada.com.mx\/index.php?rest_route=\/wp\/v2\/types\/post"}],"author":[{"embeddable":true,"href":"https:\/\/diarioavanzada.com.mx\/index.php?rest_route=\/wp\/v2\/users\/9"}],"replies":[{"embeddable":true,"href":"https:\/\/diarioavanzada.com.mx\/index.php?rest_route=%2Fwp%2Fv2%2Fcomments&post=55247"}],"version-history":[{"count":2,"href":"https:\/\/diarioavanzada.com.mx\/index.php?rest_route=\/wp\/v2\/posts\/55247\/revisions"}],"predecessor-version":[{"id":55250,"href":"https:\/\/diarioavanzada.com.mx\/index.php?rest_route=\/wp\/v2\/posts\/55247\/revisions\/55250"}],"wp:featuredmedia":[{"embeddable":true,"href":"https:\/\/diarioavanzada.com.mx\/index.php?rest_route=\/wp\/v2\/media\/55249"}],"wp:attachment":[{"href":"https:\/\/diarioavanzada.com.mx\/index.php?rest_route=%2Fwp%2Fv2%2Fmedia&parent=55247"}],"wp:term":[{"taxonomy":"category","embeddable":true,"href":"https:\/\/diarioavanzada.com.mx\/index.php?rest_route=%2Fwp%2Fv2%2Fcategories&post=55247"},{"taxonomy":"post_tag","embeddable":true,"href":"https:\/\/diarioavanzada.com.mx\/index.php?rest_route=%2Fwp%2Fv2%2Ftags&post=55247"}],"curies":[{"name":"wp","href":"https:\/\/api.w.org\/{rel}","templated":true}]}}