{"id":55175,"date":"2024-03-12T08:25:40","date_gmt":"2024-03-12T14:25:40","guid":{"rendered":"https:\/\/diarioavanzada.com.mx\/?p=55175"},"modified":"2024-03-12T08:25:44","modified_gmt":"2024-03-12T14:25:44","slug":"inicia-el-debate-con-el-cierre-de-refinerias","status":"publish","type":"post","link":"https:\/\/diarioavanzada.com.mx\/?p=55175","title":{"rendered":"Inicia el debate con el cierre de refiner\u00edas"},"content":{"rendered":"\n<p class=\"wp-block-paragraph\">Columna<\/p>\n\n\n\n<p class=\"wp-block-paragraph\">El Puercoesp\u00edn<\/p>\n\n\n\n<p class=\"wp-block-paragraph\">Con la propuesta del cierre de las refiner\u00edas de Cadereyta y Tampico, seg\u00fan X\u00f3chitl, se eliminar\u00eda la contaminaci\u00f3n de las zonas metropolitanas donde est\u00e1n enclavadas.<\/p>\n\n\n\n<p class=\"wp-block-paragraph\">Independientemente del nuevo resbal\u00f3n de la Sra. X., pues en Tampico no existe una refiner\u00eda, sino que \u00e9sta est\u00e1 en Ciudad Madero, conurbado con Tampico. Lo interesante es que se inici\u00f3 un debate pol\u00edtico entre candidatos. Espero no sea solo una chispa.<\/p>\n\n\n\n<p class=\"wp-block-paragraph\">La candidata de <em>Fuerza y Coraz\u00f3n por M\u00e9xico<\/em> est\u00e1 haciendo una propuesta verdaderamente fuera de toda realidad e imposible de realizar sin que el sistema de producci\u00f3n de energ\u00eda en M\u00e9xico se vea seriamente lastimado o que la producci\u00f3n de las gasolinas, diesel y combust\u00f3leo tengan que ser importados con el consecuente incremento del costo, adem\u00e1s de la perdida de miles de empleos.<\/p>\n\n\n\n<p class=\"wp-block-paragraph\">Antes de las elecciones de 2018 ning\u00fan candidato a la presidencia se atrev\u00eda, entre otras cosas, a se\u00f1alar a un posible candidato a ocupar un puesto en el gabinete, sobre todo, los puestos estrat\u00e9gicos, como lo son: los secretarios de Hacienda y Gobernaci\u00f3n. L\u00f3pez Obrador lo hizo y adelant\u00f3, entonces (2018), los nombres de Olga S\u00e1nchez Cordero para la Secretar\u00eda de Gobernaci\u00f3n, de H\u00e9ctor Vasconcelos para Relaciones Exteriores y H\u00e9ctor Manuel Urzua Mac\u00edas para la Secretar\u00eda de Hacienda. Olga y H\u00e9ctor terminaron siendo nombrados como tales, pero Vasconcelos, si bien, estuvo en el equipo de transici\u00f3n termin\u00f3 declinando a la Secretar\u00eda de Relaciones Exteriores por decisi\u00f3n personal.<\/p>\n\n\n\n<p class=\"wp-block-paragraph\">Otra decisi\u00f3n emblem\u00e1tica y arriesgada de Amlo como candidato fue el romper con los moldes tradicionales y signific\u00f3 una verdadera herej\u00eda a lo que mandataba el manual de lo pol\u00edticamente correcto al anunciar la suspensi\u00f3n de la obra del mega aeropuerto de Texcoco. Todos vaticinaron que hab\u00eda cometido un error garrafal, sobre todos los medios tradicionales; sin embargo, el car\u00e1cter at\u00edpico de Amlo termin\u00f3 por imponerse y su decisi\u00f3n fue un impulso mayor a su campa\u00f1a por su car\u00e1cter rupturista y antisistema.<\/p>\n\n\n\n<p class=\"wp-block-paragraph\">El proponer cosas es arriesgar. Que definas tu postura frente a las cosas es mucho mejor que puro rollo. Por ejemplo, la propuesta de X\u00f3chitl de cerrar las refiner\u00edas es una propuesta que modificar\u00eda radicalmente la econom\u00eda nacional, adem\u00e1s nos har\u00eda depender de la producci\u00f3n y de los costos internacionales de los combustibles f\u00f3siles. Ya lo sufrimos cuando se comenz\u00f3 a comprar gasolina en lugar de producirla.<\/p>\n\n\n\n<p class=\"wp-block-paragraph\">Lo bueno es que no se estar\u00eda enga\u00f1ando al pueblo y si \u00e9ste decide pagar m\u00e1s caro las energ\u00edas ser\u00eda una decisi\u00f3n soberana y la gente tendr\u00eda que asumir su decisi\u00f3n.<\/p>\n\n\n\n<p class=\"wp-block-paragraph\">Una de las caracter\u00edsticas que impuso el PRI, en sus tiempos hegem\u00f3nicos, era que los pol\u00edticos ten\u00edan un comportamiento en la campa\u00f1a y hac\u00edan promesas, sin base real de viabilidad, y cuando llegaban al poder simplemente cambiaban su discurso y argumentaban que hab\u00eda que tomar en cuenta la realidad y simplemente hac\u00edan lo que les daba la gana.<\/p>\n\n\n\n<p class=\"wp-block-paragraph\">Los signos de los tiempos es que la gente est\u00e1 m\u00e1s al pendiente de las propuestas de campa\u00f1a y las redes sociales est\u00e1n funcionando como un gran archivo hist\u00f3rico de lo inmediato para estarles recordando a los pol\u00edticos sus promesas de campa\u00f1a y se eval\u00faa, entonces, puntualmente la congruencia entre las promesas y las decisiones ya en el gobierno.<\/p>\n\n\n\n<p class=\"wp-block-paragraph\">Este primer ejercicio de planear la desaparici\u00f3n de las refiner\u00edas obliga a quien las apoyan a argumentar y a mostrar datos duros de su viabilidad y tambi\u00e9n a que los candidatos que lo proponen expliquen entonces los c\u00f3mos.<\/p>\n\n\n\n<p class=\"wp-block-paragraph\">En este debate podremos ver cifras duras de lo que representan hoy estas refiner\u00edas (seg\u00fan yo el 25 % de los combustibles refinados) en el contexto econ\u00f3mico y estrat\u00e9gico de las pol\u00edticas energ\u00e9ticas y la visi\u00f3n que tienen los candidatos, as\u00ed como lo efectos colaterales como empleos y contaminaci\u00f3n.<\/p>\n\n\n\n<p class=\"wp-block-paragraph\">Estos debates mostrar\u00e1n, aparte de datos, argumentos que soporten la propuesta tanto econ\u00f3micos, pol\u00edticos e ideol\u00f3gicos, estos \u00faltimos si son necesarios. Y en \u00faltimo lugar del debata estar\u00e1n las porras aplaudidoras, pero finalmente todos aprenderemos y veremos qu\u00e9 candidato tiene m\u00e1s dominio de una propuesta y qu\u00e9 tan s\u00f3lidas son sus propuestas.<\/p>\n\n\n\n<p class=\"wp-block-paragraph\">Todos aprenderemos m\u00e1s de M\u00e9xico y los asuntos, paulatinamente, ser\u00e1n menos solo materia de especialistas.<\/p>\n\n\n\n<p class=\"wp-block-paragraph\">Por lo pronto hay un atisbo de debate.<\/p>\n\n\n\n<p class=\"wp-block-paragraph\">Ojal\u00e1 y los candidatos transiten por este camino y dejen de lado las ocurrencias, las gracejadas y las posturas manipuladoras o falsedades que conducen a guerras sucias y eventualmente a la violencia.<\/p>\n\n\n\n<p class=\"wp-block-paragraph\">No creo que la candidata de oposici\u00f3n siga por este camino porque su cultura es muy d\u00e9bil, pero los asesores que le dieron por este rumbo son mejores a los perversos que solo le apuestan a la confrontaci\u00f3n, polarizaci\u00f3n y eventualmente la violencia.<\/p>\n\n\n\n<p class=\"wp-block-paragraph\">Bienvenido el debate y ojal\u00e1 dure. Ojal\u00e1 se vuelva un tono de campa\u00f1a de m\u00e1s altura e inteligencia.&nbsp;<\/p>\n\n\n\n<p class=\"wp-block-paragraph\">Ante la propuesta de la candidata de la coalici\u00f3n <em>Fuerza y Coraz\u00f3n por M\u00e9xico<\/em> el alcalde panista de Cadereyta, Cosme Leal, les contest\u00f3 al gobernador Samuel Garc\u00eda y a X\u00f3chitl G\u00e1lvez lo siguiente: \u201c<em>No nos vamos a dejar ni del gobernador, ni de ninguna candidata&nbsp;que quiera usar el sustento de las familias jimenences para sacar provecho electoral. Estamos a favor de la modernizaci\u00f3n y de la instalaci\u00f3n de filtros, pero nunca de la reubicaci\u00f3n ni de la clausura\u201d.&nbsp;<\/em><\/p>\n\n\n\n<p class=\"wp-block-paragraph\"><em>\u201cEstamos listos para defender nuestra Refiner\u00eda, tanto jur\u00eddicamente como con el uso de la fuerza p\u00fablica Si fuera (sic) necesario\u201d, escribi\u00f3 Cosme Leal quien mand\u00f3 un mensaje final a su comunidad: \u201cCadereyta, estoy de tu lado<\/em>\u201d<\/p>\n\n\n\n<p class=\"wp-block-paragraph\">La respuesta del alcalde es una respuesta de la vida real donde gente de la vida real tendr\u00eda consecuencias como p\u00e9rdida de empleos, seguridad social, servicios m\u00e9dicos y prerrogativas econ\u00f3micas y vivienda.<\/p>\n\n\n\n<p class=\"wp-block-paragraph\">La respuesta del alcalde es desde la vida real, lejos de las ocurrencias o visiones ideologizadas que se usan para beneficiar a unos cuantos.<\/p>\n\n\n\n<p class=\"wp-block-paragraph\">El debate debe darse desde la vida misma, donde cada cual responder\u00eda y se ubicar\u00eda del lado quien se est\u00e1.<\/p>\n\n\n\n<p class=\"wp-block-paragraph\">Bienvenido el debate de la vida real que no de la politiquer\u00eda.&nbsp;<\/p>\n<div class=\"fb-background-color\">\n\t\t\t  <div \n\t\t\t  \tclass = \"fb-comments\" \n\t\t\t  \tdata-href = \"https:\/\/diarioavanzada.com.mx\/?p=55175\"\n\t\t\t  \tdata-numposts = \"10\"\n\t\t\t  \tdata-lazy = \"true\"\n\t\t\t\tdata-colorscheme = \"light\"\n\t\t\t\tdata-order-by = \"social\"\n\t\t\t\tdata-mobile=true>\n\t\t\t  <\/div><\/div>\n\t\t  <style>\n\t\t    .fb-background-color {\n\t\t\t\tbackground:  !important;\n\t\t\t}\n\t\t\t.fb_iframe_widget_fluid_desktop iframe {\n\t\t\t    width: 100% !important;\n\t\t\t}\n\t\t  <\/style>\n\t\t  ","protected":false},"excerpt":{"rendered":"<p>Columna El Puercoesp\u00edn Con la propuesta del cierre de las refiner\u00edas de Cadereyta y Tampico, seg\u00fan X\u00f3chitl, se eliminar\u00eda la contaminaci\u00f3n de las zonas metropolitanas donde est\u00e1n enclavadas. Independientemente del nuevo resbal\u00f3n de la Sra. X., pues en Tampico no existe una refiner\u00eda, sino que \u00e9sta est\u00e1 en Ciudad Madero, conurbado con Tampico. Lo interesante [&hellip;]<\/p>\n","protected":false},"author":9,"featured_media":55177,"comment_status":"closed","ping_status":"closed","sticky":false,"template":"","format":"standard","meta":{"_coblocks_attr":"","_coblocks_dimensions":"","_coblocks_responsive_height":"","_coblocks_accordion_ie_support":"","advanced_seo_description":"","jetpack_seo_html_title":"","jetpack_seo_noindex":false,"jetpack_seo_schema_type":"","_jetpack_newsletter_access":"","_jetpack_dont_email_post_to_subs":false,"_jetpack_newsletter_tier_id":0,"_jetpack_memberships_contains_paywalled_content":false,"_wpcom_ai_launchpad_first_post":false,"_jetpack_feature_clip_id":0,"_jetpack_memberships_contains_paid_content":false,"footnotes":"","jetpack_post_was_ever_published":false},"categories":[19,209,24],"tags":[220,210],"class_list":["post-55175","post","type-post","status-publish","format-standard","has-post-thumbnail","hentry","category-colima","category-importantes","category-opinion","tag-opinion","tag-portada"],"jetpack-related-posts":[],"jetpack_sharing_enabled":true,"amp_enabled":true,"jetpack_featured_media_url":"https:\/\/diarioavanzada.com.mx\/wp-content\/uploads\/2024\/03\/a2-26.jpg","_links":{"self":[{"href":"https:\/\/diarioavanzada.com.mx\/index.php?rest_route=\/wp\/v2\/posts\/55175","targetHints":{"allow":["GET"]}}],"collection":[{"href":"https:\/\/diarioavanzada.com.mx\/index.php?rest_route=\/wp\/v2\/posts"}],"about":[{"href":"https:\/\/diarioavanzada.com.mx\/index.php?rest_route=\/wp\/v2\/types\/post"}],"author":[{"embeddable":true,"href":"https:\/\/diarioavanzada.com.mx\/index.php?rest_route=\/wp\/v2\/users\/9"}],"replies":[{"embeddable":true,"href":"https:\/\/diarioavanzada.com.mx\/index.php?rest_route=%2Fwp%2Fv2%2Fcomments&post=55175"}],"version-history":[{"count":2,"href":"https:\/\/diarioavanzada.com.mx\/index.php?rest_route=\/wp\/v2\/posts\/55175\/revisions"}],"predecessor-version":[{"id":55178,"href":"https:\/\/diarioavanzada.com.mx\/index.php?rest_route=\/wp\/v2\/posts\/55175\/revisions\/55178"}],"wp:featuredmedia":[{"embeddable":true,"href":"https:\/\/diarioavanzada.com.mx\/index.php?rest_route=\/wp\/v2\/media\/55177"}],"wp:attachment":[{"href":"https:\/\/diarioavanzada.com.mx\/index.php?rest_route=%2Fwp%2Fv2%2Fmedia&parent=55175"}],"wp:term":[{"taxonomy":"category","embeddable":true,"href":"https:\/\/diarioavanzada.com.mx\/index.php?rest_route=%2Fwp%2Fv2%2Fcategories&post=55175"},{"taxonomy":"post_tag","embeddable":true,"href":"https:\/\/diarioavanzada.com.mx\/index.php?rest_route=%2Fwp%2Fv2%2Ftags&post=55175"}],"curies":[{"name":"wp","href":"https:\/\/api.w.org\/{rel}","templated":true}]}}