{"id":55089,"date":"2024-03-11T07:02:54","date_gmt":"2024-03-11T13:02:54","guid":{"rendered":"https:\/\/diarioavanzada.com.mx\/?p=55089"},"modified":"2024-03-11T07:18:00","modified_gmt":"2024-03-11T13:18:00","slug":"la-noche-de-los-supermachos","status":"publish","type":"post","link":"https:\/\/diarioavanzada.com.mx\/?p=55089","title":{"rendered":"La noche de Los Supermachos"},"content":{"rendered":"\n<p class=\"wp-block-paragraph\">Columna<\/p>\n\n\n\n<p class=\"wp-block-paragraph\">El Puercoesp\u00edn<\/p>\n\n\n\n<p class=\"wp-block-paragraph\">Los sucesos del 8 de marzo de 2024 metieron en crisis al gobierno de Indira porque \u00e9sta no supo responder a ante una situaci\u00f3n emergente de alto riesgo. No supo responder en tiempo inmediato. Est\u00e1 claro que ella estaba enterada en tiempo real y opt\u00f3 por esconderse y dejar el asunto en manos de sus subalternos, es decir, en el secretario general de Gobierno y el secretario de Seguridad P\u00fablica.<\/p>\n\n\n\n<p class=\"wp-block-paragraph\">Ni la gobernadora ni el secretario General de Gobierno ni el secretario de Seguridad P\u00fablica tuvieron la capacidad de dar una respuesta inmediata que pusiera a salvo a las mujeres, ancianas y ni\u00f1as que estaban ejerciendo su derecho de expresi\u00f3n y manifestaci\u00f3n. Ninguno tuvo la capacidad de responder por la seguridad de estas mujeres.<\/p>\n\n\n\n<p class=\"wp-block-paragraph\">El desvencijado gabinete del maltrecho gobierno de Indira hace agua por todos lados. Eloy Garc\u00eda se integr\u00f3 apenas hace un mes y ya puso en marchas sus malas artes de gobernar.<\/p>\n\n\n\n<p class=\"wp-block-paragraph\">Con Eloy Garc\u00eda se inicia la etapa de la mano dura en Palacio contra la sociedad colimense y no contra los criminales que tienen asolado al estado de Colima.<\/p>\n\n\n\n<p class=\"wp-block-paragraph\">Dos bombas<\/p>\n\n\n\n<p class=\"wp-block-paragraph\"><strong>Eloy Garc\u00eda Alcaraz se integr\u00f3 al gobierno de Indira cargando dos bombas: la bomba de la experiencia y la de sabidur\u00eda. La experiencia para reprimir y la sabidur\u00eda para mentir<\/strong>. Con los ingredientes que Eloy aport\u00f3 al gobierno de Indira la dej\u00f3 en la calle de la amargura. Dej\u00f3 a la patrona con cero credibilidad.<\/p>\n\n\n\n<p class=\"wp-block-paragraph\">La v\u00edspera<\/p>\n\n\n\n<p class=\"wp-block-paragraph\">En redes sociales se difundi\u00f3 ampliamente una fotograf\u00eda mostrando una d\u00e9bil muralla de mamparas de madera y vallas met\u00e1licas, para te\u00f3ricamente proteger el Palacio de Gobierno, antes sede del Poder Ejecutivo hoy convertido en museo.<\/p>\n\n\n\n<p class=\"wp-block-paragraph\">Esta muralla, de cuasi cart\u00f3n, lejos de ser un elemento disuasivo de actos violentos y vand\u00e1licos se proyect\u00f3 como una provocaci\u00f3n hacia las futuras manifestantes; la foto de la muralla se difundi\u00f3 en redes como una invitaci\u00f3n a la violencia, el mensaje subliminal era: \u201cven p\u00edntame, ven destr\u00fayeme, ven inc\u00e9ndiame, te estoy esperando\u201d.<\/p>\n\n\n\n<p class=\"wp-block-paragraph\">El secretario general de Gobierno como cabeza del gabinete de Seguridad debi\u00f3 prever las t\u00e1cticas que se preparar\u00edan para proteger a las manifestantes, fueran violentas o no.<\/p>\n\n\n\n<p class=\"wp-block-paragraph\">La marcha<\/p>\n\n\n\n<p class=\"wp-block-paragraph\">La marcha, desde sus inicios y en todo su desarrollo, fue pac\u00edfica, creativa, combativa y de amplia convocatoria. Eran tan bien definido su car\u00e1cter pac\u00edfico que su composici\u00f3n era b\u00e1sicamente de mujeres j\u00f3venes, de adultas mayores y de ni\u00f1as.<\/p>\n\n\n\n<p class=\"wp-block-paragraph\">Marcharon coreando sus cl\u00e1sicas consignas contra el Estado Patriarcal y la reivindicaci\u00f3n de sus derechos fundamentales de g\u00e9nero.&nbsp;<\/p>\n\n\n\n<p class=\"wp-block-paragraph\">Desde su convocatoria se auguraba un final exitoso. Las mujeres desde su llamamiento tuvieron la certeza y pertinencia de colocar en el centro de su movilizaci\u00f3n su agenda feminista para poner fin al acoso, un hasta aqu\u00ed a la violencia de g\u00e9nero, terminar con las violaciones y erradicar los feminicidios; sin embargo, el secretario general de Gobierno ten\u00eda otros planes. Eloy ten\u00eda en mente darles una lecci\u00f3n a estas mujeres para terminar con sus manifestaciones.<\/p>\n\n\n\n<p class=\"wp-block-paragraph\">En la plaza de La Libertad, cuando las mujeres derribaron las vallas enclenques y comenzaron a vandalizar el Palacio de Gobierno (por cierto, las maximalistas intentaron con cartulinas obstaculizar las tomas de video y fotograf\u00edas de la prensa), la gobernadora, el secretario general de Gobierno y el secretario de Seguridad se sintieron amenazados por las manifestantes y su respuesta, antes que tomar medidas disuasivas, fue la represi\u00f3n. Desde el interior de Palacio de Gobierno, en los videos se puede observar, se lanzaron bombas de gas pimienta, piedras y bengalas, que estos elementos s\u00ed pusieron en riesgo la seguridad de las manifestantes e hicieron a\u00f1icos la libertad de manifestaci\u00f3n. Mujeres j\u00f3venes, de la tercera edad y ni\u00f1as sufrieron las consecuencias del gas pimienta.<\/p>\n\n\n\n<p class=\"wp-block-paragraph\">La gobernadora todo lo observ\u00f3 en tiempo real.<\/p>\n\n\n\n<p class=\"wp-block-paragraph\">&nbsp;La gobernadora a pesar de haber ser sido testigo de los hechos, lejos de solidarizarse con sus hermanas, pues se dice feminista, opt\u00f3 por castigarlas, reprimirlas.&nbsp; Y no le importaron ni las adultas mayores ni las ni\u00f1as. Como ella tiene protegida a su familia, las familias de los otros le importan un comino.<\/p>\n\n\n\n<p class=\"wp-block-paragraph\">Derechos Humanos<\/p>\n\n\n\n<p class=\"wp-block-paragraph\">Desde su inicio la Comisi\u00f3n Estatal de Derechos Humanos acompa\u00f1\u00f3 a las manifestantes, las pude ver por video a varias sobre el bulevar Camino Real a la altura del Pante\u00f3n Municipal precisamente.<\/p>\n\n\n\n<p class=\"wp-block-paragraph\">Su presidente, quien fue testigo ocular de los hechos, dijo que se abrir\u00eda una carpeta de investigaci\u00f3n para determinar qui\u00e9n dio la orden para que renuncie o sea destituido.<\/p>\n\n\n\n<p class=\"wp-block-paragraph\">La forma de operar de la CEDH ya la conocemos, parece que procede, pero al final de cuentas termina avalando todo lo que diga el Poder Ejecutivo y le dar\u00e1 largas al asunto para que caiga en el olvido. Son pura pantalla, un mero distractor.<\/p>\n\n\n\n<p class=\"wp-block-paragraph\">No le movamos tanto, la gobernadora es la responsable y sus empleados tambi\u00e9n lo son, unos por negligentes y otros por represores.<\/p>\n\n\n\n<p class=\"wp-block-paragraph\">La respuesta<\/p>\n\n\n\n<p class=\"wp-block-paragraph\">En el documento oficial de respuesta a los hechos del 8 de marzo de 2024 la gobernadora miente sistem\u00e1ticamente: al decir que ella lucha contra la inequidad, la injusticia y <strong>la violencia<\/strong> que padecen las mujeres y cuando \u00e9stas se manifiestan, las gasea; dice estar convencida de respetad la libre manifestaci\u00f3n y, particularmente las de las mujeres, y las gasea; dijo haber instruido a las fuerzas de seguridad para proteger a las asistentes, miente; sostiene que el gas lacrim\u00f3geno es disuasivo, vaya manera de disuadir; sostiene \u201c<em>He revisado minuciosamente los videos y todos los elementos disponibles de lo sucedido ayer por la noche en el exterior de Palacio de Gobierno y no he encontrado ninguna evidencia de que se justificara el uso del gas lacrim\u00f3geno<\/em>.\u201d Es la \u00fanica verdad; en su documento concluye dos cosas: \u201c<em>uno, que en mi gobierno solo caben personas que compartan mis profundas convicciones y valores; y, dos, que tengan tambi\u00e9n la capacidad y sensibilidad para acatar una orden precisa\u201d<\/em> De sus conclusiones yo concluyo dos cosas: uno, que sus convicciones y valores son el autoritarismo y la represi\u00f3n como formas de \u2018convencer\u2019 y, dos, por sus propias experiencias expresadas que nadie acata ni obedece sus ordenes precisas; dice que ley\u00f3 con atenci\u00f3n la mayor\u00eda de los comentarios de la gente en redes sociales, luego entonces, est\u00e1 enterada del desprecio hacia su persona y su est\u00fapida manera de desgobernar; y finalmente, dice que de sus convicciones en favor de las mujeres no hay medias tintas, se est\u00e1 o no se est\u00e1, y con base en sus dichos uno entiende que est\u00e1 del lado de los machos y a favor del patriarcado y sus m\u00e9todos opresores. Ella est\u00e1 con los machos como su padre y el secretario general de Gobierno.<\/p>\n\n\n\n<p class=\"wp-block-paragraph\">En la respuesta de Indira a la sociedad no encontramos ni una sola palabra que pueda interpretarse como una disculpa. No, no la hay.<\/p>\n\n\n\n<p class=\"wp-block-paragraph\">La realidad es que no hubo un solo funcionario p\u00fablico dispuesta a atender las demandas de las manifestantes, les cerraron las puertas de Palacio, se impidi\u00f3 el di\u00e1logo.<\/p>\n\n\n\n<p class=\"wp-block-paragraph\">La verdad es que no hubo ning\u00fan elemento disuasivo para contener la violencia y el vandalismo.<\/p>\n\n\n\n<p class=\"wp-block-paragraph\">Lo concreto es que no se despleg\u00f3 ning\u00fan elemento t\u00e1ctico para proteger a las manifestantes.<\/p>\n\n\n\n<p class=\"wp-block-paragraph\">Indira, si algo ten\u00eda de credibilidad, la perdi\u00f3 el viernes 8 de marzo d\u00eda de la mujer.<\/p>\n\n\n\n<p class=\"wp-block-paragraph\">Qui\u00e9n le va a creer a Indira a partir de hoy, nadie. Su credibilidad se volatizo como el gas pimiento que lanz\u00f3 esta mujer sobre otras mujeres, ancianas y ni\u00f1as.<\/p>\n\n\n\n<p class=\"wp-block-paragraph\">Morena estatal y su dirigencia, ese ente m\u00e1s parecido a un zool\u00f3gico de animalitos amaestrados, de manera miserable se comport\u00f3 como el PRI en sus tiempos decadentes. Justific\u00f3 la represi\u00f3n y reivindic\u00f3 el inexistente feminismo de Indira. Morena es hoy un coro de perritos amaestrados que c\u00ednicamente hablan de feminismo en sus discursos y en las calles gasean a las mujeres.<\/p>\n\n\n\n<p class=\"wp-block-paragraph\">El ej\u00e9rcito de sicofantes<\/p>\n\n\n\n<p class=\"wp-block-paragraph\">Emiliano Zizumbo Quintanilla se atrevi\u00f3 a mentir y decir que no era gas pimienta sino humo de extintores de incendios, la propia gobernadora lo desminti\u00f3 en su comunicado oficial, el sicofante de Zizumbo qued\u00f3 como un payaso, como es su costumbre.&nbsp;&nbsp;&nbsp;<\/p>\n\n\n\n<p class=\"wp-block-paragraph\">Viridiana Valencia habl\u00f3 maravillas de la gobernadora y sus inquebrantables luchas feministas, pero los videos y fotograf\u00edas de los hechos echan por tierra sus dichos deleznables. Como sicofante profesional intent\u00f3 justificar lo injustificable con un choro de quinta y convoc\u00f3 a sus pares a dar la batalla y defensa del gobierno de Indira.<\/p>\n\n\n\n<p class=\"wp-block-paragraph\">Tal parece que Rosi Bayardo no le entr\u00f3 ni frio ni calor y su nivel de frivolidad rebasa todo par\u00e1metro razonable. En sus redes public\u00f3 lo siguiente: \u201c<em>Mi coraz\u00f3n pertenece al mar, al sol, a la arena, a Manzanillo y a su gente.<\/em><\/p>\n\n\n\n<p class=\"wp-block-paragraph\"><em>Hoy sigo disfrutando de las mismas cosas que hace 10 a\u00f1os, cuando tomaron esta foto en un atardecer de Pe\u00f1a Blanca.\u201d<\/em> Ya pensar\u00e1 Ros\u00ed otro d\u00eda calzar su camiseta y pa\u00f1oleta verde. La represi\u00f3n de las feministas la tienen sin cuidado. Ella es feliz, es una perfecta autista y nadie se lo ha dicho.&nbsp;<\/p>\n\n\n\n<p class=\"wp-block-paragraph\">A los sicofantes los rebas\u00f3 la gente y la realidad. Sus payadas quedaron en los basureros de las redes.<\/p>\n\n\n\n<p class=\"wp-block-paragraph\">Los Supermachos<\/p>\n\n\n\n<p class=\"wp-block-paragraph\">Arnoldo Vizca\u00edno se niega a ofrecer una disculpa p\u00fablica a Griselda Mart\u00ednez, tal como se lo orden\u00f3 el Tribunal Electoral del Estado de Colima. Se comporta como el macho alfa de su territorio y las mujeres de Morena y de los organismos del estado vinculados a las causas y derechos de las mujeres guardan un ominoso silencio, con sus contadas excepciones.<\/p>\n\n\n\n<p class=\"wp-block-paragraph\">Hace un mes Eloy Garc\u00eda fue nombrado secretario general de Gobierno, un macho, amigo del padre de la gobernadora.&nbsp; Este tipo hace un a\u00f1o en su red social X hizo p\u00fablico un tuit donde criminalizaba la libre manifestaci\u00f3n de las mujeres de la siguiente manera \u201c<em>As\u00ed como reconozco el derecho a manifestarse de quienes lo hicieron, tambi\u00e9n estoy cierto que los delitos no deben quedar impunes y estos deben ser investigados y debidamente acreditados.<\/em> \u201cY agrega \u201c<em>Les qued\u00f3 grande el g\u00e9nero<\/em>\u201d En su momento, el a\u00f1o pasado, Eloy Garc\u00eda hoy secretario general de Gobierno, expuso su visi\u00f3n y posturas autoritarias y represivas, la gobernadora lo sab\u00eda, e incluso as\u00ed, lo nombr\u00f3 secretario general de Gobierno para que aplicar\u00e1 sus pol\u00edticas represoras y judicializara la pol\u00edtica. Esa es su agenda contundente, judicializar la pol\u00edtica.<\/p>\n\n\n\n<p class=\"wp-block-paragraph\">Sus posturas eran p\u00fablicamente conocidas, por tanto, en Morena lo sab\u00edan, la gobernadora lo sab\u00eda. Comparten visiones y posturas, negarlo es de irresponsables e hip\u00f3critas.<\/p>\n\n\n\n<p class=\"wp-block-paragraph\">Como lo dijimos en esta misma columna, con Eloy Garc\u00eda, lo que ocurr\u00eda es que se acelerar\u00eda el proceso de descomposici\u00f3n del gobierno de Indira y as\u00ed est\u00e1 ocurriendo.<\/p>\n\n\n\n<p class=\"wp-block-paragraph\">Arnoldo y Eloy son Los Supermachos, los arquitectos, que est\u00e1n detr\u00e1s de este episodio negro de la historia de Colima que la gente recordar\u00e1 como el d\u00eda de Indira, la gasera.<\/p>\n\n\n\n<p class=\"wp-block-paragraph\">El d\u00eda 8 de marzo, d\u00eda de las mujeres, desde Palacio de Gobierno, volaron las bengalas, las piedras y las bombas de gas pimienta, eran las respuestas del gobierno de Indira a las mujeres, era la noche de Los Supermachos.\u00a0<\/p>\n\n\n\n<p class=\"wp-block-paragraph\"><em>*Imagen tomada de redes sociales.<\/em><\/p>\n<div class=\"fb-background-color\">\n\t\t\t  <div \n\t\t\t  \tclass = \"fb-comments\" \n\t\t\t  \tdata-href = \"https:\/\/diarioavanzada.com.mx\/?p=55089\"\n\t\t\t  \tdata-numposts = \"10\"\n\t\t\t  \tdata-lazy = \"true\"\n\t\t\t\tdata-colorscheme = \"light\"\n\t\t\t\tdata-order-by = \"social\"\n\t\t\t\tdata-mobile=true>\n\t\t\t  <\/div><\/div>\n\t\t  <style>\n\t\t    .fb-background-color {\n\t\t\t\tbackground:  !important;\n\t\t\t}\n\t\t\t.fb_iframe_widget_fluid_desktop iframe {\n\t\t\t    width: 100% !important;\n\t\t\t}\n\t\t  <\/style>\n\t\t  ","protected":false},"excerpt":{"rendered":"<p>Columna El Puercoesp\u00edn Los sucesos del 8 de marzo de 2024 metieron en crisis al gobierno de Indira porque \u00e9sta no supo responder a ante una situaci\u00f3n emergente de alto riesgo. No supo responder en tiempo inmediato. Est\u00e1 claro que ella estaba enterada en tiempo real y opt\u00f3 por esconderse y dejar el asunto en [&hellip;]<\/p>\n","protected":false},"author":9,"featured_media":55091,"comment_status":"closed","ping_status":"closed","sticky":false,"template":"","format":"standard","meta":{"_coblocks_attr":"","_coblocks_dimensions":"","_coblocks_responsive_height":"","_coblocks_accordion_ie_support":"","advanced_seo_description":"","jetpack_seo_html_title":"","jetpack_seo_noindex":false,"jetpack_seo_schema_type":"","_jetpack_newsletter_access":"","_jetpack_dont_email_post_to_subs":false,"_jetpack_newsletter_tier_id":0,"_jetpack_memberships_contains_paywalled_content":false,"_wpcom_ai_launchpad_first_post":false,"_jetpack_feature_clip_id":0,"_jetpack_memberships_contains_paid_content":false,"footnotes":"","jetpack_post_was_ever_published":false},"categories":[19,209,24],"tags":[220,210],"class_list":["post-55089","post","type-post","status-publish","format-standard","has-post-thumbnail","hentry","category-colima","category-importantes","category-opinion","tag-opinion","tag-portada"],"jetpack-related-posts":[],"jetpack_sharing_enabled":true,"amp_enabled":true,"jetpack_featured_media_url":"https:\/\/diarioavanzada.com.mx\/wp-content\/uploads\/2024\/03\/a2.png","_links":{"self":[{"href":"https:\/\/diarioavanzada.com.mx\/index.php?rest_route=\/wp\/v2\/posts\/55089","targetHints":{"allow":["GET"]}}],"collection":[{"href":"https:\/\/diarioavanzada.com.mx\/index.php?rest_route=\/wp\/v2\/posts"}],"about":[{"href":"https:\/\/diarioavanzada.com.mx\/index.php?rest_route=\/wp\/v2\/types\/post"}],"author":[{"embeddable":true,"href":"https:\/\/diarioavanzada.com.mx\/index.php?rest_route=\/wp\/v2\/users\/9"}],"replies":[{"embeddable":true,"href":"https:\/\/diarioavanzada.com.mx\/index.php?rest_route=%2Fwp%2Fv2%2Fcomments&post=55089"}],"version-history":[{"count":3,"href":"https:\/\/diarioavanzada.com.mx\/index.php?rest_route=\/wp\/v2\/posts\/55089\/revisions"}],"predecessor-version":[{"id":55093,"href":"https:\/\/diarioavanzada.com.mx\/index.php?rest_route=\/wp\/v2\/posts\/55089\/revisions\/55093"}],"wp:featuredmedia":[{"embeddable":true,"href":"https:\/\/diarioavanzada.com.mx\/index.php?rest_route=\/wp\/v2\/media\/55091"}],"wp:attachment":[{"href":"https:\/\/diarioavanzada.com.mx\/index.php?rest_route=%2Fwp%2Fv2%2Fmedia&parent=55089"}],"wp:term":[{"taxonomy":"category","embeddable":true,"href":"https:\/\/diarioavanzada.com.mx\/index.php?rest_route=%2Fwp%2Fv2%2Fcategories&post=55089"},{"taxonomy":"post_tag","embeddable":true,"href":"https:\/\/diarioavanzada.com.mx\/index.php?rest_route=%2Fwp%2Fv2%2Ftags&post=55089"}],"curies":[{"name":"wp","href":"https:\/\/api.w.org\/{rel}","templated":true}]}}