{"id":55051,"date":"2024-03-09T08:22:51","date_gmt":"2024-03-09T14:22:51","guid":{"rendered":"https:\/\/diarioavanzada.com.mx\/?p=55051"},"modified":"2024-03-09T08:25:16","modified_gmt":"2024-03-09T14:25:16","slug":"cdhec-exige-la-renuncia-de-quien-ordeno-la-represion-de-las-manifestantes-en-la-marcha-del-8m","status":"publish","type":"post","link":"https:\/\/diarioavanzada.com.mx\/?p=55051","title":{"rendered":"CDHEC exige la renuncia del que orden\u00f3 la represi\u00f3n en la marcha del 8M"},"content":{"rendered":"\n<p class=\"wp-block-paragraph\">Colima, M\u00e9xico, Avanzada (09\/03\/2024).- La Comisi\u00f3n de Derechos Humanos del Estado de Colima (CDHEC) emiti\u00f3 un contundente pronunciamiento condenando las agresiones perpetradas por parte del estado contra manifestantes, incluyendo ni\u00f1as, ni\u00f1os, mujeres y personas adultas mayores, durante la marcha del 8 de marzo en conmemoraci\u00f3n del D\u00eda Internacional de la Mujer.<\/p>\n\n\n\n<p class=\"wp-block-paragraph\">El Organismo Defensor expres\u00f3 su repudio ante la evidente violaci\u00f3n a la libertad de manifestaci\u00f3n de todas las mujeres que participaron en la marcha conmemorativa por el 8M. Las agresiones se llevaron a cabo a trav\u00e9s de diversos actos que afectaron a las participantes, as\u00ed como a cientos de personas que salieron a las calles en busca de atenci\u00f3n, seguridad y justicia.<\/p>\n\n\n\n<p class=\"wp-block-paragraph\">La CDHEC destac\u00f3 la importancia de preservar la integridad, seguridad personal y vida de las mujeres como una prioridad para todos los servidores p\u00fablicos. En respuesta a los hechos, el Organismo Protector exigi\u00f3 la renuncia o destituci\u00f3n de aquellos responsables de ordenar los actos de represi\u00f3n e intimidaci\u00f3n.<\/p>\n\n\n\n<p class=\"wp-block-paragraph\">El \u00d3rgano Aut\u00f3nomo tambi\u00e9n anunci\u00f3 la apertura de expedientes necesarios para investigar las agresiones hacia las manifestantes. Asimismo, hizo un llamado a las autoridades para que cumplan con la Alerta de Violencia de G\u00e9nero Contra las Mujeres para el Estado de Colima, en colaboraci\u00f3n con las organizaciones solicitantes. Esta alerta representa una demanda leg\u00edtima de las participantes en la manifestaci\u00f3n y busca garantizar la protecci\u00f3n y seguridad de las mujeres en el estado.<\/p>\n\n\n\n<p class=\"wp-block-paragraph\">La CDHEC reafirm\u00f3 su compromiso con la defensa de los derechos humanos y la b\u00fasqueda de justicia en situaciones donde estos derechos son vulnerados, reiterando su llamado a la rendici\u00f3n de cuentas y a la protecci\u00f3n de los derechos fundamentales de todas\u00a0las\u00a0personas.<\/p>\n\n\n\n<figure class=\"wp-block-image size-large\"><img loading=\"lazy\" decoding=\"async\" width=\"1024\" height=\"1024\" src=\"https:\/\/diarioavanzada.com.mx\/wp-content\/uploads\/2024\/03\/image-5-1024x1024.png\" alt=\"\" class=\"wp-image-55056\" srcset=\"https:\/\/diarioavanzada.com.mx\/wp-content\/uploads\/2024\/03\/image-5-1024x1024.png 1024w, https:\/\/diarioavanzada.com.mx\/wp-content\/uploads\/2024\/03\/image-5-300x300.png 300w, https:\/\/diarioavanzada.com.mx\/wp-content\/uploads\/2024\/03\/image-5-150x150.png?crop=1 150w, https:\/\/diarioavanzada.com.mx\/wp-content\/uploads\/2024\/03\/image-5-768x768.png 768w, https:\/\/diarioavanzada.com.mx\/wp-content\/uploads\/2024\/03\/image-5-1536x1536.png 1536w, https:\/\/diarioavanzada.com.mx\/wp-content\/uploads\/2024\/03\/image-5-80x80.png?crop=1 80w, https:\/\/diarioavanzada.com.mx\/wp-content\/uploads\/2024\/03\/image-5-1200x1200.png?crop=1 1200w, https:\/\/diarioavanzada.com.mx\/wp-content\/uploads\/2024\/03\/image-5-800x800.png?crop=1 800w, https:\/\/diarioavanzada.com.mx\/wp-content\/uploads\/2024\/03\/image-5-600x600.png?crop=1 600w, https:\/\/diarioavanzada.com.mx\/wp-content\/uploads\/2024\/03\/image-5-400x400.png?crop=1 400w, https:\/\/diarioavanzada.com.mx\/wp-content\/uploads\/2024\/03\/image-5-200x200.png?crop=1 200w, https:\/\/diarioavanzada.com.mx\/wp-content\/uploads\/2024\/03\/image-5.png 2048w\" sizes=\"auto, (max-width: 1024px) 100vw, 1024px\" \/><\/figure>\n\n\n\n<figure class=\"wp-block-image size-full is-resized\"><img loading=\"lazy\" decoding=\"async\" width=\"392\" height=\"418\" src=\"https:\/\/diarioavanzada.com.mx\/wp-content\/uploads\/2024\/03\/image-4.png\" alt=\"\" class=\"wp-image-55054\" style=\"width:748px;height:auto\" srcset=\"https:\/\/diarioavanzada.com.mx\/wp-content\/uploads\/2024\/03\/image-4.png 392w, https:\/\/diarioavanzada.com.mx\/wp-content\/uploads\/2024\/03\/image-4-281x300.png 281w\" sizes=\"auto, (max-width: 392px) 100vw, 392px\" \/><\/figure>\n<div class=\"fb-background-color\">\n\t\t\t  <div \n\t\t\t  \tclass = \"fb-comments\" \n\t\t\t  \tdata-href = \"https:\/\/diarioavanzada.com.mx\/?p=55051\"\n\t\t\t  \tdata-numposts = \"10\"\n\t\t\t  \tdata-lazy = \"true\"\n\t\t\t\tdata-colorscheme = \"light\"\n\t\t\t\tdata-order-by = \"social\"\n\t\t\t\tdata-mobile=true>\n\t\t\t  <\/div><\/div>\n\t\t  <style>\n\t\t    .fb-background-color {\n\t\t\t\tbackground:  !important;\n\t\t\t}\n\t\t\t.fb_iframe_widget_fluid_desktop iframe {\n\t\t\t    width: 100% !important;\n\t\t\t}\n\t\t  <\/style>\n\t\t  ","protected":false},"excerpt":{"rendered":"<p>Colima, M\u00e9xico, Avanzada (09\/03\/2024).- La Comisi\u00f3n de Derechos Humanos del Estado de Colima (CDHEC) emiti\u00f3 un contundente pronunciamiento condenando las agresiones perpetradas por parte del estado contra manifestantes, incluyendo ni\u00f1as, ni\u00f1os, mujeres y personas adultas mayores, durante la marcha del 8 de marzo en conmemoraci\u00f3n del D\u00eda Internacional de la Mujer. El Organismo Defensor expres\u00f3 [&hellip;]<\/p>\n","protected":false},"author":7,"featured_media":55053,"comment_status":"closed","ping_status":"closed","sticky":false,"template":"","format":"standard","meta":{"_coblocks_attr":"","_coblocks_dimensions":"","_coblocks_responsive_height":"","_coblocks_accordion_ie_support":"","advanced_seo_description":"","jetpack_seo_html_title":"","jetpack_seo_noindex":false,"jetpack_seo_schema_type":"","_jetpack_newsletter_access":"","_jetpack_dont_email_post_to_subs":false,"_jetpack_newsletter_tier_id":0,"_jetpack_memberships_contains_paywalled_content":false,"_wpcom_ai_launchpad_first_post":false,"_jetpack_feature_clip_id":0,"_jetpack_memberships_contains_paid_content":false,"footnotes":"","jetpack_post_was_ever_published":false},"categories":[19,209],"tags":[210,219,228],"class_list":["post-55051","post","type-post","status-publish","format-standard","has-post-thumbnail","hentry","category-colima","category-importantes","tag-portada","tag-seguridad","tag-violencia"],"jetpack-related-posts":[],"jetpack_sharing_enabled":true,"amp_enabled":true,"jetpack_featured_media_url":"https:\/\/diarioavanzada.com.mx\/wp-content\/uploads\/2024\/03\/aa-15.jpg","_links":{"self":[{"href":"https:\/\/diarioavanzada.com.mx\/index.php?rest_route=\/wp\/v2\/posts\/55051","targetHints":{"allow":["GET"]}}],"collection":[{"href":"https:\/\/diarioavanzada.com.mx\/index.php?rest_route=\/wp\/v2\/posts"}],"about":[{"href":"https:\/\/diarioavanzada.com.mx\/index.php?rest_route=\/wp\/v2\/types\/post"}],"author":[{"embeddable":true,"href":"https:\/\/diarioavanzada.com.mx\/index.php?rest_route=\/wp\/v2\/users\/7"}],"replies":[{"embeddable":true,"href":"https:\/\/diarioavanzada.com.mx\/index.php?rest_route=%2Fwp%2Fv2%2Fcomments&post=55051"}],"version-history":[{"count":4,"href":"https:\/\/diarioavanzada.com.mx\/index.php?rest_route=\/wp\/v2\/posts\/55051\/revisions"}],"predecessor-version":[{"id":55059,"href":"https:\/\/diarioavanzada.com.mx\/index.php?rest_route=\/wp\/v2\/posts\/55051\/revisions\/55059"}],"wp:featuredmedia":[{"embeddable":true,"href":"https:\/\/diarioavanzada.com.mx\/index.php?rest_route=\/wp\/v2\/media\/55053"}],"wp:attachment":[{"href":"https:\/\/diarioavanzada.com.mx\/index.php?rest_route=%2Fwp%2Fv2%2Fmedia&parent=55051"}],"wp:term":[{"taxonomy":"category","embeddable":true,"href":"https:\/\/diarioavanzada.com.mx\/index.php?rest_route=%2Fwp%2Fv2%2Fcategories&post=55051"},{"taxonomy":"post_tag","embeddable":true,"href":"https:\/\/diarioavanzada.com.mx\/index.php?rest_route=%2Fwp%2Fv2%2Ftags&post=55051"}],"curies":[{"name":"wp","href":"https:\/\/api.w.org\/{rel}","templated":true}]}}