{"id":54232,"date":"2024-02-21T07:56:49","date_gmt":"2024-02-21T13:56:49","guid":{"rendered":"https:\/\/diarioavanzada.com.mx\/?p=54232"},"modified":"2024-02-21T08:38:16","modified_gmt":"2024-02-21T14:38:16","slug":"no-a-la-violencia-en-razon-de-genero-por-el-bien-de-todos","status":"publish","type":"post","link":"https:\/\/diarioavanzada.com.mx\/?p=54232","title":{"rendered":"No a la violencia en raz\u00f3n de genero por el bien de todos"},"content":{"rendered":"\n<p class=\"wp-block-paragraph\">En Colima estamos viviendo tiempos de violencia in\u00e9ditos. El crimen organizado no descansa y el gobierno del estado, a estas alturas, ha sido incapaz de acotar la violencia de los criminales.<\/p>\n\n\n\n<p class=\"wp-block-paragraph\">En este contexto el Tribunal Electoral del Estado de Colima, determin\u00f3 sancionar a Arnoldo Vizca\u00edno Rodr\u00edguez (pap\u00e1 de la Gobernadora) al acreditarse que cometi\u00f3 violencia pol\u00edtica en raz\u00f3n de G\u00e9nero, contra la presidenta municipal de Manzanillo, Griselda Mart\u00ednez Mart\u00ednez.<\/p>\n\n\n\n<p class=\"wp-block-paragraph\">Antecedentes<\/p>\n\n\n\n<p class=\"wp-block-paragraph\">La alcaldesa de Manzanillo, Griselda Mart\u00ednez Mart\u00ednez denunci\u00f3 ante el Instituto Electoral del Estado (IEE) de Colima, Arnoldo Vizca\u00edno Rodr\u00edguez integrante de Movimiento de Regeneraci\u00f3n Nacional (Morena) en Colima por violencia pol\u00edtica de g\u00e9nero.<\/p>\n\n\n\n<p class=\"wp-block-paragraph\">La edil porte\u00f1a agreg\u00f3 que dio los nombres a la sociedad, al ser personajes p\u00fablicos.<\/p>\n\n\n\n<p class=\"wp-block-paragraph\">\u201cEstas son las primeras denuncias que haremos, por violencia pol\u00edtica de g\u00e9nero se presentan las denuncias ante el Instituto Electoral del Estado y ellos tienen que dar una investigaci\u00f3n y seguimiento y a final de cuenta, determinar que efectivamente si hubo violencia pol\u00edtica\u201d, dijo.<\/p>\n\n\n\n<p class=\"wp-block-paragraph\">Record\u00f3 que los hechos que argument\u00f3 es que Vizca\u00edno en una radiodifusora al aire dijo que \u201cla presidenta de Manzanillo estaba loca\u201d.<\/p>\n\n\n\n<p class=\"wp-block-paragraph\">\u201cEl tema es que es una de tantas y es dif\u00edcil demostrar a gente que te golpea a trav\u00e9s de otros y c\u00f3mo est\u00e1 ejerciendo violencia\u201d, agreg\u00f3.<\/p>\n\n\n\n<p class=\"wp-block-paragraph\">Por otro lado, Mart\u00ednez Mart\u00ednez expres\u00f3 que le fue retirada personas de la Secretar\u00eda de la Marina Armada de M\u00e9xico, y dijo que estos no la custodiaban, sino que manten\u00edan un cerco donde ella estaba. As\u00ed lo consigno el portal digital <em>Colima al Dia, colectivo noticias<\/em>, en su momento, all\u00e1 por agosto de 2023. &nbsp;<\/p>\n\n\n\n<p class=\"wp-block-paragraph\">Todo por grilla de los Vizca\u00edno que se creen due\u00f1os del estado de Colima y no les importa poner en riesgo la vida de los dem\u00e1s, producto de sus ambiciones vulgares que los ciega.<\/p>\n\n\n\n<p class=\"wp-block-paragraph\">Las consecuencias<\/p>\n\n\n\n<p class=\"wp-block-paragraph\">El macho padre de la gobernadora insult\u00f3 p\u00fablicamente a la presidenta municipal de Manzanillo en un medio de difusi\u00f3n donde se burl\u00f3 de la presidenta y con ello estaba agraviando a todas las mujeres. Es p\u00fablico que \u00e9l y su hija, en sus desmedidas ambiciones de poder, han asumido la impostura de ser de izquierda y con ese disfraz han obtenido los favores del presidente, adem\u00e1s se han apropiado del partido Morena para imponer un gobierno al mejor estilo neoliberal aliados con lo peor de todos los tiempos del Prian.<\/p>\n\n\n\n<p class=\"wp-block-paragraph\">En Colima han organizado un verdadero ej\u00e9rcito de sicofontes para agredir no solo ha Griselda sino a todas las mujeres que se opongan a sus proyectos y ambiciones personales de poder y econ\u00f3micas. Martha Zepeda, tambi\u00e9n integrante del gobierno municipal de Manzanillo ha sido objeto de persecuci\u00f3n pol\u00edtica y de ataques de sus incondicionales de la prensa, bien aceitados con los dineros, no de ellos, sino del erario.<\/p>\n\n\n\n<p class=\"wp-block-paragraph\">El macho padre de la gobernadora recibir\u00e1 una <strong>amonestaci\u00f3n p\u00fablica<\/strong>, adem\u00e1s <strong>tendr\u00e1 que dar una disculpa p\u00fablica,<\/strong> asistir a cursos de sensibilizaci\u00f3n, y abstenerse de hacer comentarios contra la alcaldesa Griselda Mart\u00ednez.<\/p>\n\n\n\n<p class=\"wp-block-paragraph\">Y no solo eso, sino que tendr\u00e1 que asistir a un curso para ser sensibilizado y entienda que el mundo ya cambi\u00f3, que el machismo debe ser enterrado en el pasado.<\/p>\n\n\n\n<p class=\"wp-block-paragraph\">La disculpa p\u00fablica deber\u00e1 ser con plena convicci\u00f3n para que todos le creamos su verdadero arrepentimiento. La violencia, cuando nace del Estado o personas integrantes de \u00e9ste, es peor de la que ejercen los sicarios.<\/p>\n\n\n\n<p class=\"wp-block-paragraph\">La postura del Tribunal Electoral del Estado de Colima pareciera que est\u00e1 sancionando un asunto menor, pero no es as\u00ed, pues la violencia inicia en forma verbal y termina traduci\u00e9ndose en actos de lesiones f\u00edsicas, e incluso el asesinato.<\/p>\n\n\n\n<p class=\"wp-block-paragraph\">El padre de la gobernadora debe disculparse p\u00fablicamente a plena satisfacci\u00f3n del Tribunal Electoral, de la agraviada y de la sociedad colimense para que d\u00e9 muestras de que la violencia puede detenerse, adem\u00e1s en el futuro deber\u00e1 presentar su constancia de haber recibido los cursos de sensibilizaci\u00f3n por parte del Instituto Colimense de las Mujeres, aunque deber\u00eda recurrir a un instituto ajeno a una instituci\u00f3n del gobierno del estado para que se garantice su plena cumplimiento y podr\u00eda ser el Centro de Apoyo a la Mujer <em>Griselda \u00c1lvarez Ponce de Le\u00f3n.<\/em><\/p>\n\n\n\n<p class=\"wp-block-paragraph\">Si no se disculpa p\u00fablicamente y no asiste a los cursos, entonces sabremos que uno de los porqu\u00e9s la violencia no puede ser contenida en el estado de Colima.&nbsp;<\/p>\n\n\n\n<p class=\"wp-block-paragraph\">Colima es un estado que tiene una de las ciudades m\u00e1s violentas del mundo, la violencia intrafamiliar es de las m\u00e1s alta del pa\u00eds y el crimen organizado no da tregua.<\/p>\n\n\n\n<p class=\"wp-block-paragraph\">La sociedad pol\u00edtica debe parar la violencia versus las mujeres y sobre todo cuando la violencia nace por pensar diferente.<\/p>\n\n\n\n<p class=\"wp-block-paragraph\">La sentencia del Tribunal Electoral del Estado de Colima es un triunfo de las mujeres, de las mujeres pol\u00edticas y todos los ciudadanos que deseamos la paz.<\/p>\n\n\n\n<p class=\"wp-block-paragraph\">La paz por la casa empieza.<\/p>\n\n\n\n<p class=\"wp-block-paragraph\"><em>*Imagen tomada de la red social de Arnoldo Vizca\u00edno Silva.<\/em><\/p>\n<div class=\"fb-background-color\">\n\t\t\t  <div \n\t\t\t  \tclass = \"fb-comments\" \n\t\t\t  \tdata-href = \"https:\/\/diarioavanzada.com.mx\/?p=54232\"\n\t\t\t  \tdata-numposts = \"10\"\n\t\t\t  \tdata-lazy = \"true\"\n\t\t\t\tdata-colorscheme = \"light\"\n\t\t\t\tdata-order-by = \"social\"\n\t\t\t\tdata-mobile=true>\n\t\t\t  <\/div><\/div>\n\t\t  <style>\n\t\t    .fb-background-color {\n\t\t\t\tbackground:  !important;\n\t\t\t}\n\t\t\t.fb_iframe_widget_fluid_desktop iframe {\n\t\t\t    width: 100% !important;\n\t\t\t}\n\t\t  <\/style>\n\t\t  ","protected":false},"excerpt":{"rendered":"<p>En Colima estamos viviendo tiempos de violencia in\u00e9ditos. El crimen organizado no descansa y el gobierno del estado, a estas alturas, ha sido incapaz de acotar la violencia de los criminales. En este contexto el Tribunal Electoral del Estado de Colima, determin\u00f3 sancionar a Arnoldo Vizca\u00edno Rodr\u00edguez (pap\u00e1 de la Gobernadora) al acreditarse que cometi\u00f3 [&hellip;]<\/p>\n","protected":false},"author":9,"featured_media":54234,"comment_status":"closed","ping_status":"closed","sticky":false,"template":"","format":"standard","meta":{"_coblocks_attr":"","_coblocks_dimensions":"","_coblocks_responsive_height":"","_coblocks_accordion_ie_support":"","advanced_seo_description":"","jetpack_seo_html_title":"","jetpack_seo_noindex":false,"jetpack_seo_schema_type":"","_jetpack_newsletter_access":"","_jetpack_dont_email_post_to_subs":false,"_jetpack_newsletter_tier_id":0,"_jetpack_memberships_contains_paywalled_content":false,"_wpcom_ai_launchpad_first_post":false,"_jetpack_feature_clip_id":0,"_jetpack_memberships_contains_paid_content":false,"footnotes":"","jetpack_post_was_ever_published":false},"categories":[19,209,24],"tags":[220,210],"class_list":["post-54232","post","type-post","status-publish","format-standard","has-post-thumbnail","hentry","category-colima","category-importantes","category-opinion","tag-opinion","tag-portada"],"jetpack-related-posts":[],"jetpack_sharing_enabled":true,"amp_enabled":true,"jetpack_featured_media_url":"https:\/\/diarioavanzada.com.mx\/wp-content\/uploads\/2024\/02\/a1-133.jpg","_links":{"self":[{"href":"https:\/\/diarioavanzada.com.mx\/index.php?rest_route=\/wp\/v2\/posts\/54232","targetHints":{"allow":["GET"]}}],"collection":[{"href":"https:\/\/diarioavanzada.com.mx\/index.php?rest_route=\/wp\/v2\/posts"}],"about":[{"href":"https:\/\/diarioavanzada.com.mx\/index.php?rest_route=\/wp\/v2\/types\/post"}],"author":[{"embeddable":true,"href":"https:\/\/diarioavanzada.com.mx\/index.php?rest_route=\/wp\/v2\/users\/9"}],"replies":[{"embeddable":true,"href":"https:\/\/diarioavanzada.com.mx\/index.php?rest_route=%2Fwp%2Fv2%2Fcomments&post=54232"}],"version-history":[{"count":4,"href":"https:\/\/diarioavanzada.com.mx\/index.php?rest_route=\/wp\/v2\/posts\/54232\/revisions"}],"predecessor-version":[{"id":54244,"href":"https:\/\/diarioavanzada.com.mx\/index.php?rest_route=\/wp\/v2\/posts\/54232\/revisions\/54244"}],"wp:featuredmedia":[{"embeddable":true,"href":"https:\/\/diarioavanzada.com.mx\/index.php?rest_route=\/wp\/v2\/media\/54234"}],"wp:attachment":[{"href":"https:\/\/diarioavanzada.com.mx\/index.php?rest_route=%2Fwp%2Fv2%2Fmedia&parent=54232"}],"wp:term":[{"taxonomy":"category","embeddable":true,"href":"https:\/\/diarioavanzada.com.mx\/index.php?rest_route=%2Fwp%2Fv2%2Fcategories&post=54232"},{"taxonomy":"post_tag","embeddable":true,"href":"https:\/\/diarioavanzada.com.mx\/index.php?rest_route=%2Fwp%2Fv2%2Ftags&post=54232"}],"curies":[{"name":"wp","href":"https:\/\/api.w.org\/{rel}","templated":true}]}}