{"id":54207,"date":"2024-02-20T12:21:41","date_gmt":"2024-02-20T18:21:41","guid":{"rendered":"https:\/\/diarioavanzada.com.mx\/?p=54207"},"modified":"2024-02-20T12:21:45","modified_gmt":"2024-02-20T18:21:45","slug":"gastando-el-capital-politico","status":"publish","type":"post","link":"https:\/\/diarioavanzada.com.mx\/?p=54207","title":{"rendered":"Gastando el capital pol\u00edtico\u00a0"},"content":{"rendered":"\n<p class=\"wp-block-paragraph\">Columna&nbsp;<\/p>\n\n\n\n<p class=\"wp-block-paragraph\">El Puercoesp\u00edn&nbsp;&nbsp;<\/p>\n\n\n\n<p class=\"wp-block-paragraph\">Andr\u00e9s Manuel L\u00f3pez Obrador anda de gira por el pa\u00eds para gastar su enorme capital pol\u00edtico, acumulado a lo largo de sus cinco a\u00f1os de gobierno y unos meses, para ganar votos frente a una oposici\u00f3n lenta, monol\u00edtica, sucia y dispuesta a seguir en su esquema de saqueo antes que proponer un programa pol\u00edtico distinto al aplicado desde 1982 con la llegada de Miguel de la Madrid a la presidencia.&nbsp;<\/p>\n\n\n\n<p class=\"wp-block-paragraph\">A Colima, no vino a debatir y enfrentar los dos problemas clave por los que atraviesa el estado: las finanzas y la inseguridad p\u00fablicas.&nbsp;<\/p>\n\n\n\n<p class=\"wp-block-paragraph\">Vino a Colima a un mitin de campa\u00f1a, donde habl\u00f3 de sus programas sociales y a dejar parte de su capital pol\u00edtico, su aprobaci\u00f3n anda por encima del 70 %, y no gastarse algo de capital pol\u00edtico ser\u00eda un error.&nbsp;&nbsp;<\/p>\n\n\n\n<p class=\"wp-block-paragraph\">A los colimenses por m\u00e1s que estimen y reconozcan en el presidente a un estadista, por mucho, uno de los mejores de los \u00faltimos 30 a\u00f1os, no deja de sembrar un sabor amargo entre los ciudadanos que se tomaron muy en serio lo de la revoluci\u00f3n de las conciencias. Podr\u00e1 ser muy pol\u00edtico apoyar a la gobernadora que el promovi\u00f3, publicit\u00f3 y condujo al poder estatal, pero resulta inaceptable que nos venga a decir a los colimotes que tenemos una buena gobernadora, ello resulta insultante.&nbsp;&nbsp;<\/p>\n\n\n\n<p class=\"wp-block-paragraph\">El s\u00e1bado, el presidente y los miembros del gobierno estatal, se reunieron con los beneficiaros de los programas sociales para estrechar compromisos, en las instalaciones de la feria, con m\u00e1s sabor a apoyo interno que a una verdadera publicidad hacia afuera. Fue un verdadero acto de consumo interno.&nbsp;<\/p>\n\n\n\n<p class=\"wp-block-paragraph\">Lo mismo ha venido haciendo el mandatario en Michoac\u00e1n, Tamaulipas y el d\u00eda de ayer lunes, 19 de febrero, lo hizo en Puebla donde hasta se chivi\u00f3 el gobernador de tantos halagos del presidente.&nbsp;<\/p>\n\n\n\n<p class=\"wp-block-paragraph\">El evento contrast\u00f3 con la manifestaci\u00f3n de la oposici\u00f3n. Los partidarios de <em>Fuerza y Coraz\u00f3n por M\u00e9xico,<\/em> en su modo ciudadano de rosa y blanco, tuvieron una marcha y manifestaci\u00f3n p\u00fablica exitosa. El haber concentrado una cantidad aproximada de cinco mil ciudadanos es muy digna de tomarse en cuenta.&nbsp;<\/p>\n\n\n\n<p class=\"wp-block-paragraph\">Otros elementos que afloraron el fin de semana fue la lucha palaciega que se est\u00e1 librando intramuros de Morena, cosa que muy bien expres\u00f3 Rub\u00e9n Romo Ochoa, al descalificar la propuesta de Morena-Nacional para la f\u00f3rmula a la diputaci\u00f3n federal del segundo distrito y evidenci\u00f3 que su permanencia de \u00e9l en el partido, como muchos otros, es por su vocaci\u00f3n de sicofante.&nbsp;<\/p>\n\n\n\n<p class=\"wp-block-paragraph\">Dentro de la oposici\u00f3n las luchas intestinas tambi\u00e9n est\u00e1n al orden del d\u00eda y la nota la dio el candidato en la segunda f\u00f3rmula al Senado por <em>Fuerza y Coraz\u00f3n por M\u00e9xico,<\/em> Lupillo Garc\u00eda, que hizo p\u00fablica su intenci\u00f3n de impugnar la decisi\u00f3n de su partido, pues \u00e9l acusa a la dirigente local del PAN, Julia Jim\u00e9nez, como el art\u00edfice de su eliminaci\u00f3n de la candidatura al Senado. A parte de ser una lucha de la b\u00fasqueda de las rebanadas escasez de poder tambi\u00e9n es un reflejo de que la oposici\u00f3n est\u00e1 vislumbrando posibilidades reales de ser competitivos en el estado de Colima.&nbsp;&nbsp;<\/p>\n\n\n\n<p class=\"wp-block-paragraph\">Dicho en otras palabras, el pastel para repartir entre la oposici\u00f3n es chico, pero tambi\u00e9n es cierto que en Colima las probabilidades de ganar posiciones locales est\u00e1n creciendo enormemente, la movilizaci\u00f3n del domingo es una muestra del \u00e1nimo creciente del electorado por ir contra el gobierno de Indira Vizca\u00edno.&nbsp;&nbsp;<\/p>\n\n\n\n<p class=\"wp-block-paragraph\">Por otra parte, Morena ha filtrado cuentas alegres de su proyecci\u00f3n de resultados, por ejemplo, hablan de obtener cerca de 200 mil votos haciendo una suma de los votos obtenidos por Vizca\u00edno, Virgilio y Locho, hacen una simplona adici\u00f3n aritm\u00e9tica.&nbsp;<\/p>\n\n\n\n<p class=\"wp-block-paragraph\">En el mismo tenor los operadores estrat\u00e9gicos de Viridiana Valencia, candidata a la presidencia municipal de Colima, han soltado a las redes una encuesta de intenci\u00f3n de voto donde incluyen a todo mundo (Viri, Mago, Riul y Ure\u00f1a) y le dan una ventaja guajira de 12 punto a su promocionada, es decir, a Viri.&nbsp;<\/p>\n\n\n\n<p class=\"wp-block-paragraph\">La verdad es que hay un mal humor en Casa de Gobierno que la muchacha encargada del Ejecutivo dej\u00f3 ver plenamente su malestar en los di\u00e1logos por la transformaci\u00f3n.&nbsp;&nbsp;<\/p>\n\n\n\n<p class=\"wp-block-paragraph\">El mal humor de la \u201cgobernadora de primera\u201d es un reflejo de que las elecciones ya arrancaron y los n\u00fameros no les cuadran.&nbsp;&nbsp;<\/p>\n\n\n\n<p class=\"wp-block-paragraph\">El primer objetivo de su ira fue el Ayuntamiento de Colima al que acus\u00f3 de tener p\u00e9simo desempe\u00f1o en seguridad p\u00fablica al referir que, Colima capital, es de las m\u00e1s violentas del mundo. Lo hizo de muy mala fe. Al principio de su administraci\u00f3n la gobernadora invadi\u00f3 la esfera de competencia municipal para poder hacer sus negocios. Y los hizo al rentar las patrullas que distribuy\u00f3 a los municipios incluy\u00e9ndolo en sus presupuestos y a su criterio. Hoy sabemos que lo \u00fanico bueno fue el negocio, pues la seguridad est\u00e1 sin control. Ahora quiere que otros asuman los costos de sus malas decisiones y ella se llev\u00f3 los beneficios de la renta de las patrullas.&nbsp;&nbsp;<\/p>\n\n\n\n<p class=\"wp-block-paragraph\">Otro de sus objetivos fue el periodista Miguel S\u00e1nchez Romero quien cumpliendo con su deber la cuestion\u00f3 sobre salud y \u00e9sta, fuera de s\u00ed, y con ojos de pistola, le contest\u00f3 al periodista que Colima tendr\u00e1 un sistema de salud mejor que Dinamarca. El infantilismo de la g\u00f3ber le aflor\u00f3, producto de su frustraci\u00f3n creciente.&nbsp; Lo que en realidad quiso decir la gobernadora en su respuesta fue \u201cya no estes chingando\u201d.&nbsp;&nbsp;<\/p>\n\n\n\n<p class=\"wp-block-paragraph\">El partido Movimiento Ciudadano en Colima, finalmente, es muy probable que postule buenas f\u00f3rmulas en la zona metropolitana y Manzanillo y la competencia electoral sea convierta en una fuerte disputa.&nbsp;&nbsp;<\/p>\n\n\n\n<p class=\"wp-block-paragraph\">Indira cada d\u00eda estar\u00e1 m\u00e1s f\u00farica en la medida que avance la campa\u00f1a. El destino se les esta revelando con toda su crudeza.&nbsp;<\/p>\n\n\n\n<p class=\"wp-block-paragraph\">Adi\u00f3s a la luna de miel, bienvenida la realidad pol\u00edtica.&nbsp;<\/p>\n<div class=\"fb-background-color\">\n\t\t\t  <div \n\t\t\t  \tclass = \"fb-comments\" \n\t\t\t  \tdata-href = \"https:\/\/diarioavanzada.com.mx\/?p=54207\"\n\t\t\t  \tdata-numposts = \"10\"\n\t\t\t  \tdata-lazy = \"true\"\n\t\t\t\tdata-colorscheme = \"light\"\n\t\t\t\tdata-order-by = \"social\"\n\t\t\t\tdata-mobile=true>\n\t\t\t  <\/div><\/div>\n\t\t  <style>\n\t\t    .fb-background-color {\n\t\t\t\tbackground:  !important;\n\t\t\t}\n\t\t\t.fb_iframe_widget_fluid_desktop iframe {\n\t\t\t    width: 100% !important;\n\t\t\t}\n\t\t  <\/style>\n\t\t  ","protected":false},"excerpt":{"rendered":"<p>Columna&nbsp; El Puercoesp\u00edn&nbsp;&nbsp; Andr\u00e9s Manuel L\u00f3pez Obrador anda de gira por el pa\u00eds para gastar su enorme capital pol\u00edtico, acumulado a lo largo de sus cinco a\u00f1os de gobierno y unos meses, para ganar votos frente a una oposici\u00f3n lenta, monol\u00edtica, sucia y dispuesta a seguir en su esquema de saqueo antes que proponer un [&hellip;]<\/p>\n","protected":false},"author":9,"featured_media":54209,"comment_status":"closed","ping_status":"closed","sticky":false,"template":"","format":"standard","meta":{"_coblocks_attr":"","_coblocks_dimensions":"","_coblocks_responsive_height":"","_coblocks_accordion_ie_support":"","advanced_seo_description":"","jetpack_seo_html_title":"","jetpack_seo_noindex":false,"jetpack_seo_schema_type":"","_jetpack_newsletter_access":"","_jetpack_dont_email_post_to_subs":false,"_jetpack_newsletter_tier_id":0,"_jetpack_memberships_contains_paywalled_content":false,"_wpcom_ai_launchpad_first_post":false,"_jetpack_feature_clip_id":0,"_jetpack_memberships_contains_paid_content":false,"footnotes":"","jetpack_post_was_ever_published":false},"categories":[19,209,24],"tags":[220,210],"class_list":["post-54207","post","type-post","status-publish","format-standard","has-post-thumbnail","hentry","category-colima","category-importantes","category-opinion","tag-opinion","tag-portada"],"jetpack-related-posts":[],"jetpack_sharing_enabled":true,"amp_enabled":true,"jetpack_featured_media_url":"https:\/\/diarioavanzada.com.mx\/wp-content\/uploads\/2024\/02\/a1-129.jpg","_links":{"self":[{"href":"https:\/\/diarioavanzada.com.mx\/index.php?rest_route=\/wp\/v2\/posts\/54207","targetHints":{"allow":["GET"]}}],"collection":[{"href":"https:\/\/diarioavanzada.com.mx\/index.php?rest_route=\/wp\/v2\/posts"}],"about":[{"href":"https:\/\/diarioavanzada.com.mx\/index.php?rest_route=\/wp\/v2\/types\/post"}],"author":[{"embeddable":true,"href":"https:\/\/diarioavanzada.com.mx\/index.php?rest_route=\/wp\/v2\/users\/9"}],"replies":[{"embeddable":true,"href":"https:\/\/diarioavanzada.com.mx\/index.php?rest_route=%2Fwp%2Fv2%2Fcomments&post=54207"}],"version-history":[{"count":2,"href":"https:\/\/diarioavanzada.com.mx\/index.php?rest_route=\/wp\/v2\/posts\/54207\/revisions"}],"predecessor-version":[{"id":54210,"href":"https:\/\/diarioavanzada.com.mx\/index.php?rest_route=\/wp\/v2\/posts\/54207\/revisions\/54210"}],"wp:featuredmedia":[{"embeddable":true,"href":"https:\/\/diarioavanzada.com.mx\/index.php?rest_route=\/wp\/v2\/media\/54209"}],"wp:attachment":[{"href":"https:\/\/diarioavanzada.com.mx\/index.php?rest_route=%2Fwp%2Fv2%2Fmedia&parent=54207"}],"wp:term":[{"taxonomy":"category","embeddable":true,"href":"https:\/\/diarioavanzada.com.mx\/index.php?rest_route=%2Fwp%2Fv2%2Fcategories&post=54207"},{"taxonomy":"post_tag","embeddable":true,"href":"https:\/\/diarioavanzada.com.mx\/index.php?rest_route=%2Fwp%2Fv2%2Ftags&post=54207"}],"curies":[{"name":"wp","href":"https:\/\/api.w.org\/{rel}","templated":true}]}}