{"id":52626,"date":"2024-01-11T07:41:28","date_gmt":"2024-01-11T13:41:28","guid":{"rendered":"https:\/\/diarioavanzada.com.mx\/?p=52626"},"modified":"2024-01-11T07:43:35","modified_gmt":"2024-01-11T13:43:35","slug":"cuando-un-pendejerrimo-ayuda-a-un-pais","status":"publish","type":"post","link":"https:\/\/diarioavanzada.com.mx\/?p=52626","title":{"rendered":"Cuando un pendej\u00e9rrimo ayuda a un pa\u00eds"},"content":{"rendered":"\n<p class=\"wp-block-paragraph\">Columna<\/p>\n\n\n\n<p class=\"wp-block-paragraph\">El Puercoesp\u00edn<\/p>\n\n\n\n<p class=\"wp-block-paragraph\">El martes 9 de enero el Partido Acci\u00f3n Nacional emiti\u00f3 un comunicado donde expresa su inconformidad por la falta de palabra del gobernador de Coahuila, otrora candidato del <em>Frente Amplio por M\u00e9xico<\/em>.<\/p>\n\n\n\n<p class=\"wp-block-paragraph\">Manolo Jim\u00e9nez Salinas, ya en el poder, no les quiera soltar nada de lo pactado a los panistas. No tiene palabra, acusa la direcci\u00f3n nacional del PAN.<\/p>\n\n\n\n<p class=\"wp-block-paragraph\">Horas despu\u00e9s, el presidente del PAN, Marko Cort\u00e9s hizo p\u00fablico un documento donde el PRI y PAN pactan los puestos del gobierno de Coahuila, en otras palabras, el reparto del pastel.<\/p>\n\n\n\n<p class=\"wp-block-paragraph\">\u00bfQu\u00e9 pactaron? \u00bfCu\u00e1l fue la promesa de reparto del pastel?<\/p>\n\n\n\n<p class=\"wp-block-paragraph\">Seg\u00fan el documento suscrito por Alejandro Moreno C\u00e1rdenas, Marko Cort\u00e9s, Armando Tejeda, Rub\u00e9n Moreira y el mism\u00edsimo Manolo Jim\u00e9nez Salinas, \u00e9ste \u00faltimo se comprometi\u00f3, en ganando la gubernatura, a entregarle al PAN: cinco distritos locales, dos secretar\u00edas, 20 % de las subsecretar\u00edas, el Subsistema de Educaci\u00f3n, el Instituto de Transparencia, dos distrito federales, doce presidencias municipales, la Junta de Caminos, 20 % de las oficinas del Registro Civil y oficinas de recaudaci\u00f3n, &nbsp;20 % de las direcciones de Educaci\u00f3n y de los puestos de las universidades, seis notarias y la ratificaci\u00f3n de un magistrado.<\/p>\n\n\n\n<p class=\"wp-block-paragraph\">El acto de publicar los pactos \u201cinconfesables\u201d no es otra cosa que documentar lo que todo mundo sab\u00eda y que, los partidos pol\u00edticos y en general la sociedad pol\u00edtica, negaban. No podr\u00e1n negarlo m\u00e1s. Los partidos pol\u00edticos se reparten entre ellos cu\u00e1ntos y qui\u00e9nes integrar\u00e1n los organismos aut\u00f3nomos y los tribunales.<\/p>\n\n\n\n<p class=\"wp-block-paragraph\">Los \u00f3rganos aut\u00f3nomos, como todos los cr\u00edticos lo hab\u00edan se\u00f1alado, no est\u00e1n para servir al Estado y a los ciudadanos por encima de las coyunturas, las ideolog\u00edas y los grupos de presi\u00f3n, todo lo contrario, su misi\u00f3n es garantizar los intereses de los grupos f\u00e1cticos, previa negociaci\u00f3n con la sociedad pol\u00edtica, que controla la integraci\u00f3n y el funcionamiento de los organismos aut\u00f3nomos que de aut\u00f3nomos solo tienen el nombre.<\/p>\n\n\n\n<p class=\"wp-block-paragraph\">El anuncio de ayer de Jorge \u00c1lvarez M\u00e1ynez donde acusa al ex presidente del INE de haberse convertido en el asesor de trampas y chapucer\u00edas de la coalici\u00f3n <em>Fuerza y Coraz\u00f3n por M\u00e9xico<\/em> es importante porque los pol\u00edticos militantes del Prian hicieron p\u00fablico un pacto secreto -que no lo es m\u00e1s- que desnuda a los c\u00ednicos y corruptos que, hace apenas unos meses atr\u00e1s, hicieron grandes manifestaciones para defender al INE porque, seg\u00fan ellos, era un gran organismo aut\u00f3nomo y libre que serv\u00eda de contrapeso al gobierno en turno y el presidente Obrador los estaba atacando injusta y autoritariamente, de dictador no bajaban al presidente.<\/p>\n\n\n\n<p class=\"wp-block-paragraph\">En las diferencias que sostienen el Poder Ejecutivo con el Poder Judicial nuevamente los prianistas salieron a las calles para defender la autonom\u00eda e independencia del Poder Judicial, los coment\u00f3cratas y los medios tradicionales de comunicaci\u00f3n se rasgaron las vestiduras y se convirtieron en los mejores defensores de la democracia y el respeto entre Poderes.<\/p>\n\n\n\n<p class=\"wp-block-paragraph\">Marko Cort\u00e9s nos regal\u00f3 una perla al publicar el pacto entre el PAN y el PRI para hacer reparto de puestos de elecci\u00f3n popular, espacios en los organismos aut\u00f3nomos y los magistrados en el Poder Judicial.<\/p>\n\n\n\n<p class=\"wp-block-paragraph\">Gracias a Cort\u00e9s los ciudadanos tenemos a la vista por escrito el reparto del pastel.<\/p>\n\n\n\n<p class=\"wp-block-paragraph\">La autonom\u00eda de los organismos, supuestamente aut\u00f3nomos, es una vacilada, nosotros lo sab\u00edamos, pero ellos siempre lo negaron. El documento evidencia que efectivamente la autonom\u00eda es una vacilada y los puestos de los jueces tambi\u00e9n es la colocaci\u00f3n de empleados que tomar\u00e1n, en su momento, decisiones a favor de sus verdaderos patrones, los partidos pol\u00edticos.&nbsp;<\/p>\n\n\n\n<p class=\"wp-block-paragraph\">Las Comisiones de derechos humanos, transparencia, electorales, energ\u00eda, telecomunicaciones y los tribunales de justicia, antes y ahora, siguen trabajando para ellos, porque a ellos les deben sus puestos.<\/p>\n\n\n\n<p class=\"wp-block-paragraph\">El INE siempre apoy\u00f3 a los partidos y se volvi\u00f3 ciego, pues nunca vio sus triqui\u00f1uelas y cochupos. El Pemexgate, Amigos de Fox y Monexgate nunca fueron resueltos, millones de pesos terminaron en los bolsillos de los partidos gracias a este organismo aut\u00f3nomo.<\/p>\n\n\n\n<p class=\"wp-block-paragraph\">El Tribunal Electoral del Poder Judicial de la Federaci\u00f3n siempre falla a favor de los partidos mayoritarios y tuerce e interpreta la ley siempre a favor del Prian.<\/p>\n\n\n\n<p class=\"wp-block-paragraph\">&nbsp;El Instituto Nacional de transparencia, Acceso a la Informaci\u00f3n y Protecci\u00f3n de Datos Personales, sirve para esconderlos los datos, financiar las borracheras de sus consejeros, as\u00ed como viajes y servicios de acompa\u00f1antes profesionales.<\/p>\n\n\n\n<p class=\"wp-block-paragraph\">La Suprema Corte de Justicia de la Naci\u00f3n est\u00e1 al servicio de los capitanes del dinero, de los narcotraficantes vinculados al Estado mexicano como Genaro Garc\u00eda Luna y para defender sus grande y obscenos privilegios.<\/p>\n\n\n\n<p class=\"wp-block-paragraph\">Todos los seguidores y aplaudidores a ultranza de todos los actos de la derecha quedaron impactados por el acto pendej\u00e9rrimo de Marko Cort\u00e9s. Marko los encuero y los dej\u00f3 sin argumentos y sin insultos. Su arsenal de insultos qued\u00f3 vac\u00edo porque perdieron el efecto destructivo, se echaron a perder, no estallar\u00e1n m\u00e1s.<\/p>\n\n\n\n<p class=\"wp-block-paragraph\">Marietto un mentiroso c\u00ednico y descarado de derechas se qued\u00f3 mudo. Solo pudo balbucear en su cuenta de Twitter: \u201c<em>Discreci\u00f3n Marko, discreci\u00f3n<\/em>.\u201d<\/p>\n\n\n\n<p class=\"wp-block-paragraph\">Estos tuiteros ven en Marko a un gran pendejo.<\/p>\n\n\n\n<p class=\"wp-block-paragraph\">Pero por primera vez un pendej\u00e9rrimo individuo le hizo un gran bien a la naci\u00f3n, documentar, para todos los ciudadanos, los actos criminales de la mafia del poder. Ese es un gran servicio a la naci\u00f3n.<\/p>\n\n\n\n<p class=\"wp-block-paragraph\">La derecha seguir\u00e1 mintiendo, peros sus mentiras no tendr\u00e1n el mismo efecto. Sus partidarios no podr\u00e1n mentir con la misma pasi\u00f3n, por ahora.<\/p>\n\n\n\n<p class=\"wp-block-paragraph\">Estoy convencido que, a veces, un pendej\u00e9rrimo puede hacer un gran servicio a los mexicanos. Gracias, Marko Cort\u00e9s.<\/p>\n\n\n\n<p class=\"wp-block-paragraph\"><em>*Fotograf\u00eda tomada de la red social de Marko Cort\u00e9s.<\/em><\/p>\n<div class=\"fb-background-color\">\n\t\t\t  <div \n\t\t\t  \tclass = \"fb-comments\" \n\t\t\t  \tdata-href = \"https:\/\/diarioavanzada.com.mx\/?p=52626\"\n\t\t\t  \tdata-numposts = \"10\"\n\t\t\t  \tdata-lazy = \"true\"\n\t\t\t\tdata-colorscheme = \"light\"\n\t\t\t\tdata-order-by = \"social\"\n\t\t\t\tdata-mobile=true>\n\t\t\t  <\/div><\/div>\n\t\t  <style>\n\t\t    .fb-background-color {\n\t\t\t\tbackground:  !important;\n\t\t\t}\n\t\t\t.fb_iframe_widget_fluid_desktop iframe {\n\t\t\t    width: 100% !important;\n\t\t\t}\n\t\t  <\/style>\n\t\t  ","protected":false},"excerpt":{"rendered":"<p>Columna El Puercoesp\u00edn El martes 9 de enero el Partido Acci\u00f3n Nacional emiti\u00f3 un comunicado donde expresa su inconformidad por la falta de palabra del gobernador de Coahuila, otrora candidato del Frente Amplio por M\u00e9xico. Manolo Jim\u00e9nez Salinas, ya en el poder, no les quiera soltar nada de lo pactado a los panistas. No tiene [&hellip;]<\/p>\n","protected":false},"author":9,"featured_media":52628,"comment_status":"closed","ping_status":"closed","sticky":false,"template":"","format":"standard","meta":{"_coblocks_attr":"","_coblocks_dimensions":"","_coblocks_responsive_height":"","_coblocks_accordion_ie_support":"","advanced_seo_description":"","jetpack_seo_html_title":"","jetpack_seo_noindex":false,"jetpack_seo_schema_type":"","_jetpack_newsletter_access":"","_jetpack_dont_email_post_to_subs":false,"_jetpack_newsletter_tier_id":0,"_jetpack_memberships_contains_paywalled_content":false,"_wpcom_ai_launchpad_first_post":false,"_jetpack_feature_clip_id":0,"_jetpack_memberships_contains_paid_content":false,"footnotes":"","jetpack_post_was_ever_published":false},"categories":[19,209,24],"tags":[220,210],"class_list":["post-52626","post","type-post","status-publish","format-standard","has-post-thumbnail","hentry","category-colima","category-importantes","category-opinion","tag-opinion","tag-portada"],"jetpack-related-posts":[],"jetpack_sharing_enabled":true,"amp_enabled":true,"jetpack_featured_media_url":"https:\/\/diarioavanzada.com.mx\/wp-content\/uploads\/2024\/01\/aa-29.jpg","_links":{"self":[{"href":"https:\/\/diarioavanzada.com.mx\/index.php?rest_route=\/wp\/v2\/posts\/52626","targetHints":{"allow":["GET"]}}],"collection":[{"href":"https:\/\/diarioavanzada.com.mx\/index.php?rest_route=\/wp\/v2\/posts"}],"about":[{"href":"https:\/\/diarioavanzada.com.mx\/index.php?rest_route=\/wp\/v2\/types\/post"}],"author":[{"embeddable":true,"href":"https:\/\/diarioavanzada.com.mx\/index.php?rest_route=\/wp\/v2\/users\/9"}],"replies":[{"embeddable":true,"href":"https:\/\/diarioavanzada.com.mx\/index.php?rest_route=%2Fwp%2Fv2%2Fcomments&post=52626"}],"version-history":[{"count":3,"href":"https:\/\/diarioavanzada.com.mx\/index.php?rest_route=\/wp\/v2\/posts\/52626\/revisions"}],"predecessor-version":[{"id":52630,"href":"https:\/\/diarioavanzada.com.mx\/index.php?rest_route=\/wp\/v2\/posts\/52626\/revisions\/52630"}],"wp:featuredmedia":[{"embeddable":true,"href":"https:\/\/diarioavanzada.com.mx\/index.php?rest_route=\/wp\/v2\/media\/52628"}],"wp:attachment":[{"href":"https:\/\/diarioavanzada.com.mx\/index.php?rest_route=%2Fwp%2Fv2%2Fmedia&parent=52626"}],"wp:term":[{"taxonomy":"category","embeddable":true,"href":"https:\/\/diarioavanzada.com.mx\/index.php?rest_route=%2Fwp%2Fv2%2Fcategories&post=52626"},{"taxonomy":"post_tag","embeddable":true,"href":"https:\/\/diarioavanzada.com.mx\/index.php?rest_route=%2Fwp%2Fv2%2Ftags&post=52626"}],"curies":[{"name":"wp","href":"https:\/\/api.w.org\/{rel}","templated":true}]}}