{"id":50198,"date":"2023-11-10T08:36:04","date_gmt":"2023-11-10T14:36:04","guid":{"rendered":"https:\/\/diarioavanzada.com.mx\/?p=50198"},"modified":"2023-11-10T08:36:08","modified_gmt":"2023-11-10T14:36:08","slug":"los-trabajadores-victimas-de-sus-pecados","status":"publish","type":"post","link":"https:\/\/diarioavanzada.com.mx\/?p=50198","title":{"rendered":"Los trabajadores v\u00edctimas de sus pecados"},"content":{"rendered":"\n<p class=\"wp-block-paragraph\">Columna<\/p>\n\n\n\n<p class=\"wp-block-paragraph\">El Puercoesp\u00edn<\/p>\n\n\n\n<p class=\"wp-block-paragraph\">Los trabajadores al servicio del gobierno del estado son v\u00edctimas de sus propios pecados. Sus cuotas, prestamos y pensiones est\u00e1n en peligro por el mal manejo del Instituto de Pensiones del Gobierno de Colima (Ipecol) por parte de Hugo V\u00e1zquez Montes, por el abuso de Indira Vizca\u00edno y la traici\u00f3n de Mart\u00edn Flores Casta\u00f1eda.<\/p>\n\n\n\n<p class=\"wp-block-paragraph\">Hace un mes el l\u00edder sindical pidi\u00f3 la renuncia del director del Ipecol y \u00e9ste vio pasar el tiempo y all\u00ed sigue, muy campante, despachando como director del Instituto. Las amenazas del l\u00edder sindical no le quitan el sue\u00f1o.<\/p>\n\n\n\n<p class=\"wp-block-paragraph\">El d\u00eda nueve de octubre de 2023 el l\u00edder se plant\u00f3 afuera de las oficinas del Ipecol y le dijo a Hugo V\u00e1zquez Montes: \u201cO que cobre al gobierno del estado el adeudo o que renuncie\u201d fueron, palabras m\u00e1s palabras menos, donde se concentra el ultim\u00e1tum que le dio el dirigente del Sindicato de Trabajadores al Servicio del Gobierno del Estado (STSGE) y el plazo para cumplirlo no deb\u00eda ser mayor a 30 d\u00edas.<\/p>\n\n\n\n<p class=\"wp-block-paragraph\">En concret\u00f3 le pidi\u00f3 que le cobrara al gobierno del estado los 399 millones 467 mil pesos de las aportaciones que debi\u00f3 de enterar al Ipecol y que \u00e9ste reconozca el adeudo hist\u00f3rico que suma m\u00e1s de mil 717 millones de pesos.<\/p>\n\n\n\n<p class=\"wp-block-paragraph\">El l\u00edder le dio un plazo de 30 d\u00edas para hacer lo siguiente: imponerle un cr\u00e9dito fiscal al gobierno y, de no de aceptar, se proceda a embargar bienes que no sean de utilidad p\u00fablica, adem\u00e1s se proceda a embargar las cuentas p\u00fablicas y, en caso extremo, se realice la ejecuci\u00f3n de un embargo de las participaciones federales, pues de lo contrario estar\u00edan en riesgo las pensiones de 10 mil trabajadores pertenecientes al STSGE, al Snte 39, a los cuerpos policiacos, a la Fiscal\u00eda General del Estado, as\u00ed como de los funcionarios y empleados de confianza.<\/p>\n\n\n\n<p class=\"wp-block-paragraph\">Nada hizo Hugo V\u00e1zquez ni le cobr\u00f3 ni embarg\u00f3 ni nada. Vamos ni renunci\u00f3. All\u00ed sigue despachando en el Ipecol, cobrando y durmiendo pl\u00e1cidamente.<\/p>\n\n\n\n<p class=\"wp-block-paragraph\">Desde la \u00faltima etapa del gobierno de Nacho y la primera del de Indira que, en esenia, sigue siendo el mismo gobierno decadente, los trabajadores se han movilizado, pero no han logrado obtener una soluci\u00f3n de fondo, solo respuestas parciales y paliativas. El problema de fondo sigue all\u00ed.<\/p>\n\n\n\n<p class=\"wp-block-paragraph\">En la primera etapa del gobierno de Indira tambi\u00e9n fueron capaces, los trabajadores, de realizar un proceso interno democr\u00e1tico, impecable, para demandar la defensa integra de sus logros laborales; sin embargo, algo pas\u00f3, y los l\u00edderes sindicales dejaron de tener la fuerza y la claridad para demandar sus derechos y se acercaron a Indira y empezaron a operar pol\u00edticamente a favor de la mandataria estatal, al mejor estilo corporativo de los tiempos del PRI. Su alianza con Indi los llev\u00f3 a realizar actividades de sabotaje a la campa\u00f1a de Ad\u00e1n Augusto L\u00f3pez Hern\u00e1ndez. Volvieron a sus or\u00edgenes y a sus pr\u00e1cticas porriles.&nbsp; El pacto con Indira obviamente no es p\u00fablico y por supuesto que es inconfesable.<\/p>\n\n\n\n<p class=\"wp-block-paragraph\">La \u00faltima movilizaci\u00f3n importante de los sindicalistas del STSGE fue para demandar la salida del director general del Ipecol en un plazo no mayor a 30 d\u00edas.<\/p>\n\n\n\n<p class=\"wp-block-paragraph\">Esta \u00faltima movilizaci\u00f3n m\u00e1s que un acto reivindicativo de car\u00e1cter laboral se parece m\u00e1s a un montaje para justificar la falta de soluciones reales. La retenci\u00f3n de las cuotas sigue, tambi\u00e9n el enteramiento de las cuotas est\u00e1 en duda, los adeudos hist\u00f3ricos siguen sin ser reconocidos y transferidos al Instituto y los trabajadores siguen sin tener pr\u00e9stamos, y lo m\u00e1s importante, contin\u00faa la incertidumbre y en vilo est\u00e1n las pensiones de todos los trabajadores.<\/p>\n\n\n\n<p class=\"wp-block-paragraph\">El director general del Ipecol ni ha cobrado las cuotas no enteradas por Indira ni la ha embargado por este mismo motivo ni se ha llegado a un convenio de reconocimiento de los adeudos hist\u00f3ricos. En el Ipecol la vida sigue igual.<\/p>\n\n\n\n<p class=\"wp-block-paragraph\">La movilizaci\u00f3n de los sindicalistas result\u00f3 una farsa. Una farsa, como farsa es el gobierno de Indira. Ellos hacen como que demandan sus derechos e Indira hace como que escucha y negocia, sin embargo, lo que parece que est\u00e1 operando son los acuerdos secretos de siempre entre l\u00edderes vendidos y el gobierno del estado.<\/p>\n\n\n\n<p class=\"wp-block-paragraph\">Est\u00e1 claro que el Gobierno de M\u00e9xico no va a entrar al rescate, por ello, apremia un acuerdo entre sindicato y gobierno. El gobierno de Indira ya cumpli\u00f3 dos a\u00f1os y en un tris tras finalizar\u00e1 su sexenio y el problema se habr\u00e1 agravado. Los gobiernos se van y los problemas se quedan. Los funcionarios se van, el gobierno cambia, los l\u00edderes sindicales emigran y los problemas se quedan, permanecen sin soluci\u00f3n. Las cuotas siguen desaparecidas.<\/p>\n\n\n\n<p class=\"wp-block-paragraph\">En este caso los trabajadores est\u00e1n siendo rehenes del nuevo corporativismo pactado entre Indira y Mart\u00edn Flores. Los trabajadores est\u00e1n siendo rehenes de su incapacidad de organizarse democr\u00e1ticamente. Aquella elecci\u00f3n democr\u00e1tica impecable -de principio de sexenio- tan solo fue una llamarada de petate, una puesta en escena m\u00e1s.&nbsp;<\/p>\n\n\n\n<p class=\"wp-block-paragraph\">Los trabajadores deben de reaccionar porque el tiempo corre y el problema crece. Los trabajadores son los \u00fanicos que pueden salvarse a s\u00ed mismos. Hoy son v\u00edctimas de sus propios pecados originales.<\/p>\n\n\n\n<p class=\"wp-block-paragraph\">Los trabajadores deben de hacer a un lado el corporativismo y organizarse libremente, de lo contrario, sus pensiones se esfumar\u00e1n como el viento en el tiempo.&nbsp;<\/p>\n\n\n\n<p class=\"wp-block-paragraph\">Hugo ten\u00eda 30 d\u00eda para renunciar, no renunci\u00f3.<\/p>\n\n\n\n<p class=\"wp-block-paragraph\">Ten\u00eda treinta d\u00edas para cobrar los dineros que le adeuda el gobierno del estado, no lo hizo.<\/p>\n\n\n\n<p class=\"wp-block-paragraph\">El poder del sindicato es un cero a la izquierda, el gobierno del estado se burla de ellos.<\/p>\n\n\n\n<p class=\"wp-block-paragraph\">Fue una protesta de verdad la realizada en las oficinas del Ipecol, \u00bfo fue tan solo un montaje?<\/p>\n<div class=\"fb-background-color\">\n\t\t\t  <div \n\t\t\t  \tclass = \"fb-comments\" \n\t\t\t  \tdata-href = \"https:\/\/diarioavanzada.com.mx\/?p=50198\"\n\t\t\t  \tdata-numposts = \"10\"\n\t\t\t  \tdata-lazy = \"true\"\n\t\t\t\tdata-colorscheme = \"light\"\n\t\t\t\tdata-order-by = \"social\"\n\t\t\t\tdata-mobile=true>\n\t\t\t  <\/div><\/div>\n\t\t  <style>\n\t\t    .fb-background-color {\n\t\t\t\tbackground:  !important;\n\t\t\t}\n\t\t\t.fb_iframe_widget_fluid_desktop iframe {\n\t\t\t    width: 100% !important;\n\t\t\t}\n\t\t  <\/style>\n\t\t  ","protected":false},"excerpt":{"rendered":"<p>Columna El Puercoesp\u00edn Los trabajadores al servicio del gobierno del estado son v\u00edctimas de sus propios pecados. Sus cuotas, prestamos y pensiones est\u00e1n en peligro por el mal manejo del Instituto de Pensiones del Gobierno de Colima (Ipecol) por parte de Hugo V\u00e1zquez Montes, por el abuso de Indira Vizca\u00edno y la traici\u00f3n de Mart\u00edn [&hellip;]<\/p>\n","protected":false},"author":9,"featured_media":50200,"comment_status":"closed","ping_status":"closed","sticky":false,"template":"","format":"standard","meta":{"_coblocks_attr":"","_coblocks_dimensions":"","_coblocks_responsive_height":"","_coblocks_accordion_ie_support":"","advanced_seo_description":"","jetpack_seo_html_title":"","jetpack_seo_noindex":false,"jetpack_seo_schema_type":"","_jetpack_newsletter_access":"","_jetpack_dont_email_post_to_subs":false,"_jetpack_newsletter_tier_id":0,"_jetpack_memberships_contains_paywalled_content":false,"_wpcom_ai_launchpad_first_post":false,"_jetpack_feature_clip_id":0,"_jetpack_memberships_contains_paid_content":false,"footnotes":"","jetpack_post_was_ever_published":false},"categories":[19,209,24],"tags":[220,210],"class_list":["post-50198","post","type-post","status-publish","format-standard","has-post-thumbnail","hentry","category-colima","category-importantes","category-opinion","tag-opinion","tag-portada"],"jetpack-related-posts":[],"jetpack_sharing_enabled":true,"amp_enabled":true,"jetpack_featured_media_url":"https:\/\/diarioavanzada.com.mx\/wp-content\/uploads\/2023\/11\/Imagen-de-WhatsApp-2023-11-10-a-las-08.34.06_8692165b.jpg","_links":{"self":[{"href":"https:\/\/diarioavanzada.com.mx\/index.php?rest_route=\/wp\/v2\/posts\/50198","targetHints":{"allow":["GET"]}}],"collection":[{"href":"https:\/\/diarioavanzada.com.mx\/index.php?rest_route=\/wp\/v2\/posts"}],"about":[{"href":"https:\/\/diarioavanzada.com.mx\/index.php?rest_route=\/wp\/v2\/types\/post"}],"author":[{"embeddable":true,"href":"https:\/\/diarioavanzada.com.mx\/index.php?rest_route=\/wp\/v2\/users\/9"}],"replies":[{"embeddable":true,"href":"https:\/\/diarioavanzada.com.mx\/index.php?rest_route=%2Fwp%2Fv2%2Fcomments&post=50198"}],"version-history":[{"count":2,"href":"https:\/\/diarioavanzada.com.mx\/index.php?rest_route=\/wp\/v2\/posts\/50198\/revisions"}],"predecessor-version":[{"id":50201,"href":"https:\/\/diarioavanzada.com.mx\/index.php?rest_route=\/wp\/v2\/posts\/50198\/revisions\/50201"}],"wp:featuredmedia":[{"embeddable":true,"href":"https:\/\/diarioavanzada.com.mx\/index.php?rest_route=\/wp\/v2\/media\/50200"}],"wp:attachment":[{"href":"https:\/\/diarioavanzada.com.mx\/index.php?rest_route=%2Fwp%2Fv2%2Fmedia&parent=50198"}],"wp:term":[{"taxonomy":"category","embeddable":true,"href":"https:\/\/diarioavanzada.com.mx\/index.php?rest_route=%2Fwp%2Fv2%2Fcategories&post=50198"},{"taxonomy":"post_tag","embeddable":true,"href":"https:\/\/diarioavanzada.com.mx\/index.php?rest_route=%2Fwp%2Fv2%2Ftags&post=50198"}],"curies":[{"name":"wp","href":"https:\/\/api.w.org\/{rel}","templated":true}]}}