{"id":50161,"date":"2023-11-09T08:15:02","date_gmt":"2023-11-09T14:15:02","guid":{"rendered":"https:\/\/diarioavanzada.com.mx\/?p=50161"},"modified":"2023-11-09T08:15:06","modified_gmt":"2023-11-09T14:15:06","slug":"las-componendas-de-los-politicos-a-juicio-publico","status":"publish","type":"post","link":"https:\/\/diarioavanzada.com.mx\/?p=50161","title":{"rendered":"Las componendas de los pol\u00edticos a juicio p\u00fablico"},"content":{"rendered":"\n<p class=\"wp-block-paragraph\">Columna<\/p>\n\n\n\n<p class=\"wp-block-paragraph\">El Puercoesp\u00edn&nbsp;<\/p>\n\n\n\n<p class=\"wp-block-paragraph\">El debate p\u00fablico entre Griselda Mart\u00ednez y Gabriela Benavidez no es una disputa vulgar entre pol\u00edticas que debaten asuntos concretos de sus intereses facciosos o personales.<\/p>\n\n\n\n<p class=\"wp-block-paragraph\">La verdadera discusi\u00f3n de fondo es la puesta a juicio p\u00fablico de las componendas, complicidades, corruptelas del gobierno del estado y sus aliados, todos impresentables.<\/p>\n\n\n\n<p class=\"wp-block-paragraph\">La disputa p\u00fablica que involucra a la gobernadora, a una senadora y una presidenta municipal va m\u00e1s all\u00e1 de una simple disputa facciosa. De inicio lo es, pero el fondo es m\u00e1s profundo.&nbsp;<\/p>\n\n\n\n<p class=\"wp-block-paragraph\">El debate p\u00fablico es producto de una Fiscal\u00eda General del Estado incapaz e indolente y el actuar faccioso y a plena disposici\u00f3n de su madrina, la gobernadora, del titular de la dependencia. Una fiscal\u00eda inm\u00f3vil y facciosa.<\/p>\n\n\n\n<p class=\"wp-block-paragraph\">Tambi\u00e9n pone de manifiesto el vergonzante papel del Supremo Tribunal de Justicia del Estado y todo el Poder Judicial estatal que, de acuerdo con la \u00faltima actuaci\u00f3n, donde quedaron a salvo los corruptos miembros del Cabildo de Villa de \u00c1lvarez de los tiempos de Felipe Cruz, adem\u00e1s exhibieron su proclividad a la componenda.<\/p>\n\n\n\n<p class=\"wp-block-paragraph\">El debate entre la gobernadora, la senadora y la presidenta municipal exhibe la asociaci\u00f3n de los pol\u00edticos para liquidar a otro grupo, pero que en ese af\u00e1n pol\u00edtico se llevan entre las patas a dos instituciones, supuestamente aut\u00f3nomas, que son expuestas p\u00fablicamente sus pr\u00e1cticas que, vienen de lejos, pero se reh\u00fasan a abandonar en una sociedad que ya cambi\u00f3 y la gobernadora y la senadora no parecen darse cuenta.<\/p>\n\n\n\n<p class=\"wp-block-paragraph\">Los casos de Locho, donde se us\u00f3 el Congreso para exonerarlo; el caso de Felipe Cruz se us\u00f3 en combinaci\u00f3n al Congreso y al STJE para, simulando un proceso de juicio pol\u00edtico, para&nbsp; terminar por exonerarlo; y el caso de Manzanillo, donde pretenden parar las denuncias de corrupci\u00f3n contra la senadora Gabriela Benavidez y su socio Virgilio Mendoza de la presidenta municipal y usan la Fiscal\u00eda General de Justicia para chantajear a las presidenta que busca combatir la corrupci\u00f3n, que dicho sea de paso, es la \u00fanica que lo est\u00e1 haciendo frente a la inacci\u00f3n del resto de los ayuntamientos.<\/p>\n\n\n\n<p class=\"wp-block-paragraph\">\u00bfQu\u00e9 estamos viviendo?<\/p>\n\n\n\n<p class=\"wp-block-paragraph\">Una denuncia del uso descarado y abusivo de los recursos p\u00fablicos para beneficio personal. Abuso realizado durante su periodo constitucional en la administraci\u00f3n municipal, pero lo siguieron haciendo m\u00e1s all\u00e1 de los tiempos legales.<\/p>\n\n\n\n<p class=\"wp-block-paragraph\">Gaby Benavidez y Virgilio Mendoza deben de aclarar, ante la sociedad manzanillense en particular y la colimense en general, el asunto de las tarjetas American Express vinculadas a las cuentas del ayuntamiento y que usaron millones de pesos para pagos personales. Deben justificar en forma pormenorizada c\u00f3mo y para qu\u00e9 usaron los recursos del erario municipal.<\/p>\n\n\n\n<p class=\"wp-block-paragraph\">Si son inocentes, con las pruebas que presenten p\u00fablicamente lo podr\u00e1n demostrar, de lo contrario, solo est\u00e1n intentado enredar m\u00e1s el asunto para crear dudas y confusiones. Eso solo se hace cuando algo se esconde y huele a culpabilidad.<\/p>\n\n\n\n<p class=\"wp-block-paragraph\">La gobernadora en forma descarada y abusiva est\u00e1 usando las instituciones del gobierno para proteger a sus aliados, para ella, es bien sabido que pone sus intereses facciosos en primer lugar y poco le importa el da\u00f1o que le est\u00e1 haciendo a las instituciones, supuestamente aut\u00f3nomas, como son la Fiscal\u00eda General del Estado y el Poder Judicial.<\/p>\n\n\n\n<p class=\"wp-block-paragraph\">Ante el uso faccioso de las instituciones, la discusi\u00f3n en las redes es un espacio alternativo. Las redes sociales, hoy en d\u00eda, son el escenario de esta disputa porque los medios de comunicaci\u00f3n tradicionales tambi\u00e9n est\u00e1n involucrados en la querella y nos pretenden comunicar que tan solo se trata de una m\u00e1s de las disputas de anta\u00f1o. No hay causas pol\u00edticas ni programas que defender solo intereses de los habitantes de los palacios de gobierno estatal y municipales.<\/p>\n\n\n\n<p class=\"wp-block-paragraph\">Los tiempos de transformaci\u00f3n permiten hacer visibles, como nunca, el uso faccioso de las instituciones. Los tiempos son otros y la gobernadora no pondera eso.<\/p>\n\n\n\n<p class=\"wp-block-paragraph\">La presidenta municipal de Manzanillo decidi\u00f3 litigar en las redes sociales porque la Fiscal\u00eda General del Estado est\u00e1 inmovilizada y manipulada por la gobernadora; no se conf\u00eda en los tribunales porque \u00e9stos tambi\u00e9n dieron muestras de estar en el juego de facciones pol\u00edticas, pues no entienden la pol\u00edtica de otra manera.<\/p>\n\n\n\n<p class=\"wp-block-paragraph\">La presidenta municipal de Manzanillo es quiz\u00e1 la pol\u00edtica que tiene muy claro el papel preponderante que est\u00e1 jugando la sociedad y la est\u00e1 metiendo a la cancha.<\/p>\n\n\n\n<p class=\"wp-block-paragraph\">Se est\u00e1 litigando en las redes es porque los procuradores y los juzgadores est\u00e1n desprestigiados y han perdido la confianza de casi todos los ciudadanos, un porcentaje muy elevado de los ciudadanos no conf\u00eda en los jueces y tribunales. Su reputaci\u00f3n es muy mala. Litigar ante la sociedad tiene m\u00e1s sentido y consecuencias. Ni las fiscal\u00edas ni los jueces castigan a los criminales, al contrario, los liberan.<\/p>\n\n\n\n<p class=\"wp-block-paragraph\">&nbsp;Tiene m\u00e1s forma, sentido y consecuencias pol\u00edticas litigar en las redes sociales de lo que imaginan los pol\u00edticos que en los tribunales.<\/p>\n\n\n\n<p class=\"wp-block-paragraph\">El veredicto de la sociedad, no se ve ni se notifica en forma inmediata, pero su veredicto ser\u00e1 implacable.<\/p>\n\n\n\n<p class=\"wp-block-paragraph\">El gobierno del estado y sus aliados utilizar\u00e1n a todos sus chayoteros para intentar crear una narrativa que justifique, en el corto y mediano plazos, el uso de la Fiscal\u00eda y al Poder Judicial, pero son tan torpes y la sociedad est\u00e1 tan politizada que no prosperar\u00e1n y har\u00e1n nuevamente el rid\u00edculo.<\/p>\n\n\n\n<p class=\"wp-block-paragraph\">B\u00e1sicamente, las componendas de los pol\u00edticos aliados -del pasado y actuales- al gobierno del estado son los que est\u00e1n realmente en el banquillo de los acusados.<\/p>\n\n\n\n<p class=\"wp-block-paragraph\">No olvidemos que la corrupci\u00f3n sigue siendo un rubro que lo tiene la gente muy presente en su agenda. Por cierto, seg\u00fan la empresa demosc\u00f3pica Transparency International, el 60 % de los mexicanos piensa que la corrupci\u00f3n creci\u00f3 en los doce meses de 2022, por tanto, la corrupci\u00f3n es una asignatura pendiente que deja el gobierno de Amlo.<\/p>\n\n\n\n<p class=\"wp-block-paragraph\">Lo \u00fanico cierto en Colima es que el manejo de las instituciones por parte de Indira son un desastre y el \u00fanico contrapeso pol\u00edtico real es el del grupo pol\u00edtico de Griselda Mart\u00ednez en Manzanillo y, por lo tanto, es perfectamente entendible la b\u00fasqueda de Indira y todo el ejercito de priistas aliados de la destrucci\u00f3n de sus competidores pol\u00edticos exitosos y con amplios consensos pol\u00edticos dentro de la sociedad colimense.<\/p>\n\n\n\n<p class=\"wp-block-paragraph\">La pobreza de resultados de Indira y su gobierno, su vulgar ambici\u00f3n de poder y sus venganzas personales, adem\u00e1s de la envidia personal frente a una pol\u00edtica con resultados, son los m\u00f3viles de la facci\u00f3n de Indira para justificar el uso de las instituciones gubernamentales para destruir a sus enemigos pol\u00edticos.<\/p>\n\n\n\n<p class=\"wp-block-paragraph\">Al final de cuentas son dos proyectos en pugna: la corrupci\u00f3n de Indira versus la Cuarta Transformaci\u00f3n representada por Griselda Mart\u00ednez.<\/p>\n<div class=\"fb-background-color\">\n\t\t\t  <div \n\t\t\t  \tclass = \"fb-comments\" \n\t\t\t  \tdata-href = \"https:\/\/diarioavanzada.com.mx\/?p=50161\"\n\t\t\t  \tdata-numposts = \"10\"\n\t\t\t  \tdata-lazy = \"true\"\n\t\t\t\tdata-colorscheme = \"light\"\n\t\t\t\tdata-order-by = \"social\"\n\t\t\t\tdata-mobile=true>\n\t\t\t  <\/div><\/div>\n\t\t  <style>\n\t\t    .fb-background-color {\n\t\t\t\tbackground:  !important;\n\t\t\t}\n\t\t\t.fb_iframe_widget_fluid_desktop iframe {\n\t\t\t    width: 100% !important;\n\t\t\t}\n\t\t  <\/style>\n\t\t  ","protected":false},"excerpt":{"rendered":"<p>Columna El Puercoesp\u00edn&nbsp; El debate p\u00fablico entre Griselda Mart\u00ednez y Gabriela Benavidez no es una disputa vulgar entre pol\u00edticas que debaten asuntos concretos de sus intereses facciosos o personales. La verdadera discusi\u00f3n de fondo es la puesta a juicio p\u00fablico de las componendas, complicidades, corruptelas del gobierno del estado y sus aliados, todos impresentables. La [&hellip;]<\/p>\n","protected":false},"author":9,"featured_media":50162,"comment_status":"closed","ping_status":"closed","sticky":false,"template":"","format":"standard","meta":{"_coblocks_attr":"","_coblocks_dimensions":"","_coblocks_responsive_height":"","_coblocks_accordion_ie_support":"","advanced_seo_description":"","jetpack_seo_html_title":"","jetpack_seo_noindex":false,"jetpack_seo_schema_type":"","_jetpack_newsletter_access":"","_jetpack_dont_email_post_to_subs":false,"_jetpack_newsletter_tier_id":0,"_jetpack_memberships_contains_paywalled_content":false,"_wpcom_ai_launchpad_first_post":false,"_jetpack_feature_clip_id":0,"_jetpack_memberships_contains_paid_content":false,"footnotes":"","jetpack_post_was_ever_published":false},"categories":[19,209,24],"tags":[220,210],"class_list":["post-50161","post","type-post","status-publish","format-standard","has-post-thumbnail","hentry","category-colima","category-importantes","category-opinion","tag-opinion","tag-portada"],"jetpack-related-posts":[],"jetpack_sharing_enabled":true,"amp_enabled":true,"jetpack_featured_media_url":"https:\/\/diarioavanzada.com.mx\/wp-content\/uploads\/2023\/11\/Imagen-de-WhatsApp-2023-11-09-a-las-08.11.50_cef39766.jpg","_links":{"self":[{"href":"https:\/\/diarioavanzada.com.mx\/index.php?rest_route=\/wp\/v2\/posts\/50161","targetHints":{"allow":["GET"]}}],"collection":[{"href":"https:\/\/diarioavanzada.com.mx\/index.php?rest_route=\/wp\/v2\/posts"}],"about":[{"href":"https:\/\/diarioavanzada.com.mx\/index.php?rest_route=\/wp\/v2\/types\/post"}],"author":[{"embeddable":true,"href":"https:\/\/diarioavanzada.com.mx\/index.php?rest_route=\/wp\/v2\/users\/9"}],"replies":[{"embeddable":true,"href":"https:\/\/diarioavanzada.com.mx\/index.php?rest_route=%2Fwp%2Fv2%2Fcomments&post=50161"}],"version-history":[{"count":2,"href":"https:\/\/diarioavanzada.com.mx\/index.php?rest_route=\/wp\/v2\/posts\/50161\/revisions"}],"predecessor-version":[{"id":50164,"href":"https:\/\/diarioavanzada.com.mx\/index.php?rest_route=\/wp\/v2\/posts\/50161\/revisions\/50164"}],"wp:featuredmedia":[{"embeddable":true,"href":"https:\/\/diarioavanzada.com.mx\/index.php?rest_route=\/wp\/v2\/media\/50162"}],"wp:attachment":[{"href":"https:\/\/diarioavanzada.com.mx\/index.php?rest_route=%2Fwp%2Fv2%2Fmedia&parent=50161"}],"wp:term":[{"taxonomy":"category","embeddable":true,"href":"https:\/\/diarioavanzada.com.mx\/index.php?rest_route=%2Fwp%2Fv2%2Fcategories&post=50161"},{"taxonomy":"post_tag","embeddable":true,"href":"https:\/\/diarioavanzada.com.mx\/index.php?rest_route=%2Fwp%2Fv2%2Ftags&post=50161"}],"curies":[{"name":"wp","href":"https:\/\/api.w.org\/{rel}","templated":true}]}}