{"id":50043,"date":"2023-11-06T09:07:29","date_gmt":"2023-11-06T15:07:29","guid":{"rendered":"https:\/\/diarioavanzada.com.mx\/?p=50043"},"modified":"2023-11-06T09:33:05","modified_gmt":"2023-11-06T15:33:05","slug":"el-otro-feminismo","status":"publish","type":"post","link":"https:\/\/diarioavanzada.com.mx\/?p=50043","title":{"rendered":"El otro feminismo"},"content":{"rendered":"\n<p class=\"wp-block-paragraph\">Columna<\/p>\n\n\n\n<p class=\"wp-block-paragraph\">El Puercoesp\u00edn<\/p>\n\n\n\n<p class=\"wp-block-paragraph\"><strong>\u00bfHubiera querido fallar el penal?<\/strong>&nbsp;Le preguntaron:&nbsp;<strong>&#8216;Por un momento s\u00ed lo pens\u00e9,<\/strong>&nbsp;pero al final uno es profesional y se le viene a la cabeza las veces en las que uno est\u00e1 del otro lado, y no, los rivales no te perdonan&#8217;, contest\u00f3 el seleccionado del Tri, Andr\u00e9s Guardado.<\/p>\n\n\n\n<p class=\"wp-block-paragraph\">Se trataba de la Copa de Oro de 2015 y con ese penal M\u00e9xico calificaba a la final del torneo. La pol\u00e9mica estall\u00f3 en ese momento porque en los \u00faltimos dos juegos, contra Costa Rica y Panam\u00e1, se hab\u00edan marcado tres penales a favor de M\u00e9xico, y los expertos, y la mayor\u00eda de la gente en M\u00e9xico, coincid\u00edan que ninguno lo era.<\/p>\n\n\n\n<p class=\"wp-block-paragraph\">La mayor\u00eda de los mexicanos no se sinti\u00f3 a gusto con el marcador porque se vio un franco favoritismo del \u00e1rbitro. Era claro que a la CONCACAFA le conven\u00eda que M\u00e9xico calificara, por el negocio.<\/p>\n\n\n\n<p class=\"wp-block-paragraph\">El pasado s\u00e1bado 4 de noviembre en Santiago de Chile, en los Juegos Panamericanos, las integrantes de la selecci\u00f3n nacional femenil mexicana permanecieron inm\u00f3viles porque las chilenas se sentaron en el pasto en se\u00f1al de protesta contra sus irresponsables directivos de su selecci\u00f3n.<\/p>\n\n\n\n<p class=\"wp-block-paragraph\">Sucedi\u00f3 que los directivos chilenos fueron incapaces de conseguir un permiso para que las dos porteras de su representativo, tanto la titular como la suplente, pudieran estar presentes en el juego final por no haber obtenido permisos de sus respectivos clubes privados.<\/p>\n\n\n\n<p class=\"wp-block-paragraph\">La gente -sus paisanos- y las mexicanas -sus rivales- respetaron la protesta y no se aprovecharon, las \u00faltimas, del momento para obtener una ventaja.<\/p>\n\n\n\n<p class=\"wp-block-paragraph\">El signo de sororidad entre mujeres y entre competidoras deportivas fue de gran altura deportiva y humana.<\/p>\n\n\n\n<p class=\"wp-block-paragraph\">Al final del partido las mexicanas terminaron ganando, muy bien, con un golazo de tiro directo de Rebeca Bernal. Dicha medalla de oro represent\u00f3 la igualdad de medallas conquistadas en los Panamericanos de Guadalajara, meta que se rebas\u00f3 al d\u00eda siguiente.<\/p>\n\n\n\n<p class=\"wp-block-paragraph\">Cuando se tiene valores no se duda, se act\u00faa en forma inmediata. Las mexicanas actuaron y en ning\u00fan momento dejaron de ser unas profesionales ni traicionaron a los mexicanos.<\/p>\n\n\n\n<p class=\"wp-block-paragraph\">A m\u00ed me encant\u00f3 este acto de sororidad, dign\u00edsimo de ambos equipos, que habla muy bien de las mujeres. Ese es un feminismo de alto nivel.<\/p>\n\n\n\n<p class=\"wp-block-paragraph\">A las mexicanas, despu\u00e9s me enter\u00e9, se le alinearon los astros. Supe que hab\u00edan sido eliminadas en el proceso preclasificatorio, pero pudieron asistir a los juegos gracias a que Canad\u00e1 no lo pudo hacer y ellas asistieron por invitaci\u00f3n.<\/p>\n\n\n\n<p class=\"wp-block-paragraph\">Lograron la medalla de oro en un tornero impecable: iniciaron ganando 7 a cero al equipo de Jamaica; luego, en fase de grupos derrotaron 3 a 1 a Chile; el equipo de Paraguay fue derrotado 4 a 1; en la semifinal derrotaron 2 a 0 al equipo de la Argentina; y en la final derrotaron 1 a 0 al equipo de Chile.<\/p>\n\n\n\n<p class=\"wp-block-paragraph\">El otro feminismo<\/p>\n\n\n\n<p class=\"wp-block-paragraph\">El feminismo de Indira y sus amiguis nada tiene que ver con la altura y el decoro mostrado por las mujeres de la selecci\u00f3n femenil mexicana de futbol.<\/p>\n\n\n\n<p class=\"wp-block-paragraph\">Indira y sus muchachas -la Mafia de las amiguis- antes de llegar al gobierno calificaban cualquier ataque del gobierno de mi misoginia o violencia de g\u00e9nero, todo lo etiquetaban as\u00ed, invariablemente.<\/p>\n\n\n\n<p class=\"wp-block-paragraph\">Hoy en el poder, en el gobierno del estado, contrataron a un payaso llamado Brincos Dieras. Un payaso que cosifica a las mujeres y hace de esas cosas su diversi\u00f3n, adem\u00e1s es grosero y mis\u00f3gino. Pero ya no lo ven as\u00ed. Lo ven divertido, sano y creativo.<\/p>\n\n\n\n<p class=\"wp-block-paragraph\">As\u00ed lo public\u00f3 en su feis un miembro del Consejo Estatal de Morena. Que con sus cambios de criterio solo demuestra su incultura pol\u00edtica y su vocaci\u00f3n de sumisi\u00f3n a la titular del Ejecutivo, es decir, todo lo que haga la titular del Ejecutivo est\u00e1 bien y no hay m\u00e1s discusi\u00f3n. La zalamer\u00eda es primero.<\/p>\n\n\n\n<p class=\"wp-block-paragraph\">Contrataron a Los Tigres del Norte para hacerle un homenaje a Miguel \u00c1ngel F\u00e9lix Gallardo, un narco de la d\u00e9cada de los 80, el <em>Jefe de jefes<\/em>.<\/p>\n\n\n\n<p class=\"wp-block-paragraph\">La Casa de Gobierno, que en un video publicado en los tiempos del proceso de la entrega-recepci\u00f3n, la mostraron vac\u00eda, saqueada, como una muestra tangible de cinismo y la corrupci\u00f3n del r\u00e9gimen de Nacho Peralta -al que ella perteneci\u00f3 y finge demencia-. El video lo remata prometiendo categ\u00f3ricamente que eso se acab\u00f3 y los signos del cambio se ver\u00e1n en ella (la casa) porque la convertir\u00e1 en un albergue para mujeres v\u00edctimas de violencia intrafamiliar o tentativamente en un albergue para discapacitados o personas con padecimientos de adicciones a las drogas.<\/p>\n\n\n\n<p class=\"wp-block-paragraph\">No sucedi\u00f3 as\u00ed\u2026 nada de eso ocurri\u00f3\u2026 p\u00fablicamente est\u00e1 documentado que la Casa de Gobierno la convirti\u00f3 en la <strong>Cantina de las Amiguis<\/strong>.\u00a0<\/p>\n\n\n\n<p class=\"wp-block-paragraph\"><em>*Fotograf\u00eda construida con im\u00e1genes tomadas de redes sociales.<\/em><\/p>\n<div class=\"fb-background-color\">\n\t\t\t  <div \n\t\t\t  \tclass = \"fb-comments\" \n\t\t\t  \tdata-href = \"https:\/\/diarioavanzada.com.mx\/?p=50043\"\n\t\t\t  \tdata-numposts = \"10\"\n\t\t\t  \tdata-lazy = \"true\"\n\t\t\t\tdata-colorscheme = \"light\"\n\t\t\t\tdata-order-by = \"social\"\n\t\t\t\tdata-mobile=true>\n\t\t\t  <\/div><\/div>\n\t\t  <style>\n\t\t    .fb-background-color {\n\t\t\t\tbackground:  !important;\n\t\t\t}\n\t\t\t.fb_iframe_widget_fluid_desktop iframe {\n\t\t\t    width: 100% !important;\n\t\t\t}\n\t\t  <\/style>\n\t\t  ","protected":false},"excerpt":{"rendered":"<p>Columna El Puercoesp\u00edn \u00bfHubiera querido fallar el penal?&nbsp;Le preguntaron:&nbsp;&#8216;Por un momento s\u00ed lo pens\u00e9,&nbsp;pero al final uno es profesional y se le viene a la cabeza las veces en las que uno est\u00e1 del otro lado, y no, los rivales no te perdonan&#8217;, contest\u00f3 el seleccionado del Tri, Andr\u00e9s Guardado. Se trataba de la Copa [&hellip;]<\/p>\n","protected":false},"author":9,"featured_media":50044,"comment_status":"closed","ping_status":"closed","sticky":false,"template":"","format":"standard","meta":{"_coblocks_attr":"","_coblocks_dimensions":"","_coblocks_responsive_height":"","_coblocks_accordion_ie_support":"","advanced_seo_description":"","jetpack_seo_html_title":"","jetpack_seo_noindex":false,"jetpack_seo_schema_type":"","_jetpack_newsletter_access":"","_jetpack_dont_email_post_to_subs":false,"_jetpack_newsletter_tier_id":0,"_jetpack_memberships_contains_paywalled_content":false,"_wpcom_ai_launchpad_first_post":false,"_jetpack_feature_clip_id":0,"_jetpack_memberships_contains_paid_content":false,"footnotes":"","jetpack_post_was_ever_published":false},"categories":[19,209,24],"tags":[220,210],"class_list":["post-50043","post","type-post","status-publish","format-standard","has-post-thumbnail","hentry","category-colima","category-importantes","category-opinion","tag-opinion","tag-portada"],"jetpack-related-posts":[],"jetpack_sharing_enabled":true,"amp_enabled":true,"jetpack_featured_media_url":"https:\/\/diarioavanzada.com.mx\/wp-content\/uploads\/2023\/11\/Imagen-de-WhatsApp-2023-11-06-a-las-09.05.02_a9be424d.jpg","_links":{"self":[{"href":"https:\/\/diarioavanzada.com.mx\/index.php?rest_route=\/wp\/v2\/posts\/50043","targetHints":{"allow":["GET"]}}],"collection":[{"href":"https:\/\/diarioavanzada.com.mx\/index.php?rest_route=\/wp\/v2\/posts"}],"about":[{"href":"https:\/\/diarioavanzada.com.mx\/index.php?rest_route=\/wp\/v2\/types\/post"}],"author":[{"embeddable":true,"href":"https:\/\/diarioavanzada.com.mx\/index.php?rest_route=\/wp\/v2\/users\/9"}],"replies":[{"embeddable":true,"href":"https:\/\/diarioavanzada.com.mx\/index.php?rest_route=%2Fwp%2Fv2%2Fcomments&post=50043"}],"version-history":[{"count":4,"href":"https:\/\/diarioavanzada.com.mx\/index.php?rest_route=\/wp\/v2\/posts\/50043\/revisions"}],"predecessor-version":[{"id":50049,"href":"https:\/\/diarioavanzada.com.mx\/index.php?rest_route=\/wp\/v2\/posts\/50043\/revisions\/50049"}],"wp:featuredmedia":[{"embeddable":true,"href":"https:\/\/diarioavanzada.com.mx\/index.php?rest_route=\/wp\/v2\/media\/50044"}],"wp:attachment":[{"href":"https:\/\/diarioavanzada.com.mx\/index.php?rest_route=%2Fwp%2Fv2%2Fmedia&parent=50043"}],"wp:term":[{"taxonomy":"category","embeddable":true,"href":"https:\/\/diarioavanzada.com.mx\/index.php?rest_route=%2Fwp%2Fv2%2Fcategories&post=50043"},{"taxonomy":"post_tag","embeddable":true,"href":"https:\/\/diarioavanzada.com.mx\/index.php?rest_route=%2Fwp%2Fv2%2Ftags&post=50043"}],"curies":[{"name":"wp","href":"https:\/\/api.w.org\/{rel}","templated":true}]}}