{"id":49981,"date":"2023-11-02T08:36:39","date_gmt":"2023-11-02T14:36:39","guid":{"rendered":"https:\/\/diarioavanzada.com.mx\/?p=49981"},"modified":"2023-11-02T08:36:45","modified_gmt":"2023-11-02T14:36:45","slug":"revocacion-de-mandato-obligatoria","status":"publish","type":"post","link":"https:\/\/diarioavanzada.com.mx\/?p=49981","title":{"rendered":"Revocaci\u00f3n de mandato obligatoria"},"content":{"rendered":"\n<p class=\"wp-block-paragraph\">Columna<\/p>\n\n\n\n<p class=\"wp-block-paragraph\">El Puercoesp\u00edn&nbsp;<\/p>\n\n\n\n<p class=\"wp-block-paragraph\">La sociedad pol\u00edtica colimense -todos los partidos incluidos- no parece darse por enterada de las demandas de la sociedad que buscan gobiernos sin corrupci\u00f3n y que \u00e9stos cumplan con las propuestas publicitadas en las campa\u00f1as pol\u00edticas, es decir, un proyecto m\u00ednimo.<\/p>\n\n\n\n<p class=\"wp-block-paragraph\">La sociedad tambi\u00e9n est\u00e1 demandando consistentemente la legislaci\u00f3n que d\u00e9 vida a instrumentos concretos para destituir al gobierno electo, en el caso de no ajustarse a los est\u00e1ndares de eficacia y no cumplir con \u00edndices aceptables de probidad.<\/p>\n\n\n\n<p class=\"wp-block-paragraph\">Contrariamente, todos los partidos y los gobiernos que encabezan dedican toda su fuerza pol\u00edtica para alejarse de la sociedad y que \u00e9sta \u00faltima participe, lo menos posible, en la vida p\u00fablica para ellos hacer y deshacer a discrecionalidad.<\/p>\n\n\n\n<p class=\"wp-block-paragraph\">Cada d\u00eda, con m\u00e1s fuerza y elevaci\u00f3n de voces, las sociedades locales est\u00e1n demandando la legislaci\u00f3n de instrumentos democr\u00e1ticos como revocaci\u00f3n de mandato y consulta popular.<\/p>\n\n\n\n<p class=\"wp-block-paragraph\">La revocaci\u00f3n de mandato, en Colima, est\u00e1 aprobada a medias y con la total convicci\u00f3n del gobierno estatal y los partidos de oposici\u00f3n de imponer toda suerte de trabas y requisitos para que, en la pr\u00e1ctica, la revocaci\u00f3n de mandato se convierta en un instrumento dif\u00edcil de aplicar, provocando el des\u00e1nimo de los ciudadanos y \u00e9stos terminen por rendirse y no buscar m\u00e1s la instrumentaci\u00f3n del mecanismo democr\u00e1tico.<\/p>\n\n\n\n<p class=\"wp-block-paragraph\">Revocaci\u00f3n de mandato sin tr\u00e1mites<\/p>\n\n\n\n<p class=\"wp-block-paragraph\">Los gobernadores, por ley, deber\u00edan de poner a disposici\u00f3n de los ciudadanos su puesto en las elecciones intermedias sin que nadie lo demande ni interponga solicitudes de aplicaci\u00f3n ninguna.<\/p>\n\n\n\n<p class=\"wp-block-paragraph\">Todo gobernador, por ley, deber\u00eda poner el cargo a disposici\u00f3n de los ciudadanos haya tenido, o no, buen desempe\u00f1o, lo demanden, o no, parte de la sociedad.<\/p>\n\n\n\n<p class=\"wp-block-paragraph\">En la actualidad para que la revocaci\u00f3n de mandato sea una realidad es necesario cubrir requisitos, casi imposibles, de cumplir por los ciudadanos ordinarios. En la actualidad el inicio del proceso de revocaci\u00f3n de mandato solamente proceder\u00e1 a petici\u00f3n de las personas ciudadanas en un n\u00famero equivalente, al menos, al&nbsp;<strong>diez por ciento<\/strong>&nbsp;de las inscritas en la lista nominal de electores en el estado de Colima, siempre y cuando la solicitud corresponda a por lo menos seis municipios de la entidad y que representen, como m\u00ednimo, el tres por ciento de la lista nominal de electores de cada una (sic) de ellos, pero, debiendo en su conjunto representar cuando menos el diez por ciento del listado estatal de referencia, adem\u00e1s si se llega a realizar el proceso, seg\u00fan el art\u00edculo siete de la Constituci\u00f3n, ser\u00e1 vinculante cuando participen al menos el 40 % de los ciudadanos inscritos en la lista nominal de electores.<\/p>\n\n\n\n<p class=\"wp-block-paragraph\">Adem\u00e1s, el proceso electoral implica gastos y movilizaci\u00f3n despu\u00e9s de un a\u00f1o de haber realizado una elecci\u00f3n intermedia. Lo que significar\u00eda, en t\u00e9rminos reales, vivir en constante procesos electorales desgastantes y seguir en la inoperancia de siempre.<\/p>\n\n\n\n<p class=\"wp-block-paragraph\">Por ello, es importante que los gobernadores pongan a disposici\u00f3n de los ciudadanos en las elecciones intermedias donde los ciudadanos tendr\u00edamos las siguientes ventajas: primero, se eliminar\u00edan los requisitos desgastantes de recaudar firmas; segundo, a los tres primeros a\u00f1os de ejercicio del Ejecutivo se estar\u00eda haciendo una suerte de refer\u00e9ndum sobre su desempe\u00f1o y eficacia en la instrumentaci\u00f3n de proyectos ofrecidos en campa\u00f1a.<\/p>\n\n\n\n<p class=\"wp-block-paragraph\">Lo anterior provocar\u00eda que los gobernadores, si ganan la consulta de permanencia, rectificar o ahondar en sus m\u00e9todos de desempe\u00f1o; o en su caso, hacer las modificaciones necesarias para rectificar y mejorar su trabajo.<\/p>\n\n\n\n<p class=\"wp-block-paragraph\">Y en caso de perder ser\u00eda relevado en su puesto en una elecci\u00f3n extraordinaria.<\/p>\n\n\n\n<p class=\"wp-block-paragraph\">Poner a disposici\u00f3n de los ciudadanos el cargo en las elecciones intermedias provocar\u00eda que los gobernadores se aplicaran en su trabajo y procurar\u00edan resultados tangibles.<\/p>\n\n\n\n<p class=\"wp-block-paragraph\">Los desempe\u00f1os gubernamentales de Mario Anguiano Moreno y Jos\u00e9 Ignacio Peralta S\u00e1nchez fueron para el olvido; sin embargo, los colimense tuvimos que aguantarlos hasta el final de sus periodos constitucionales porque, en la ley, no exist\u00eda el instrumento necesario para revocarles el mandato.<\/p>\n\n\n\n<p class=\"wp-block-paragraph\">Indira Vizca\u00edno Silva en los a\u00f1os que lleva al frente del Poder Ejecutivo ha tenido un p\u00e9simo desempe\u00f1o; sin embargo, aunque existe la ley de revocaci\u00f3n de mandato, ella, los diputados de Morena y sus aliados como el PT y el Verde en el Congreso, as\u00ed como parte de la oposici\u00f3n se han unido para que no se aplique la ley de revocaci\u00f3n de mandato sino hasta terminando su periodo.<\/p>\n\n\n\n<p class=\"wp-block-paragraph\">Como lo hemos experimentado los colimenses toda la sociedad pol\u00edtica ha luchado, de una forma u otra, en hacer casi imposible aplicar la ley de revocaci\u00f3n de mandato, para ellos, permanecer impunes en el poder haciendo y robando a manos anchas.<\/p>\n\n\n\n<p class=\"wp-block-paragraph\">La revocaci\u00f3n de mandato debe ser expedita, para ello, es necesario que los gobernadores pongan a disposici\u00f3n de los ciudadanos su puesto en las elecciones intermedias obligatoriamente, por lo tanto, ganar\u00edamos todos y nos ahorrar\u00edamos esfuerzo y dinero que, bien podr\u00eda emplearse, en programas de beneficio universal.<\/p>\n<div class=\"fb-background-color\">\n\t\t\t  <div \n\t\t\t  \tclass = \"fb-comments\" \n\t\t\t  \tdata-href = \"https:\/\/diarioavanzada.com.mx\/?p=49981\"\n\t\t\t  \tdata-numposts = \"10\"\n\t\t\t  \tdata-lazy = \"true\"\n\t\t\t\tdata-colorscheme = \"light\"\n\t\t\t\tdata-order-by = \"social\"\n\t\t\t\tdata-mobile=true>\n\t\t\t  <\/div><\/div>\n\t\t  <style>\n\t\t    .fb-background-color {\n\t\t\t\tbackground:  !important;\n\t\t\t}\n\t\t\t.fb_iframe_widget_fluid_desktop iframe {\n\t\t\t    width: 100% !important;\n\t\t\t}\n\t\t  <\/style>\n\t\t  ","protected":false},"excerpt":{"rendered":"<p>Columna El Puercoesp\u00edn&nbsp; La sociedad pol\u00edtica colimense -todos los partidos incluidos- no parece darse por enterada de las demandas de la sociedad que buscan gobiernos sin corrupci\u00f3n y que \u00e9stos cumplan con las propuestas publicitadas en las campa\u00f1as pol\u00edticas, es decir, un proyecto m\u00ednimo. La sociedad tambi\u00e9n est\u00e1 demandando consistentemente la legislaci\u00f3n que d\u00e9 vida [&hellip;]<\/p>\n","protected":false},"author":9,"featured_media":49983,"comment_status":"closed","ping_status":"closed","sticky":false,"template":"","format":"standard","meta":{"_coblocks_attr":"","_coblocks_dimensions":"","_coblocks_responsive_height":"","_coblocks_accordion_ie_support":"","advanced_seo_description":"","jetpack_seo_html_title":"","jetpack_seo_noindex":false,"jetpack_seo_schema_type":"","_jetpack_newsletter_access":"","_jetpack_dont_email_post_to_subs":false,"_jetpack_newsletter_tier_id":0,"_jetpack_memberships_contains_paywalled_content":false,"_wpcom_ai_launchpad_first_post":false,"_jetpack_feature_clip_id":0,"_jetpack_memberships_contains_paid_content":false,"footnotes":"","jetpack_post_was_ever_published":false},"categories":[19,209,24],"tags":[220,210],"class_list":["post-49981","post","type-post","status-publish","format-standard","has-post-thumbnail","hentry","category-colima","category-importantes","category-opinion","tag-opinion","tag-portada"],"jetpack-related-posts":[],"jetpack_sharing_enabled":true,"amp_enabled":true,"jetpack_featured_media_url":"https:\/\/diarioavanzada.com.mx\/wp-content\/uploads\/2023\/11\/Imagen-de-WhatsApp-2023-11-02-a-las-08.34.08_8fb5f9ac.jpg","_links":{"self":[{"href":"https:\/\/diarioavanzada.com.mx\/index.php?rest_route=\/wp\/v2\/posts\/49981","targetHints":{"allow":["GET"]}}],"collection":[{"href":"https:\/\/diarioavanzada.com.mx\/index.php?rest_route=\/wp\/v2\/posts"}],"about":[{"href":"https:\/\/diarioavanzada.com.mx\/index.php?rest_route=\/wp\/v2\/types\/post"}],"author":[{"embeddable":true,"href":"https:\/\/diarioavanzada.com.mx\/index.php?rest_route=\/wp\/v2\/users\/9"}],"replies":[{"embeddable":true,"href":"https:\/\/diarioavanzada.com.mx\/index.php?rest_route=%2Fwp%2Fv2%2Fcomments&post=49981"}],"version-history":[{"count":2,"href":"https:\/\/diarioavanzada.com.mx\/index.php?rest_route=\/wp\/v2\/posts\/49981\/revisions"}],"predecessor-version":[{"id":49984,"href":"https:\/\/diarioavanzada.com.mx\/index.php?rest_route=\/wp\/v2\/posts\/49981\/revisions\/49984"}],"wp:featuredmedia":[{"embeddable":true,"href":"https:\/\/diarioavanzada.com.mx\/index.php?rest_route=\/wp\/v2\/media\/49983"}],"wp:attachment":[{"href":"https:\/\/diarioavanzada.com.mx\/index.php?rest_route=%2Fwp%2Fv2%2Fmedia&parent=49981"}],"wp:term":[{"taxonomy":"category","embeddable":true,"href":"https:\/\/diarioavanzada.com.mx\/index.php?rest_route=%2Fwp%2Fv2%2Fcategories&post=49981"},{"taxonomy":"post_tag","embeddable":true,"href":"https:\/\/diarioavanzada.com.mx\/index.php?rest_route=%2Fwp%2Fv2%2Ftags&post=49981"}],"curies":[{"name":"wp","href":"https:\/\/api.w.org\/{rel}","templated":true}]}}