{"id":49541,"date":"2023-10-19T08:41:15","date_gmt":"2023-10-19T14:41:15","guid":{"rendered":"https:\/\/diarioavanzada.com.mx\/?p=49541"},"modified":"2023-10-19T08:41:20","modified_gmt":"2023-10-19T14:41:20","slug":"la-suprema-corte-peor-que-un-verdugo","status":"publish","type":"post","link":"https:\/\/diarioavanzada.com.mx\/?p=49541","title":{"rendered":"La Suprema Corte, peor que un verdugo"},"content":{"rendered":"\n<p class=\"wp-block-paragraph\">Columna<\/p>\n\n\n\n<p class=\"wp-block-paragraph\">El puercoesp\u00edn<\/p>\n\n\n\n<p class=\"wp-block-paragraph\">\u201cLa historia que voy a contar, empieza una noche en la que la polic\u00eda viol\u00f3 la Constituci\u00f3n.\u201d La anterior es la primera l\u00ednea de la novela <em>Dos cr\u00edmenes<\/em> de Jorge Ibarg\u00fcengoitia. Cuando le\u00ed la novela dur\u00e9 buen rato ri\u00e9ndome. La versi\u00f3n cinematogr\u00e1fica inicia con esta misma l\u00ednea escrita en la pantalla y cuando los espectadores la leen, las carcajadas estallan espont\u00e1nea y estridentemente.<\/p>\n\n\n\n<p class=\"wp-block-paragraph\">Hablar, escribir, comentar del Poder Judicial en M\u00e9xico, es hablar del d\u00eda en que fue violada la Constituci\u00f3n.<\/p>\n\n\n\n<p class=\"wp-block-paragraph\">Los gobiernos del Prian trataron junto con sus intelectuales corporativos, medios de comunicaci\u00f3n masiva y coment\u00f3cratas, hacer valida la versi\u00f3n de que en M\u00e9xico la corrupci\u00f3n empieza en la calle con el viene viene y el polic\u00eda de crucero, pero no, la realidad nos ha demostrado que la corrupci\u00f3n es propia de los altos bur\u00f3cratas y empresarios de la naci\u00f3n.<\/p>\n\n\n\n<p class=\"wp-block-paragraph\">La Suprema Corte es un nido de ratas y corruptos bien vestidos, bien comidos y rodeados de empleados que los asisten con vocaci\u00f3n de esclavos.<\/p>\n\n\n\n<p class=\"wp-block-paragraph\">La Constituci\u00f3n fue modificada por el actual r\u00e9gimen para que nadie ganara m\u00e1s que el presidente, como una forma de controlar la corrupci\u00f3n en el aparto Estatal; sin embargo, la oposici\u00f3n minoritaria y los mismos jueces inventaron una leguleyada para violar la Constituci\u00f3n. Gracias a ellos mismos los ministros conservaron sus escandalosos salarios de cerca de 400 mil pesos mensuales, m\u00e1s prestaciones.<\/p>\n\n\n\n<p class=\"wp-block-paragraph\">Los maestros jubilados y todos los bur\u00f3cratas jubilados a partir de 2007 fuimos objeto de la injusticia de los bribones magistrados que, sin sentimiento humano alguno, hicieron lo siguiente: eliminaron las pensiones solidarias y crearon las cuentas individuales; nos aplicaron la reforma de la ley Issste en forma retroactiva; pusieron un tope a las pensiones; no otorgan las pensiones en salarios m\u00ednimos sino en Umas. Todo con la intenci\u00f3n de perjudicar a los bur\u00f3cratas jubilados.<\/p>\n\n\n\n<p class=\"wp-block-paragraph\">Recuerdo bien, aquella sesi\u00f3n donde se resolvieron los 750 mil amparos de los maestros y bur\u00f3cratas, que el c\u00ednico y sinverg\u00fcenza magistrado Mariano Azuela intent\u00f3 ponerles un tope a las pensiones de 11 mil pesos. Los dem\u00e1s magistrados lo vieron feo, con cara de pocos amigos y el sujeto recul\u00f3 con su propuesta y la cola entre las patas.<\/p>\n\n\n\n<p class=\"wp-block-paragraph\">El tope que pusieron a las pensiones del Issste, alcanza hoy, hasta 31 mil 500 pesos y como los miembros del Poder Judicial cotizan al Issste tambi\u00e9n se vieron afectados con la medida.<\/p>\n\n\n\n<p class=\"wp-block-paragraph\">Pero \u00a1Oh! Sorpresa, resulta que los abnegados y sufridos miembros del Poder Judicial no se midieron con la misma varada y se sacaron de la manga un fideicomiso para ellos mismos otorgarse una pensi\u00f3n complementaria y sumarla a la que les otorga en forma legal el Issste y ya presupuestada. Es decir que los magistrados de distrito o jueces de distrito y mandos superiores de la Suprema Corte de Justicia de la Naci\u00f3n reciben aproximadamente 31 mil quinitos pesos de su pensi\u00f3n legal que otorga el Issste a un empleado en el rango m\u00e1s alto y el Poder Judicial v\u00eda fideicomisos les otorga la diferencia para que su pensi\u00f3n alcance la cifra de 120 mil pesos. Con lo anterior nos est\u00e1n diciendo \u201cque se chinguen la mayor\u00eda, pero nosotros estamos aparte\u201d.<\/p>\n\n\n\n<p class=\"wp-block-paragraph\">Los miembros de la Poder Judicial se creen sempiternos. Reciben una pensi\u00f3n muy superior al resto de mortales de un pa\u00eds pobre llamado M\u00e9xico.<\/p>\n\n\n\n<p class=\"wp-block-paragraph\">La ley del Issste de 2007, decretada por Felipe Calder\u00f3n, conden\u00f3 a todos los jubilados a recibir pensiones raqu\u00edticas, pero ellos, vaquetonamente, crean un fideicomiso especial para darle la vuelta a ley. Son unos jueces inicuos. Solo piensan en ellos, primero ellos y luego ellos.<\/p>\n\n\n\n<p class=\"wp-block-paragraph\">Por otro lado, los maestros y los trabajadores jubilados al servicio del Estado siempre han recibido fallos en su contra, como en el caso de sus amparos para recibir pensiones justas. Por ejemplo, el &nbsp;pleno de la Suprema Corte, aval\u00f3 el proyecto del mismo ministro Luis Mar\u00eda Morales Aguilar, por el que les neg\u00f3 el amparo para que las jubilaciones no se paguen en salarios m\u00ednimos, con el argumento de que ser\u00eda un gran costo en el presupuesto, e ir\u00f3nicamente, hoy piden un incremento para sus excesivos y desproporcionados&nbsp; salarios; sin embargo, ellos no dudan un instante cuando los fallos son a su favor (son juez y parte) y les importa muy poco el da\u00f1o inmenso y costoso para la naci\u00f3n.<\/p>\n\n\n\n<p class=\"wp-block-paragraph\">Son jueces inicuos. Violan sistem\u00e1ticamente la Constituci\u00f3n.<\/p>\n\n\n\n<p class=\"wp-block-paragraph\">La frase \u201cUn juez injusto es peor que un ladr\u00f3n\u201d y su variante \u201cUn juez inicuo es peor que un verdugo\u201d se le atribuye a Plat\u00f3n, aunque no existen evidencias. Tambi\u00e9n se le atribuye a S\u00f3crates y Cicer\u00f3n.<\/p>\n\n\n\n<p class=\"wp-block-paragraph\">Lo \u00fanico que estoy cierto es que la historia del Poder Judicial como la novela <em>Dos Cr\u00edmenes<\/em> tendr\u00e1n siempre la primera l\u00ednea de inicio: \u201cLa historia que voy a contar, empieza una noche en la que fue violada la Constituci\u00f3n.\u201d<\/p>\n\n\n\n<p class=\"wp-block-paragraph\">Y los jueces en M\u00e9xico son peores que los verdugos.<\/p>\n\n\n\n<p class=\"wp-block-paragraph\">Esta es la historia de un fideicomiso solo. Lo bueno es que el Congreso va a eliminar trece. Pero la Suprema Corte y la oposici\u00f3n ya est\u00e1n trabajando para declarar inconstitucional la ley del presupuesto que es facultad del Poder Legislativo. Su vocaci\u00f3n golpista est\u00e1 en su corrupto ADN, pero a nosotros no nos enga\u00f1an. Abusar\u00e1n, pero no nos enga\u00f1an.&nbsp;&nbsp;<\/p>\n\n\n\n<p class=\"wp-block-paragraph\">Los maestros jubilados y todos los trabajadores del Estado jubilados tenemos bien presente que la Suprema Corte de Justicia de la Naci\u00f3n son unos cerdos, con togas, perfumes, autos y comidas finas, pero sus almas est\u00e1n estercoladas por la corrupci\u00f3n.&nbsp;<\/p>\n<div class=\"fb-background-color\">\n\t\t\t  <div \n\t\t\t  \tclass = \"fb-comments\" \n\t\t\t  \tdata-href = \"https:\/\/diarioavanzada.com.mx\/?p=49541\"\n\t\t\t  \tdata-numposts = \"10\"\n\t\t\t  \tdata-lazy = \"true\"\n\t\t\t\tdata-colorscheme = \"light\"\n\t\t\t\tdata-order-by = \"social\"\n\t\t\t\tdata-mobile=true>\n\t\t\t  <\/div><\/div>\n\t\t  <style>\n\t\t    .fb-background-color {\n\t\t\t\tbackground:  !important;\n\t\t\t}\n\t\t\t.fb_iframe_widget_fluid_desktop iframe {\n\t\t\t    width: 100% !important;\n\t\t\t}\n\t\t  <\/style>\n\t\t  ","protected":false},"excerpt":{"rendered":"<p>Columna El puercoesp\u00edn \u201cLa historia que voy a contar, empieza una noche en la que la polic\u00eda viol\u00f3 la Constituci\u00f3n.\u201d La anterior es la primera l\u00ednea de la novela Dos cr\u00edmenes de Jorge Ibarg\u00fcengoitia. Cuando le\u00ed la novela dur\u00e9 buen rato ri\u00e9ndome. La versi\u00f3n cinematogr\u00e1fica inicia con esta misma l\u00ednea escrita en la pantalla y [&hellip;]<\/p>\n","protected":false},"author":9,"featured_media":49548,"comment_status":"closed","ping_status":"closed","sticky":false,"template":"","format":"standard","meta":{"_coblocks_attr":"","_coblocks_dimensions":"","_coblocks_responsive_height":"","_coblocks_accordion_ie_support":"","advanced_seo_description":"","jetpack_seo_html_title":"","jetpack_seo_noindex":false,"jetpack_seo_schema_type":"","_jetpack_newsletter_access":"","_jetpack_dont_email_post_to_subs":false,"_jetpack_newsletter_tier_id":0,"_jetpack_memberships_contains_paywalled_content":false,"_wpcom_ai_launchpad_first_post":false,"_jetpack_feature_clip_id":0,"_jetpack_memberships_contains_paid_content":false,"footnotes":"","jetpack_post_was_ever_published":false},"categories":[19,209,24],"tags":[220,210],"class_list":["post-49541","post","type-post","status-publish","format-standard","has-post-thumbnail","hentry","category-colima","category-importantes","category-opinion","tag-opinion","tag-portada"],"jetpack-related-posts":[],"jetpack_sharing_enabled":true,"amp_enabled":true,"jetpack_featured_media_url":"https:\/\/diarioavanzada.com.mx\/wp-content\/uploads\/2023\/10\/aa-33.jpg","_links":{"self":[{"href":"https:\/\/diarioavanzada.com.mx\/index.php?rest_route=\/wp\/v2\/posts\/49541","targetHints":{"allow":["GET"]}}],"collection":[{"href":"https:\/\/diarioavanzada.com.mx\/index.php?rest_route=\/wp\/v2\/posts"}],"about":[{"href":"https:\/\/diarioavanzada.com.mx\/index.php?rest_route=\/wp\/v2\/types\/post"}],"author":[{"embeddable":true,"href":"https:\/\/diarioavanzada.com.mx\/index.php?rest_route=\/wp\/v2\/users\/9"}],"replies":[{"embeddable":true,"href":"https:\/\/diarioavanzada.com.mx\/index.php?rest_route=%2Fwp%2Fv2%2Fcomments&post=49541"}],"version-history":[{"count":2,"href":"https:\/\/diarioavanzada.com.mx\/index.php?rest_route=\/wp\/v2\/posts\/49541\/revisions"}],"predecessor-version":[{"id":49549,"href":"https:\/\/diarioavanzada.com.mx\/index.php?rest_route=\/wp\/v2\/posts\/49541\/revisions\/49549"}],"wp:featuredmedia":[{"embeddable":true,"href":"https:\/\/diarioavanzada.com.mx\/index.php?rest_route=\/wp\/v2\/media\/49548"}],"wp:attachment":[{"href":"https:\/\/diarioavanzada.com.mx\/index.php?rest_route=%2Fwp%2Fv2%2Fmedia&parent=49541"}],"wp:term":[{"taxonomy":"category","embeddable":true,"href":"https:\/\/diarioavanzada.com.mx\/index.php?rest_route=%2Fwp%2Fv2%2Fcategories&post=49541"},{"taxonomy":"post_tag","embeddable":true,"href":"https:\/\/diarioavanzada.com.mx\/index.php?rest_route=%2Fwp%2Fv2%2Ftags&post=49541"}],"curies":[{"name":"wp","href":"https:\/\/api.w.org\/{rel}","templated":true}]}}