{"id":49391,"date":"2023-10-16T07:24:51","date_gmt":"2023-10-16T13:24:51","guid":{"rendered":"https:\/\/diarioavanzada.com.mx\/?p=49391"},"modified":"2023-10-16T07:24:55","modified_gmt":"2023-10-16T13:24:55","slug":"los-discursos-enfrentados-de-claudia-y-hugo-lopez-gatell","status":"publish","type":"post","link":"https:\/\/diarioavanzada.com.mx\/?p=49391","title":{"rendered":"Los discursos enfrentados de Claudia y Hugo L\u00f3pez-Gatell"},"content":{"rendered":"\n<p class=\"wp-block-paragraph\">Columna<\/p>\n\n\n\n<p class=\"wp-block-paragraph\">El puercoesp\u00edn&nbsp;<\/p>\n\n\n\n<p class=\"wp-block-paragraph\">Claudia en su gira nacional de la unidad portando el bast\u00f3n de mando -el que le dio el presidente- se presenta en los estados con un discurso de unidad, es un llamado a que la gente se sume a los gobernadores. La unidad la propone con base en la esperanza: unidad y movilizaci\u00f3n es la s\u00edntesis.<\/p>\n\n\n\n<p class=\"wp-block-paragraph\">En cada estado inicia sus discursos, asumiendo como propias, como patrimonio y legado del movimiento, las obras de infraestructura hechas por el actual sexenio, as\u00ed como los programas sociales; inmediatamente los liga con el fin de la corrupci\u00f3n, el fin de los privilegios de la burocracia dorada y de los empresarios ligados a los reg\u00edmenes pasados; no sin dejar de adosarle los valores como: no robar, no mentir, no traicionar. Estos \u00faltimos convertidos en mera ret\u00f3rica.&nbsp;<\/p>\n\n\n\n<p class=\"wp-block-paragraph\">La unidad la planea como una alianza con el pueblo y su pol\u00edtica de g\u00e9nero publicitaria denominada: \u201cTiempo de Mujeres\u201d, no falta en todos los eventos.<\/p>\n\n\n\n<p class=\"wp-block-paragraph\">Todo lo envuelve en el denominado, por el presidente de la Rep\u00fablica, humanismo mexicano, para presentarse como heredera leg\u00edtima ungida del presidente, luego entonces, del movimiento de la Cuarta Transformaci\u00f3n.<\/p>\n\n\n\n<p class=\"wp-block-paragraph\">La unida es b\u00e1sica porque sin unidad se pierde -siempre afirma categ\u00f3ricamente-, luego, inmediatamente, pone el ejemplo de Coahuila, es decir, que la unidad termina por significar subordinaci\u00f3n ante los l\u00edderes del centro del pa\u00eds que son los que manda. Sin subordinaci\u00f3n no hay triunfos.<\/p>\n\n\n\n<p class=\"wp-block-paragraph\">La unidad tiene metas bien precisas: ganar la Presidencia de la Rep\u00fablica; obtener tres cuartas partes del Congreso de la Uni\u00f3n y arrasar con las 9 gubernaturas en juego y las diputaciones locales.<\/p>\n\n\n\n<p class=\"wp-block-paragraph\">Luego viene lo concreto.<\/p>\n\n\n\n<p class=\"wp-block-paragraph\">El discurso cobra sentido y concreci\u00f3n con la firma de los Acuerdos de Unidad por la Transformaci\u00f3n. Estos acuerdos no son otra cosa que la integraci\u00f3n de antiguos enemigos de la causa que, seg\u00fan Claudia, ya son hombres y mujeres buenos que como ella misma dice \u201calgunos que parec\u00edan no cruzar nuestro camino se han unido.\u201d<\/p>\n\n\n\n<p class=\"wp-block-paragraph\">Corruptos, ladrones, golpeadores, saqueadores, rateros y traidores a la patria, entre otros, son invitados a integrarse a la causa y volverse buenos, incluso sin redimirse, -vaya problema-. En Colima por ejemplo integraron, entre otros, a Leoncio Mor\u00e1n, un ladr\u00f3n de cuotas sindicales que jam\u00e1s enter\u00f3 al instituto de pensiones; en Tabasco integraron a Manuel Ordo\u00f1ez Gal\u00e1n, un porro que a garrotazo limpio reprimi\u00f3 a los partidarios de Andr\u00e9s Manuel L\u00f3pez Obrador en 1994, para defender el fraude cometido por Roberto Madrazo; o Rommel Pacheco que fue declarado traidor a la patria por haber votado a favor de entregar los recursos energ\u00e9ticos a los extranjeros, hoy todos son buena ondita, gracias al Acuerdo de Unidad por la Transformaci\u00f3n. Los corruptos se integran a Morena con el permiso de todos. Todos son amigos.<\/p>\n\n\n\n<p class=\"wp-block-paragraph\">Otra manera de concretizar los acuerdos de unidad, organizaci\u00f3n y movilizaci\u00f3n son los nombramientos de ex funcionarios de la CDMX, ex legisladores y funcionarios estatales para crear una estructura militante, es decir, que tiene la misi\u00f3n de organizar al partido para la defensa electoral y establecer los nexos org\u00e1nicos con los gobernadores donde morena gobierna.<\/p>\n\n\n\n<p class=\"wp-block-paragraph\">Se est\u00e1 creando una superestructura, desde el equipo de Claudia, que operar\u00e1 como el partido de facto en coordinaci\u00f3n con los gobernadores. El partido queda anulado, desaparecido. Sustituci\u00f3n que se inici\u00f3, por cierto, desde el nombramiento de los superdelegados.<\/p>\n\n\n\n<p class=\"wp-block-paragraph\"><strong>Antes la cohesi\u00f3n de Morena, su pegamento, era \u201cMorena, la esperanza de M\u00e9xico\u201d (hab\u00eda una m\u00edstica real y militante). Hoy, con Claudia, el pegamento que une a los morenistas es el poder de la n\u00f3mina.<\/strong><\/p>\n\n\n\n<p class=\"wp-block-paragraph\">El discurso de Hugo L\u00f3pez -Gatell<\/p>\n\n\n\n<p class=\"wp-block-paragraph\">El subsecretario de Salud y responsable de la pasada pandemia en M\u00e9xico y actual aspirante a la candidatura de Morena a la CDMX tiene un discurso diametralmente opuesto. Su discurso es una visi\u00f3n de izquierda distinto, m\u00e1s abierto y directo.<\/p>\n\n\n\n<p class=\"wp-block-paragraph\">En dos entrevistas, en medios tradicionales, Hugo fue capaz de poner en su lugar a dos comunicadores experimentados y f\u00e9rreos enemigos de la 4T, Ciro G\u00f3mez Leyva y Ren\u00e9 Delgado. Ambos fueron incapaces de sostener un debate con un protagonista del gobierno federal cara a cara.<\/p>\n\n\n\n<p class=\"wp-block-paragraph\">Qu\u00e9 plantea Hugo. El doctor en sus encuentros en su campo concreto -la Salud- plante\u00f3 frente a ellos la necesidad de acabar con las mafias que controlan los medicamentos y encarecen la medicina e inaccesible para las mayor\u00edas. Lo mismo aplic\u00f3 para los medios de comunicaci\u00f3n tradicionales. Los exhibi\u00f3 como facciosos, mal intencionados, corruptos, mentirosos, ineficaces e in\u00fatiles para la sociedad.<\/p>\n\n\n\n<p class=\"wp-block-paragraph\">En estas dos entrevistas el doctor Hugo plante\u00f3 la necesidad de generar un debate directo y transparente entre la oligarqu\u00eda y la sociedad pol\u00edtica de izquierda.&nbsp; &nbsp;&nbsp;<\/p>\n\n\n\n<p class=\"wp-block-paragraph\">Un debate sin odios, sin reclamos, pero s\u00ed, con valent\u00eda -sin miedo al chantaje-, con transparencia y la b\u00fasqueda de justicia a trav\u00e9s de la equidad. Sin confrontar, pero con firmeza sosteniendo una visi\u00f3n de izquierda.<\/p>\n\n\n\n<p class=\"wp-block-paragraph\">Gatell propone debatir con la derecha a partir de proyectos y definiciones honestas donde queden bien establecidos los campos donde est\u00e1 cada quien y sus proyectos de naci\u00f3n. Propone el empleo de argumentos e ideas, sereno, pero tampoco exento de emociones.<\/p>\n\n\n\n<p class=\"wp-block-paragraph\">El propone un debate que acabe con las mentiras y los mitos de la derecha.<\/p>\n\n\n\n<p class=\"wp-block-paragraph\">Propone construir un debate entre derechas e izquierdas que ponga fin a la frivolidad, las mentiras, los insultos, las ocurrencias baratas, en pocas palabras, propone un debate que deje atr\u00e1s la ruindad, pues se terminan debatiendo ideas demag\u00f3gicas e infantiles.<\/p>\n\n\n\n<p class=\"wp-block-paragraph\">En pocas palabras propone elevar la calidad de la discusi\u00f3n entre las distintas fuerzas pol\u00edticas. El fin de la estridencia, el insulto y la publicidad ruin y mit\u00f3mana. Un debata racional, ideol\u00f3gico, de altura.<\/p>\n\n\n\n<p class=\"wp-block-paragraph\">No olvidemos que la izquierda no ha construido medios alternativos de comunicaci\u00f3n donde se d\u00e9 un debate nacional de m\u00e1s calidad. El \u00fanico instrumento ha sido la Ma\u00f1anera, un instrumento muy personal del presidente. Pero el partido no ha sido capaz de crear medios alternativos, bueno ni partido ni movimiento es a estas alturas.<\/p>\n\n\n\n<p class=\"wp-block-paragraph\">Claudia propone una vuelta al pasado. El ampliar las bases hasta la ignominia. Entre m\u00e1s base de apoyo el proyecto de la izquierda se parece m\u00e1s a la derecha y pierde todo su sentido transformador. Vicente Fox y Calder\u00f3n se aliaron con el PRI y terminaron hundiendo al pa\u00eds al entregarlo por completo a los narcotraficantes.<\/p>\n\n\n\n<p class=\"wp-block-paragraph\">Hoy Claudia est\u00e1 proponiendo carro completo, eso no significa sino tener pr\u00e1cticamente la unanimidad -eliminar la polarizaci\u00f3n le llaman- lo que significa que terminar\u00e1n asumiendo el poder los corruptos del PRI de siempre. Los Acuerdo de la Unidad por la Transformaci\u00f3n no son otra cosa que la entrega formal del poder a los mismos de siempre.<\/p>\n\n\n\n<p class=\"wp-block-paragraph\">El PAN entreg\u00f3 el poder al PRI de nuevo en el 2006 (se les denomin\u00f3 Prian) y terminaron echados del poder. Claudia est\u00e1 proponiendo lo mismo, pero con otras formas. Los gobiernos locales de Morena est\u00e1n llenos de priistas haciendo malos gobiernos. La CDMX est\u00e1 sufriendo lo que se siente la imposici\u00f3n de un impresentable. Ese es un tema que abordar\u00e9 aparte.<\/p>\n\n\n\n<p class=\"wp-block-paragraph\">Morena podr\u00e1 regresar al PRI al poder, pero los ciudadanos los echaremos en su momento, M\u00e9xico es un pa\u00eds altamene politizado, no lo olvidemos. &nbsp;<\/p>\n\n\n\n<p class=\"wp-block-paragraph\">El Prian fue echado en 2018. Solo dur\u00f3 el PAN, nominalmente en el poder, 12 a\u00f1os. Eso no es nada en la vida p\u00fablica de un pa\u00eds.<\/p>\n<div class=\"fb-background-color\">\n\t\t\t  <div \n\t\t\t  \tclass = \"fb-comments\" \n\t\t\t  \tdata-href = \"https:\/\/diarioavanzada.com.mx\/?p=49391\"\n\t\t\t  \tdata-numposts = \"10\"\n\t\t\t  \tdata-lazy = \"true\"\n\t\t\t\tdata-colorscheme = \"light\"\n\t\t\t\tdata-order-by = \"social\"\n\t\t\t\tdata-mobile=true>\n\t\t\t  <\/div><\/div>\n\t\t  <style>\n\t\t    .fb-background-color {\n\t\t\t\tbackground:  !important;\n\t\t\t}\n\t\t\t.fb_iframe_widget_fluid_desktop iframe {\n\t\t\t    width: 100% !important;\n\t\t\t}\n\t\t  <\/style>\n\t\t  ","protected":false},"excerpt":{"rendered":"<p>Columna El puercoesp\u00edn&nbsp; Claudia en su gira nacional de la unidad portando el bast\u00f3n de mando -el que le dio el presidente- se presenta en los estados con un discurso de unidad, es un llamado a que la gente se sume a los gobernadores. La unidad la propone con base en la esperanza: unidad y [&hellip;]<\/p>\n","protected":false},"author":9,"featured_media":49393,"comment_status":"closed","ping_status":"closed","sticky":false,"template":"","format":"standard","meta":{"_coblocks_attr":"","_coblocks_dimensions":"","_coblocks_responsive_height":"","_coblocks_accordion_ie_support":"","advanced_seo_description":"","jetpack_seo_html_title":"","jetpack_seo_noindex":false,"jetpack_seo_schema_type":"","_jetpack_newsletter_access":"","_jetpack_dont_email_post_to_subs":false,"_jetpack_newsletter_tier_id":0,"_jetpack_memberships_contains_paywalled_content":false,"_wpcom_ai_launchpad_first_post":false,"_jetpack_feature_clip_id":0,"_jetpack_memberships_contains_paid_content":false,"footnotes":"","jetpack_post_was_ever_published":false},"categories":[19,209,24],"tags":[220,210],"class_list":["post-49391","post","type-post","status-publish","format-standard","has-post-thumbnail","hentry","category-colima","category-importantes","category-opinion","tag-opinion","tag-portada"],"jetpack-related-posts":[],"jetpack_sharing_enabled":true,"amp_enabled":true,"jetpack_featured_media_url":"https:\/\/diarioavanzada.com.mx\/wp-content\/uploads\/2023\/10\/aa-19.jpg","_links":{"self":[{"href":"https:\/\/diarioavanzada.com.mx\/index.php?rest_route=\/wp\/v2\/posts\/49391","targetHints":{"allow":["GET"]}}],"collection":[{"href":"https:\/\/diarioavanzada.com.mx\/index.php?rest_route=\/wp\/v2\/posts"}],"about":[{"href":"https:\/\/diarioavanzada.com.mx\/index.php?rest_route=\/wp\/v2\/types\/post"}],"author":[{"embeddable":true,"href":"https:\/\/diarioavanzada.com.mx\/index.php?rest_route=\/wp\/v2\/users\/9"}],"replies":[{"embeddable":true,"href":"https:\/\/diarioavanzada.com.mx\/index.php?rest_route=%2Fwp%2Fv2%2Fcomments&post=49391"}],"version-history":[{"count":2,"href":"https:\/\/diarioavanzada.com.mx\/index.php?rest_route=\/wp\/v2\/posts\/49391\/revisions"}],"predecessor-version":[{"id":49394,"href":"https:\/\/diarioavanzada.com.mx\/index.php?rest_route=\/wp\/v2\/posts\/49391\/revisions\/49394"}],"wp:featuredmedia":[{"embeddable":true,"href":"https:\/\/diarioavanzada.com.mx\/index.php?rest_route=\/wp\/v2\/media\/49393"}],"wp:attachment":[{"href":"https:\/\/diarioavanzada.com.mx\/index.php?rest_route=%2Fwp%2Fv2%2Fmedia&parent=49391"}],"wp:term":[{"taxonomy":"category","embeddable":true,"href":"https:\/\/diarioavanzada.com.mx\/index.php?rest_route=%2Fwp%2Fv2%2Fcategories&post=49391"},{"taxonomy":"post_tag","embeddable":true,"href":"https:\/\/diarioavanzada.com.mx\/index.php?rest_route=%2Fwp%2Fv2%2Ftags&post=49391"}],"curies":[{"name":"wp","href":"https:\/\/api.w.org\/{rel}","templated":true}]}}