{"id":49227,"date":"2023-10-09T07:38:37","date_gmt":"2023-10-09T13:38:37","guid":{"rendered":"https:\/\/diarioavanzada.com.mx\/?p=49227"},"modified":"2023-10-09T07:39:22","modified_gmt":"2023-10-09T13:39:22","slug":"crece-la-banda-de-bosque-real","status":"publish","type":"post","link":"https:\/\/diarioavanzada.com.mx\/?p=49227","title":{"rendered":"Crece la Banda de Bosque Real"},"content":{"rendered":"\n<p class=\"wp-block-paragraph\">Columna<\/p>\n\n\n\n<p class=\"wp-block-paragraph\">El puercoesp\u00edn<\/p>\n\n\n\n<p class=\"wp-block-paragraph\">Se autoriza endeudamiento<\/p>\n\n\n\n<p class=\"wp-block-paragraph\">El 31 de agosto de 2022, el Congreso autoriz\u00f3 al Ejecutivo endeudarse hasta por 2 mil 890 millones 695 mil pesos. El 5 de septiembre de 2023 el Peri\u00f3dico Oficial del Estado de Colima hizo p\u00fablica la licitaci\u00f3n para la contrataci\u00f3n de financiamiento. El objetivo de los cr\u00e9ditos, seg\u00fan ellos, ser\u00eda para la restructuraci\u00f3n, por 20 a\u00f1os, de la deuda con los bancos: Banorte, BBVA y Banobras, entre otros. Deuda que fue contratada desde los tiempos de Silverio hasta el gobierno de Nacho.<\/p>\n\n\n\n<p class=\"wp-block-paragraph\">Se exonera a Locho<\/p>\n\n\n\n<p class=\"wp-block-paragraph\">Con el voto a favor de 14 de las y los diputados de Morena y sus aliados de PT, Panal, la diputada sin partido Priscila Garc\u00eda Delgado y el diputado de Movimiento Ciudadano, Jes\u00fas Due\u00f1as Garc\u00eda, decidieron exonerar al exalcalde de Colima, Leoncio Alfonso Mor\u00e1n S\u00e1nchez, de la omisi\u00f3n de entregar m\u00e1s de 53 millones de pesos, al Instituto de Pensiones de los Servidores P\u00fablicos del Estado. Leoncio Mor\u00e1n y los regidores del municipio de Colima (2018-2021) fueron exonerados en los juicios pol\u00edticos promovidos en su contra por el presunto desv\u00edo de recursos de los trabajadores y la venta de un terreno de la comuna.<\/p>\n\n\n\n<p class=\"wp-block-paragraph\">Con las sesiones secretas donde se conden\u00f3 al Cabildo de Villa de \u00c1lvarez y se exoner\u00f3 a Locho Mor\u00e1n el Congreso demostr\u00f3 que aplica la justicia a la carta y, puntualmente, como le ordenan desde el Poder Ejecutivo. Aqu\u00ed ninguna novedad.<\/p>\n\n\n\n<p class=\"wp-block-paragraph\">Inmediatamente Locho dej\u00f3 su moto en Alaska y se vino a Colima, porque el domingo siguiente ten\u00eda cita en Manzanillo con Claudia Sheinbaum.<\/p>\n\n\n\n<p class=\"wp-block-paragraph\">Lo que pensaban Vlady, Indi y Viri de Locho<\/p>\n\n\n\n<p class=\"wp-block-paragraph\">Vlady. \u2013 Acus\u00f3, siendo diputado y desde la tribuna, a Locho de despojar a los capitalinos de un terreno para cubrir un adeudo de 20 millones de pesos con el Ipecol. Lo acus\u00f3 de ratero.<\/p>\n\n\n\n<p class=\"wp-block-paragraph\">Viri. \u2013 Lo llam\u00f3, Locho Pinocho, adem\u00e1s hizo suyo un texto de J\u00f3venes Morena Colima que replic\u00f3 en sus rede que dice: \u201cLocho Mor\u00e1n sac\u00f3 la lana de su campa\u00f1a del cr\u00e9dito de 30 millones de pesos que le pidi\u00f3 a banco Santander, de los 18 millones presupuestados para Cultura y de los 40 millones de pesos que le debe al Ipecol.\u201d Lo acus\u00f3 de ratero.<\/p>\n\n\n\n<p class=\"wp-block-paragraph\">Indi. \u2013 En el debate de la campa\u00f1a por la gubernatura le dijo que \u00e9l era un candidato sin propuestas; adem\u00e1s lo calific\u00f3 como un mis\u00f3gino; lo etiquet\u00f3 como macho y mal perdedor; lo acus\u00f3 de realizar el trabajo sucio al PRI, espec\u00edficamente lo culp\u00f3 de haber realizado cuatro campa\u00f1as fallidas a favor del Prian. Lo acus\u00f3 de ratero y algo m\u00e1s.<\/p>\n\n\n\n<p class=\"wp-block-paragraph\">En el debate, Locho fue muy insistente cuestion\u00e1ndola acerca de sus v\u00ednculos y trabajos para el PRI y espec\u00edficamente en el gobierno de Nacho. La acus\u00f3 de ratera y algo m\u00e1s.<\/p>\n\n\n\n<p class=\"wp-block-paragraph\">Definitivamente est\u00e1 claro que, ambos, se conocen muy bien y sab\u00edan de lo que hablaban, pues los dos trabajaron asociados con el PRI y con Nacho y en contra de los ciudadanos. Conocen muy bien de la corrupci\u00f3n, desde sus entra\u00f1as, porque la ejercieron y la siguen practicando con eficacia.<\/p>\n\n\n\n<p class=\"wp-block-paragraph\">Vlady y Viri tambi\u00e9n saben de lo que hablan, pues, al parecer, entre corruptos se entienden muy bien.<\/p>\n\n\n\n<p class=\"wp-block-paragraph\">Ayer todo cambi\u00f3<\/p>\n\n\n\n<p class=\"wp-block-paragraph\">Viridiana p\u00fablico en su feis: \u201cAqu\u00ed coincidiendo con el diputado federal Rommel Pacheco y con el ex alcalde capitalino, Locho Mor\u00e1n quienes decidieron ratificar este gran acuerdo porque entienden que m\u00e1s all\u00e1 de nuestra formaci\u00f3n la buena pol\u00edtica tiene un solo principio: servir a las personas que m\u00e1s lo necesitan.\u201d<\/p>\n\n\n\n<p class=\"wp-block-paragraph\">A Vlady no le importa ya la venta del predio que despoj\u00f3 a los capitalinos ni el dinero que les rob\u00f3 a los trabajadores; Viri, ya no lo llama Pinocho ni ratero e; Indi, dej\u00f3 de preocuparse por el machismo, la misoginia y su historial de corrupci\u00f3n, pues es un nuevo integrante de la <em>Banda de Bosque Real<\/em>.<\/p>\n\n\n\n<p class=\"wp-block-paragraph\">Locho, de ayer y hacia el futuro, es un hombre limpio y casto que emana olor a santidad.<\/p>\n\n\n\n<p class=\"wp-block-paragraph\">Chuy Due\u00f1as y sus bandazos<\/p>\n\n\n\n<p class=\"wp-block-paragraph\">Qu\u00e9 va a hacer Chuy Due\u00f1as. El aguerrido diputado de Movimiento Ciudadano vot\u00f3 a favor de la exoneraci\u00f3n de Locho y en contra de los trabajadores del Ayuntamiento de Colima y de los ciudadanos colimenses. \u00bfQu\u00e9 har\u00e1 con las denuncias por corrupci\u00f3n contra Indira? \u00bfQu\u00e9 har\u00e1 con sus denuncias contra Indira por destinar recursos para la campa\u00f1a de Claudia? \u00bfSe quedar\u00e1 callado? \u00bfSe olvidar\u00e1 del asunto? \u00bfContinuar\u00e1 con las denuncias?<\/p>\n\n\n\n<p class=\"wp-block-paragraph\">Chuy Due\u00f1as, el prometedor diputado, se perdi\u00f3 en las ca\u00f1er\u00edas de la pol\u00edtica colimense. Le llegaron al precio.<\/p>\n\n\n\n<p class=\"wp-block-paragraph\">Glenda Ochoa, ya supimos el precio de su afiliaci\u00f3n a Morena. Eso es lo que vale. Ese es su precio.<\/p>\n\n\n\n<p class=\"wp-block-paragraph\">La sociedad pol\u00edtica colimense est\u00e1 en plena decadencia y estamos viendo la farsa de un hatajo de sinverg\u00fcenzas que lo \u00fanico que tienen bien claro es que el presupuesto es su objetivo, lo dem\u00e1s, es lo de menos, para ellos.<\/p>\n\n\n\n<p class=\"wp-block-paragraph\">Venga a nuestro reino<\/p>\n\n\n\n<p class=\"wp-block-paragraph\">El cinco de septiembre de 2023 la sociedad pol\u00edtica colimense respir\u00f3 tranquila, pues est\u00e1 en curso un endeudamiento por 2 mil 890 millones de pesos, seg\u00fan la licitaci\u00f3n publicada por el Peri\u00f3dico Oficial del Estado de Colima. El dinero vendr\u00e1 a manos llenas y los pol\u00edticos tendr\u00e1 listos sus bolsillos para llenarlos. Se acab\u00f3 la austeridad, esas son buenas noticias para la <em>Banda de Bosque Real<\/em> y sus nuevos socios que llegaron a incrementar su filiaci\u00f3n.<\/p>\n\n\n\n<p class=\"wp-block-paragraph\">Las malas noticia son para Colima, pues su futuro es el endeudamiento, ser\u00e1 preocupaci\u00f3n del nuevo gobierno, del actual, no. Este in\u00fatil gobierno decidi\u00f3 no resolver sus problemas financieros, decidi\u00f3 enriquecer a sus integrantes. Igual al de Nacho.<\/p>\n\n\n\n<p class=\"wp-block-paragraph\">Los nuevos miembros<\/p>\n\n\n\n<p class=\"wp-block-paragraph\">La <em>Mafia de las Amiguis<\/em>, dej\u00f3 atr\u00e1s aquellos tiempos donde (Viri, Indi, Rosi, Eduardo, Lupita, Rosi y Julio) cab\u00edan en un vocho. La mafia creci\u00f3 y se convirti\u00f3 en la <em>Banda de Bosque Real.<\/em><\/p>\n\n\n\n<p class=\"wp-block-paragraph\">El nuevo miembro destacado de la banda es Locho. Dicen, sus propias malas lenguas, que era muy malo y corrupto, pero fue limpiado y purificado. Hoy es un sibarita con olor a santidad.<\/p>\n\n\n\n<p class=\"wp-block-paragraph\">La <em>Mafia de las Amiguis<\/em> se fortaleci\u00f3 con miembros como Vlady y Locho, entre los muchos miembros que firmaron la carta de lealtad a la Cuarta Transformaci\u00f3n, que uno supone de redimisi\u00f3n impl\u00edcita.<\/p>\n\n\n\n<p class=\"wp-block-paragraph\">La verdad, no todos deber\u00edan de estar tan contentos, pues los nuevos firmantes ser\u00e1n dura competencia para llenar las planillas de las candidaturas.<\/p>\n\n\n\n<p class=\"wp-block-paragraph\">M\u00e9xico (l\u00e9ase Claudia Sheinbaum) presionar\u00e1 para construir las candidaturas locales con el fin de fortalecer su candidatura presidencial, por tanto, cada designaci\u00f3n tendr\u00e1 esa prioridad para la dirigencia nacional. Muchos espacios tendr\u00e1n que ced\u00e9rseles a sus aliados tradicionales (Verde y PT), pero otros tantos, a los nuevos afiliados de la iniciativa privada y el sector sindical.<\/p>\n\n\n\n<p class=\"wp-block-paragraph\">Viri y Rosi, no deber\u00e1n dormir tan tranquilas. Se les recomienda dormir con los ojos abiertos. Pues sus \u00fanicos activos son la fidelidad y la cercan\u00eda con Indi, fuera de eso, no representan nada pol\u00edticamente en la sociedad. Son bur\u00f3cratas remplazables. Son pol\u00edticas prescindibles, sustituibles.<\/p>\n\n\n\n<p class=\"wp-block-paragraph\">La <em>Banda de Bosque Real<\/em> crece, los espacios de las candidaturas se reducen.<\/p>\n\n\n\n<p class=\"wp-block-paragraph\">Y, por otro lado, Colima est\u00e1 condenada al endeudamiento inexorablemente. La crisis financiera del pr\u00f3ximo gobierno colimense ser\u00e1 \u00e9pica.<\/p>\n\n\n\n<p class=\"wp-block-paragraph\"><em>*Imagen tomada de redes sociales.<\/em><\/p>\n<div class=\"fb-background-color\">\n\t\t\t  <div \n\t\t\t  \tclass = \"fb-comments\" \n\t\t\t  \tdata-href = \"https:\/\/diarioavanzada.com.mx\/?p=49227\"\n\t\t\t  \tdata-numposts = \"10\"\n\t\t\t  \tdata-lazy = \"true\"\n\t\t\t\tdata-colorscheme = \"light\"\n\t\t\t\tdata-order-by = \"social\"\n\t\t\t\tdata-mobile=true>\n\t\t\t  <\/div><\/div>\n\t\t  <style>\n\t\t    .fb-background-color {\n\t\t\t\tbackground:  !important;\n\t\t\t}\n\t\t\t.fb_iframe_widget_fluid_desktop iframe {\n\t\t\t    width: 100% !important;\n\t\t\t}\n\t\t  <\/style>\n\t\t  ","protected":false},"excerpt":{"rendered":"<p>Columna El puercoesp\u00edn Se autoriza endeudamiento El 31 de agosto de 2022, el Congreso autoriz\u00f3 al Ejecutivo endeudarse hasta por 2 mil 890 millones 695 mil pesos. El 5 de septiembre de 2023 el Peri\u00f3dico Oficial del Estado de Colima hizo p\u00fablica la licitaci\u00f3n para la contrataci\u00f3n de financiamiento. El objetivo de los cr\u00e9ditos, seg\u00fan [&hellip;]<\/p>\n","protected":false},"author":9,"featured_media":49232,"comment_status":"closed","ping_status":"closed","sticky":false,"template":"","format":"standard","meta":{"_coblocks_attr":"","_coblocks_dimensions":"","_coblocks_responsive_height":"","_coblocks_accordion_ie_support":"","advanced_seo_description":"","jetpack_seo_html_title":"","jetpack_seo_noindex":false,"jetpack_seo_schema_type":"","_jetpack_newsletter_access":"","_jetpack_dont_email_post_to_subs":false,"_jetpack_newsletter_tier_id":0,"_jetpack_memberships_contains_paywalled_content":false,"_wpcom_ai_launchpad_first_post":false,"_jetpack_feature_clip_id":0,"_jetpack_memberships_contains_paid_content":false,"footnotes":"","jetpack_post_was_ever_published":false},"categories":[19,209,24],"tags":[220,210],"class_list":["post-49227","post","type-post","status-publish","format-standard","has-post-thumbnail","hentry","category-colima","category-importantes","category-opinion","tag-opinion","tag-portada"],"jetpack-related-posts":[],"jetpack_sharing_enabled":true,"amp_enabled":true,"jetpack_featured_media_url":"https:\/\/diarioavanzada.com.mx\/wp-content\/uploads\/2023\/10\/image-50.png","_links":{"self":[{"href":"https:\/\/diarioavanzada.com.mx\/index.php?rest_route=\/wp\/v2\/posts\/49227","targetHints":{"allow":["GET"]}}],"collection":[{"href":"https:\/\/diarioavanzada.com.mx\/index.php?rest_route=\/wp\/v2\/posts"}],"about":[{"href":"https:\/\/diarioavanzada.com.mx\/index.php?rest_route=\/wp\/v2\/types\/post"}],"author":[{"embeddable":true,"href":"https:\/\/diarioavanzada.com.mx\/index.php?rest_route=\/wp\/v2\/users\/9"}],"replies":[{"embeddable":true,"href":"https:\/\/diarioavanzada.com.mx\/index.php?rest_route=%2Fwp%2Fv2%2Fcomments&post=49227"}],"version-history":[{"count":5,"href":"https:\/\/diarioavanzada.com.mx\/index.php?rest_route=\/wp\/v2\/posts\/49227\/revisions"}],"predecessor-version":[{"id":49236,"href":"https:\/\/diarioavanzada.com.mx\/index.php?rest_route=\/wp\/v2\/posts\/49227\/revisions\/49236"}],"wp:featuredmedia":[{"embeddable":true,"href":"https:\/\/diarioavanzada.com.mx\/index.php?rest_route=\/wp\/v2\/media\/49232"}],"wp:attachment":[{"href":"https:\/\/diarioavanzada.com.mx\/index.php?rest_route=%2Fwp%2Fv2%2Fmedia&parent=49227"}],"wp:term":[{"taxonomy":"category","embeddable":true,"href":"https:\/\/diarioavanzada.com.mx\/index.php?rest_route=%2Fwp%2Fv2%2Fcategories&post=49227"},{"taxonomy":"post_tag","embeddable":true,"href":"https:\/\/diarioavanzada.com.mx\/index.php?rest_route=%2Fwp%2Fv2%2Ftags&post=49227"}],"curies":[{"name":"wp","href":"https:\/\/api.w.org\/{rel}","templated":true}]}}