{"id":48732,"date":"2023-09-25T08:17:41","date_gmt":"2023-09-25T14:17:41","guid":{"rendered":"https:\/\/diarioavanzada.com.mx\/?p=48732"},"modified":"2023-09-25T08:20:07","modified_gmt":"2023-09-25T14:20:07","slug":"colima-con-la-tasa-mas-alta-en-homicidios-de-mujeres-violencia-familiar-y-la-segunda-en-feminicidios","status":"publish","type":"post","link":"https:\/\/diarioavanzada.com.mx\/?p=48732","title":{"rendered":"Colima, primero en homicidios de mujeres y violencia familiar; segundo en feminicidios"},"content":{"rendered":"\n<p class=\"wp-block-paragraph\">Colima, M\u00e9xico, Avanzada (25\/09\/2023).- A pesar de haber sido declarado con Alerta de Violencia de G\u00e9nero desde 2017, el estado de Colima contin\u00faa padeciendo la ola de violencia familiar y de g\u00e9nero. Las cifras son alarmantes: seg\u00fan el Secretariado Ejecutivo del Sistema Nacional de Seguridad P\u00fablica (SESNSP), Colima ostenta la tasa de homicidios dolosos de mujeres m\u00e1s alta en todo el pa\u00eds, y se encuentra en segundo lugar en feminicidios, solo superado por el estado de Morelos, pero adem\u00e1s duplica la tasa nacional por violencia familiar.<\/p>\n\n\n\n<p class=\"wp-block-paragraph\">Las estad\u00edsticas se\u00f1alan que en Colima existen m\u00e1s probabilidades de que una mujer sea v\u00edctima de violencia dentro del hogar con una tasa de 300.7 por cada 100 mil habitantes, cuando la media nacional es de 129.9.<\/p>\n\n\n\n<p class=\"wp-block-paragraph\">En segundo lugar nacional y con una tasa alejada de la de Colima se encuentra el Ciudad de M\u00e9xico con 255.6 y en la tercera posici\u00f3n, Coahuila con 231.3.<\/p>\n\n\n\n<p class=\"wp-block-paragraph\">De enero a julio se denunciaron ante la Fiscal\u00eda 2 mil 468 casos de violencia familiar, Yucat\u00e1n solo denunci\u00f3 87.<\/p>\n\n\n\n<p class=\"wp-block-paragraph\">INVIERTEN EN REFUGIOS CONTRA LA&nbsp; VIOLENCIA<\/p>\n\n\n\n<p class=\"wp-block-paragraph\">Para proteger la vida de las mujeres y sus hijos v\u00edctimas de violencia familiar, el gobierno federal&nbsp;destin\u00f3 m\u00e1s de 3 millones de pesos para la operaci\u00f3n de refugios temporales.<\/p>\n\n\n\n<p class=\"wp-block-paragraph\">Los recursos ser\u00e1n empleados para ofrecer una amplia gama de servicios a las mujeres v\u00edctimas de violencia y, en su caso, a sus hijos. Esto incluye atenci\u00f3n psicol\u00f3gica, jur\u00eddica, de trabajo social y de atenci\u00f3n a la salud. Adem\u00e1s, se buscar\u00e1 proporcionar un entorno temporal de protecci\u00f3n que cumpla con estrictas medidas de seguridad y confidencialidad a aquellas mujeres y sus hijos que se encuentren en situaciones de violencia extrema.<\/p>\n\n\n\n<p class=\"wp-block-paragraph\">El convenio subraya la importancia de ofrecer estos servicios en condiciones higi\u00e9nicas adecuadas, con empat\u00eda, calidad y calidez, evitando el hacinamiento de las usuarias y sus hijos. Adem\u00e1s, establece que los fondos otorgados desde la Federaci\u00f3n no podr\u00e1n utilizarse para ning\u00fan otro prop\u00f3sito, y los recursos no utilizados deber\u00e1n ser devueltos.<\/p>\n\n\n\n<p class=\"wp-block-paragraph\">DELITOS CONTRA LAS MUJERES EN COLIMA<\/p>\n\n\n\n<p class=\"wp-block-paragraph\">Adem\u00e1s de los homicidios y feminicidios, el estado registra una alta incidencia de violencia intrafamiliar, mayoritariamente dirigida hacia mujeres y ni\u00f1as. El SESNSP tambi\u00e9n reporta casi 400 delitos contra la libertad y la seguridad sexual en los primeros siete meses de este a\u00f1o, con un \u00e9nfasis en casos de abuso sexual y violaci\u00f3n simple.<\/p>\n\n\n\n<p class=\"wp-block-paragraph\"><em>*Imagen tomada de redes sociales.<\/em><\/p>\n<div class=\"fb-background-color\">\n\t\t\t  <div \n\t\t\t  \tclass = \"fb-comments\" \n\t\t\t  \tdata-href = \"https:\/\/diarioavanzada.com.mx\/?p=48732\"\n\t\t\t  \tdata-numposts = \"10\"\n\t\t\t  \tdata-lazy = \"true\"\n\t\t\t\tdata-colorscheme = \"light\"\n\t\t\t\tdata-order-by = \"social\"\n\t\t\t\tdata-mobile=true>\n\t\t\t  <\/div><\/div>\n\t\t  <style>\n\t\t    .fb-background-color {\n\t\t\t\tbackground:  !important;\n\t\t\t}\n\t\t\t.fb_iframe_widget_fluid_desktop iframe {\n\t\t\t    width: 100% !important;\n\t\t\t}\n\t\t  <\/style>\n\t\t  ","protected":false},"excerpt":{"rendered":"<p>Colima, M\u00e9xico, Avanzada (25\/09\/2023).- A pesar de haber sido declarado con Alerta de Violencia de G\u00e9nero desde 2017, el estado de Colima contin\u00faa padeciendo la ola de violencia familiar y de g\u00e9nero. Las cifras son alarmantes: seg\u00fan el Secretariado Ejecutivo del Sistema Nacional de Seguridad P\u00fablica (SESNSP), Colima ostenta la tasa de homicidios dolosos de [&hellip;]<\/p>\n","protected":false},"author":5,"featured_media":48734,"comment_status":"closed","ping_status":"closed","sticky":false,"template":"","format":"standard","meta":{"_coblocks_attr":"","_coblocks_dimensions":"","_coblocks_responsive_height":"","_coblocks_accordion_ie_support":"","_crdt_document":"","advanced_seo_description":"","jetpack_seo_html_title":"","jetpack_seo_noindex":false,"_jetpack_memberships_contains_paid_content":false,"footnotes":""},"categories":[19,209,231],"tags":[332,299,286,210,219,228],"class_list":["post-48732","post","type-post","status-publish","format-standard","has-post-thumbnail","hentry","category-colima","category-importantes","category-seguridad","tag-corrupcion-2","tag-homicidio","tag-impunidad","tag-portada","tag-seguridad","tag-violencia"],"jetpack_featured_media_url":"https:\/\/diarioavanzada.com.mx\/wp-content\/uploads\/2023\/09\/Imagen-de-WhatsApp-2023-09-25-a-las-08.16.28.jpg","jetpack-related-posts":[],"jetpack_sharing_enabled":true,"amp_enabled":true,"_links":{"self":[{"href":"https:\/\/diarioavanzada.com.mx\/index.php?rest_route=\/wp\/v2\/posts\/48732","targetHints":{"allow":["GET"]}}],"collection":[{"href":"https:\/\/diarioavanzada.com.mx\/index.php?rest_route=\/wp\/v2\/posts"}],"about":[{"href":"https:\/\/diarioavanzada.com.mx\/index.php?rest_route=\/wp\/v2\/types\/post"}],"author":[{"embeddable":true,"href":"https:\/\/diarioavanzada.com.mx\/index.php?rest_route=\/wp\/v2\/users\/5"}],"replies":[{"embeddable":true,"href":"https:\/\/diarioavanzada.com.mx\/index.php?rest_route=%2Fwp%2Fv2%2Fcomments&post=48732"}],"version-history":[{"count":3,"href":"https:\/\/diarioavanzada.com.mx\/index.php?rest_route=\/wp\/v2\/posts\/48732\/revisions"}],"predecessor-version":[{"id":48737,"href":"https:\/\/diarioavanzada.com.mx\/index.php?rest_route=\/wp\/v2\/posts\/48732\/revisions\/48737"}],"wp:featuredmedia":[{"embeddable":true,"href":"https:\/\/diarioavanzada.com.mx\/index.php?rest_route=\/wp\/v2\/media\/48734"}],"wp:attachment":[{"href":"https:\/\/diarioavanzada.com.mx\/index.php?rest_route=%2Fwp%2Fv2%2Fmedia&parent=48732"}],"wp:term":[{"taxonomy":"category","embeddable":true,"href":"https:\/\/diarioavanzada.com.mx\/index.php?rest_route=%2Fwp%2Fv2%2Fcategories&post=48732"},{"taxonomy":"post_tag","embeddable":true,"href":"https:\/\/diarioavanzada.com.mx\/index.php?rest_route=%2Fwp%2Fv2%2Ftags&post=48732"}],"curies":[{"name":"wp","href":"https:\/\/api.w.org\/{rel}","templated":true}]}}