{"id":48260,"date":"2023-09-07T10:15:20","date_gmt":"2023-09-07T16:15:20","guid":{"rendered":"https:\/\/diarioavanzada.com.mx\/?p=48260"},"modified":"2023-09-07T10:15:25","modified_gmt":"2023-09-07T16:15:25","slug":"matan-a-cuatro-policias-dos-mas-resultan-heridos-en-guerrero","status":"publish","type":"post","link":"https:\/\/diarioavanzada.com.mx\/?p=48260","title":{"rendered":"Matan a cuatro polic\u00edas, dos m\u00e1s resultan heridos en Guerrero"},"content":{"rendered":"\n<p class=\"wp-block-paragraph\">Guerrero, M\u00e9xico, Avanzada (07\/09\/2023).- Un tr\u00e1gico suceso sacudi\u00f3 la noche del martes en el municipio de Juan R. Escudero, ubicado en el estado de Guerrero, cuando un comando armado embosc\u00f3 a un grupo de polic\u00edas locales, dejando como saldo la muerte del director de la Polic\u00eda Preventiva y tres agentes, as\u00ed como dos oficiales lesionados.<\/p>\n\n\n\n<p class=\"wp-block-paragraph\">El incidente ocurri\u00f3 poco antes de la medianoche cuando un grupo de hombres fuertemente armados atac\u00f3 sorpresivamente a la Polic\u00eda Municipal de Juan R. Escudero. El director de la Polic\u00eda Preventiva y tres de sus agentes fueron asesinados en el acto, mientras que otros dos resultaron gravemente heridos en el enfrentamiento.<\/p>\n\n\n\n<p class=\"wp-block-paragraph\">Los heridos fueron trasladados de inmediato al Centro de Salud de la cabecera municipal, donde recibieron atenci\u00f3n m\u00e9dica de emergencia. Posteriormente, fueron trasladados a Chilpancingo, la capital del estado de Guerrero, para recibir tratamiento m\u00e9dico especializado.<\/p>\n\n\n\n<p class=\"wp-block-paragraph\">Seg\u00fan informes preliminares, los agentes policiales se encontraban realizando un recorrido de rutina cuando se toparon con el grupo armado, que actu\u00f3 con rapidez y contundencia. Los polic\u00edas locales se vieron abrumados por la superioridad num\u00e9rica y el poder de fuego de los agresores, lo que result\u00f3 en una tr\u00e1gica p\u00e9rdida de vidas y m\u00faltiples heridos.<\/p>\n\n\n\n<p class=\"wp-block-paragraph\">Tras el ataque, se despleg\u00f3 un operativo de b\u00fasqueda y persecuci\u00f3n para dar con los responsables, sin embargo, hasta el momento no se han realizado detenciones en relaci\u00f3n con este violento suceso.<\/p>\n\n\n\n<figure class=\"wp-block-image size-full\"><img loading=\"lazy\" decoding=\"async\" width=\"540\" height=\"540\" src=\"https:\/\/diarioavanzada.com.mx\/wp-content\/uploads\/2023\/09\/image-34.png\" alt=\"\" class=\"wp-image-48262\" srcset=\"https:\/\/diarioavanzada.com.mx\/wp-content\/uploads\/2023\/09\/image-34.png 540w, https:\/\/diarioavanzada.com.mx\/wp-content\/uploads\/2023\/09\/image-34-300x300.png 300w, https:\/\/diarioavanzada.com.mx\/wp-content\/uploads\/2023\/09\/image-34-150x150.png?crop=1 150w, https:\/\/diarioavanzada.com.mx\/wp-content\/uploads\/2023\/09\/image-34-80x80.png?crop=1 80w, https:\/\/diarioavanzada.com.mx\/wp-content\/uploads\/2023\/09\/image-34-400x400.png?crop=1 400w, https:\/\/diarioavanzada.com.mx\/wp-content\/uploads\/2023\/09\/image-34-200x200.png?crop=1 200w\" sizes=\"auto, (max-width: 540px) 100vw, 540px\" \/><\/figure>\n\n\n\n<p class=\"wp-block-paragraph\"><em>*La imagen de portada es ilustrativa.<\/em><\/p>\n<div class=\"fb-background-color\">\n\t\t\t  <div \n\t\t\t  \tclass = \"fb-comments\" \n\t\t\t  \tdata-href = \"https:\/\/diarioavanzada.com.mx\/?p=48260\"\n\t\t\t  \tdata-numposts = \"10\"\n\t\t\t  \tdata-lazy = \"true\"\n\t\t\t\tdata-colorscheme = \"light\"\n\t\t\t\tdata-order-by = \"social\"\n\t\t\t\tdata-mobile=true>\n\t\t\t  <\/div><\/div>\n\t\t  <style>\n\t\t    .fb-background-color {\n\t\t\t\tbackground:  !important;\n\t\t\t}\n\t\t\t.fb_iframe_widget_fluid_desktop iframe {\n\t\t\t    width: 100% !important;\n\t\t\t}\n\t\t  <\/style>\n\t\t  ","protected":false},"excerpt":{"rendered":"<p>Guerrero, M\u00e9xico, Avanzada (07\/09\/2023).- Un tr\u00e1gico suceso sacudi\u00f3 la noche del martes en el municipio de Juan R. Escudero, ubicado en el estado de Guerrero, cuando un comando armado embosc\u00f3 a un grupo de polic\u00edas locales, dejando como saldo la muerte del director de la Polic\u00eda Preventiva y tres agentes, as\u00ed como dos oficiales lesionados. [&hellip;]<\/p>\n","protected":false},"author":7,"featured_media":48264,"comment_status":"closed","ping_status":"closed","sticky":false,"template":"","format":"standard","meta":{"_coblocks_attr":"","_coblocks_dimensions":"","_coblocks_responsive_height":"","_coblocks_accordion_ie_support":"","_crdt_document":"","advanced_seo_description":"","jetpack_seo_html_title":"","jetpack_seo_noindex":false,"_jetpack_memberships_contains_paid_content":false,"footnotes":""},"categories":[22,231],"tags":[210],"class_list":["post-48260","post","type-post","status-publish","format-standard","has-post-thumbnail","hentry","category-nacion","category-seguridad","tag-portada"],"jetpack_featured_media_url":"https:\/\/diarioavanzada.com.mx\/wp-content\/uploads\/2023\/09\/Prohibido-el-paso.png","jetpack-related-posts":[],"jetpack_sharing_enabled":true,"amp_enabled":true,"_links":{"self":[{"href":"https:\/\/diarioavanzada.com.mx\/index.php?rest_route=\/wp\/v2\/posts\/48260","targetHints":{"allow":["GET"]}}],"collection":[{"href":"https:\/\/diarioavanzada.com.mx\/index.php?rest_route=\/wp\/v2\/posts"}],"about":[{"href":"https:\/\/diarioavanzada.com.mx\/index.php?rest_route=\/wp\/v2\/types\/post"}],"author":[{"embeddable":true,"href":"https:\/\/diarioavanzada.com.mx\/index.php?rest_route=\/wp\/v2\/users\/7"}],"replies":[{"embeddable":true,"href":"https:\/\/diarioavanzada.com.mx\/index.php?rest_route=%2Fwp%2Fv2%2Fcomments&post=48260"}],"version-history":[{"count":3,"href":"https:\/\/diarioavanzada.com.mx\/index.php?rest_route=\/wp\/v2\/posts\/48260\/revisions"}],"predecessor-version":[{"id":48265,"href":"https:\/\/diarioavanzada.com.mx\/index.php?rest_route=\/wp\/v2\/posts\/48260\/revisions\/48265"}],"wp:featuredmedia":[{"embeddable":true,"href":"https:\/\/diarioavanzada.com.mx\/index.php?rest_route=\/wp\/v2\/media\/48264"}],"wp:attachment":[{"href":"https:\/\/diarioavanzada.com.mx\/index.php?rest_route=%2Fwp%2Fv2%2Fmedia&parent=48260"}],"wp:term":[{"taxonomy":"category","embeddable":true,"href":"https:\/\/diarioavanzada.com.mx\/index.php?rest_route=%2Fwp%2Fv2%2Fcategories&post=48260"},{"taxonomy":"post_tag","embeddable":true,"href":"https:\/\/diarioavanzada.com.mx\/index.php?rest_route=%2Fwp%2Fv2%2Ftags&post=48260"}],"curies":[{"name":"wp","href":"https:\/\/api.w.org\/{rel}","templated":true}]}}