{"id":47856,"date":"2023-08-29T07:20:58","date_gmt":"2023-08-29T13:20:58","guid":{"rendered":"https:\/\/diarioavanzada.com.mx\/?p=47856"},"modified":"2023-08-29T07:21:03","modified_gmt":"2023-08-29T13:21:03","slug":"la-pandilla-del-bryant","status":"publish","type":"post","link":"https:\/\/diarioavanzada.com.mx\/?p=47856","title":{"rendered":"La Pandilla del Bryant"},"content":{"rendered":"\n<p class=\"wp-block-paragraph\">Columna<br>El puercoesp\u00edn\u00a0<br><br>De pronto la Fiscal\u00eda General del Estado de Colima da un giro de 180 grados y pretende ser m\u00e1s \u201ccomunicativa\u201d.<br><br>Comenz\u00f3 la semana anunciando que se hab\u00edan atrapado a dos delincuentes que encabezaban una poderos\u00edsima banda de secuestradores que operaban en Quer\u00e9taro, Aguascalientes, Jalisco, Michoac\u00e1n y Colima. Todo gracias al excelente acoplamiento de la Coordinaci\u00f3n Nacional Antisecuestros (Conase), la Secretar\u00eda de Marina Armada de M\u00e9xico (Semar) y las fiscal\u00edas de Michoac\u00e1n y Quer\u00e9taro.<br><br>Y de manera at\u00edpica report\u00f3 \u201cque en el periodo que comprende del 21 al 27 de agosto de la presente anualidad, el personal realiz\u00f3 299 acuerdos ministeriales como formas de terminaci\u00f3n de la investigaci\u00f3n en diferentes rubros, tales como archivo temporal, archivo por perd\u00f3n, abstenci\u00f3n de investigar y no ejercicio de la acci\u00f3n penal, en los t\u00e9rminos que dispone el C\u00f3digo Nacional de Procedimientos Penales. Asimismo, fueron radicadas 363 carpetas de investigaci\u00f3n y se tuvo la participaci\u00f3n en 28 audiencias las cuales se llevaron a cabo en las diversas sedes judiciales.<br><br>Igualmente, se reportaron 2 procedimientos abreviados, 4 acuerdos reparatorios, 1 sentencia en juicio oral, 3 \u00f3rdenes de aprehensi\u00f3n y 5 \u00f3rdenes de cateo mismas que fueron solicitadas y autorizadas por los distintos Jueces de Control del Poder Judicial del Estado de Colima.\u201d Todo lo anterior contenido en su bolet\u00edn informativo del 28 de agosto de 2023.<br><br>La informaci\u00f3n hecha p\u00fablica por la Fiscal\u00eda responde a que el sitio digital de El Guardi\u00e1n comparti\u00f3 una informaci\u00f3n en la que aseguraban que \u201cla FGR cumpliment\u00f3 orden de aprehensi\u00f3n por secuestro y delincuencia organizada\u201d contra el licenciado Ari Alberto Aceves Reynaga, subdirector de la Polic\u00eda Investigadora. \u201cTambi\u00e9n su esposa fue detenida; ella se desempe\u00f1aba como Ministerio P\u00fablico\u201d. Seg\u00fan la publicaci\u00f3n \u201cest\u00e1n involucrados con el secuestro de la americana Mar\u00eda del Carmen L\u00f3pez y en otros hechos delictivos\u201d, adem\u00e1s los vincularon a un c\u00e1rtel que opera en Colima y aseguraron que \u201cel fiscal Bryant Garc\u00eda oculta informaci\u00f3n sobre este caso\u201d.<br><br>De inmediato, pero en forma general y sin precisar nada, la Fiscal\u00eda General del Estado de Colima emiti\u00f3 un comunicado en el que aclaraban que \u201ccon relaci\u00f3n a una informaci\u00f3n que circula por redes sociales y WhatsApp donde se menciona a un ex colaborador de esta instituci\u00f3n, Ari Alberto Aceves Reynaga y su esposa quien se desempe\u00f1aba como Ministerio P\u00fablico en esta dependencia, esta Fiscal\u00eda General informa que son falsos los hechos que ah\u00ed se mencionan y por los cuales dejaron de pertenecer a esta Instituci\u00f3n, siendo una atribuci\u00f3n del Fiscal General las bajas laborales de sus integrantes por no cumplir los requisitos para el desarrollo de sus funciones\u201d.\u00a0<br><br>Por otro lado, en el Congreso, tambi\u00e9n se movi\u00f3 el mundo. Armando Reyna Maga\u00f1a presidente de la Junta de Coordinaci\u00f3n Pol\u00edtica (Jucopo) inform\u00f3 que se hab\u00eda convocado a una reuni\u00f3n con el fiscal anticorrupci\u00f3n, Mario Ochoa, pero con car\u00e1cter privado. La cita con los legisladores ser\u00eda para informar el avance de las diversas carpetas de investigaci\u00f3n y las nuevas denuncias de ciudadanos.\u00a0<br><br>Otra conducta at\u00edpica de los morenistas, pues normalmente no aceptan ninguna reuni\u00f3n, ni de chiste, con los funcionarios encargados con la seguridad y la procuraci\u00f3n de justicia.<br><br>Ahora pareciera que les urge dar la impresi\u00f3n de que algo est\u00e1n haciendo en los asuntos de seguridad y procuraci\u00f3n de justicia, as\u00ed como la lucha contra la corrupci\u00f3n.<br><br>A qu\u00e9 obedecen estas conductas at\u00edpicas de la Fiscal\u00eda y del Congreso.<br><br>En pol\u00edtica todo responde a una casual. Sucede que en la semana pr\u00f3xima pasada la gobernadora, su hermano y sus m\u00e1s cercanos colaboradores fueron descubiertos en presuntos casos de corrupci\u00f3n inmobiliaria. Algo que los ciudadanos colimenses les ha dado en llamar la <strong>Banda de Bosque Real<\/strong>. Ella, su hermano, la secretaria General de Gobierno, el encargado de la Oficina de la Gubernatura y la mam\u00e1 de la directora del DIF fueron descubiertos en la \u201ccompra\u201d de casas millonarias en el famoso fraccionamiento villalvarense de Bosque Real.<br><br>Adem\u00e1s, en el fin de semana, circul\u00f3 la informaci\u00f3n de la aprehensi\u00f3n de un alto funcionario de la Fiscal\u00eda, por haber actuado -presuntamente- en el secuestro de una ciudadana norteamericana.<br><br>Hasta antes de estos dos sucesos la conducta del gobierno de Indira hab\u00eda sido ignorar la opini\u00f3n de los ciudadanos y no informar. Hoy es distinto, parece que le urge informar. Aunque la informaci\u00f3n sea irrelevante. Demasiado tarde.<br><br>Los colimenses no estamos siendo sorprendidos, solo hemos venido documentando lo que son secretos a voces: la corrupci\u00f3n de ella y su c\u00edrculo cercano -funcionarios de primer nivel y sus familias-, as\u00ed como la penetraci\u00f3n del crimen organizado de los \u00f3rganos encargados de la procuraci\u00f3n de justicia que ha sido probado.\u00a0<br><br>La penetraci\u00f3n de la Fiscal\u00eda es tan grande que dos funcionarios de alto nivel pertenecientes al Poder Judicial (un licenciado proyectista) y una alta funcionaria del departamento antisecuestros (de la Fiscal\u00eda) fueron asesinados y 15 polic\u00edas de la Secretar\u00eda de Seguridad tambi\u00e9n.\u00a0<br><br>Lo que la sociedad vemos es un gobierno que originalmente estaba organizado en algo denominado la <strong>Mafia de las amiguis<\/strong>, pero ahora en el gobierno, ya en operaci\u00f3n, se ha bifurcado en dos grupos para su mejor operaci\u00f3n del saqueo del erario: por un lado, est\u00e1 la <strong>Banda de Bosque Real<\/strong> donde est\u00e1 la primera plana cercana a la gobernadora y, por otro, est\u00e1 la <strong>Pandilla del Bryant<\/strong> que opera desde la Fiscal\u00eda General del Estado de Colima.<br><br>Hasta donde se sabe el fiscal y el director (encargado del despacho) del Instituto de Formaci\u00f3n, Capacitaci\u00f3n y Profesionalizaci\u00f3n Policial tambi\u00e9n tienen propiedades en el fraccionamiento Bosque Real y ser\u00edan, por tanto, los enlaces entre la <strong>Pandilla del Bryant<\/strong> y la <strong>Banda de Bosque Real<\/strong>.<br><br>No olvidemos que desde la toma de posesi\u00f3n de el Bryant las autoridades federales desconfiaban del joven e inexperto fiscal de Colima, pues desde entonces lo ten\u00edan clasificado como no confiable por sus presuntos v\u00ednculos con el crimen organizado.<br><br>La bifurcaci\u00f3n de la <strong>Mafia de las amiguis<\/strong> en <strong>Banda de Bosque Real<\/strong> y la <strong>Pandilla del Bryant<\/strong> es un proceso natural para operar.<br><br>Lo cierto es, a estas alturas de casi dos a\u00f1os de la toma de posesi\u00f3n, el gobierno de Indira ha demostrado que es palmariamente inepto, cay\u00f3 en la incuria, es indolente y fr\u00edvolo, adem\u00e1s debemos a\u00f1adir sus pr\u00e1cticas de delincuencia organizada.<br><br>El gobierno de Indira de aqu\u00ed para adelante ser\u00e1 definido por la corrupci\u00f3n.<\/p>\n<div class=\"fb-background-color\">\n\t\t\t  <div \n\t\t\t  \tclass = \"fb-comments\" \n\t\t\t  \tdata-href = \"https:\/\/diarioavanzada.com.mx\/?p=47856\"\n\t\t\t  \tdata-numposts = \"10\"\n\t\t\t  \tdata-lazy = \"true\"\n\t\t\t\tdata-colorscheme = \"light\"\n\t\t\t\tdata-order-by = \"social\"\n\t\t\t\tdata-mobile=true>\n\t\t\t  <\/div><\/div>\n\t\t  <style>\n\t\t    .fb-background-color {\n\t\t\t\tbackground:  !important;\n\t\t\t}\n\t\t\t.fb_iframe_widget_fluid_desktop iframe {\n\t\t\t    width: 100% !important;\n\t\t\t}\n\t\t  <\/style>\n\t\t  ","protected":false},"excerpt":{"rendered":"<p>ColumnaEl puercoesp\u00edn\u00a0 De pronto la Fiscal\u00eda General del Estado de Colima da un giro de 180 grados y pretende ser m\u00e1s \u201ccomunicativa\u201d. Comenz\u00f3 la semana anunciando que se hab\u00edan atrapado a dos delincuentes que encabezaban una poderos\u00edsima banda de secuestradores que operaban en Quer\u00e9taro, Aguascalientes, Jalisco, Michoac\u00e1n y Colima. Todo gracias al excelente acoplamiento de [&hellip;]<\/p>\n","protected":false},"author":9,"featured_media":43730,"comment_status":"closed","ping_status":"closed","sticky":false,"template":"","format":"standard","meta":{"_coblocks_attr":"","_coblocks_dimensions":"","_coblocks_responsive_height":"","_coblocks_accordion_ie_support":"","advanced_seo_description":"","jetpack_seo_html_title":"","jetpack_seo_noindex":false,"jetpack_seo_schema_type":"","_jetpack_newsletter_access":"","_jetpack_dont_email_post_to_subs":false,"_jetpack_newsletter_tier_id":0,"_jetpack_memberships_contains_paywalled_content":false,"_wpcom_ai_launchpad_first_post":false,"_jetpack_feature_clip_id":0,"_jetpack_memberships_contains_paid_content":false,"footnotes":"","jetpack_post_was_ever_published":false},"categories":[19,209,24],"tags":[220,210],"class_list":["post-47856","post","type-post","status-publish","format-standard","has-post-thumbnail","hentry","category-colima","category-importantes","category-opinion","tag-opinion","tag-portada"],"jetpack-related-posts":[],"jetpack_sharing_enabled":true,"amp_enabled":true,"jetpack_featured_media_url":"https:\/\/diarioavanzada.com.mx\/wp-content\/uploads\/2023\/06\/bryant.png","_links":{"self":[{"href":"https:\/\/diarioavanzada.com.mx\/index.php?rest_route=\/wp\/v2\/posts\/47856","targetHints":{"allow":["GET"]}}],"collection":[{"href":"https:\/\/diarioavanzada.com.mx\/index.php?rest_route=\/wp\/v2\/posts"}],"about":[{"href":"https:\/\/diarioavanzada.com.mx\/index.php?rest_route=\/wp\/v2\/types\/post"}],"author":[{"embeddable":true,"href":"https:\/\/diarioavanzada.com.mx\/index.php?rest_route=\/wp\/v2\/users\/9"}],"replies":[{"embeddable":true,"href":"https:\/\/diarioavanzada.com.mx\/index.php?rest_route=%2Fwp%2Fv2%2Fcomments&post=47856"}],"version-history":[{"count":2,"href":"https:\/\/diarioavanzada.com.mx\/index.php?rest_route=\/wp\/v2\/posts\/47856\/revisions"}],"predecessor-version":[{"id":47858,"href":"https:\/\/diarioavanzada.com.mx\/index.php?rest_route=\/wp\/v2\/posts\/47856\/revisions\/47858"}],"wp:featuredmedia":[{"embeddable":true,"href":"https:\/\/diarioavanzada.com.mx\/index.php?rest_route=\/wp\/v2\/media\/43730"}],"wp:attachment":[{"href":"https:\/\/diarioavanzada.com.mx\/index.php?rest_route=%2Fwp%2Fv2%2Fmedia&parent=47856"}],"wp:term":[{"taxonomy":"category","embeddable":true,"href":"https:\/\/diarioavanzada.com.mx\/index.php?rest_route=%2Fwp%2Fv2%2Fcategories&post=47856"},{"taxonomy":"post_tag","embeddable":true,"href":"https:\/\/diarioavanzada.com.mx\/index.php?rest_route=%2Fwp%2Fv2%2Ftags&post=47856"}],"curies":[{"name":"wp","href":"https:\/\/api.w.org\/{rel}","templated":true}]}}