{"id":4772,"date":"2019-04-18T07:41:28","date_gmt":"2019-04-18T12:41:28","guid":{"rendered":"https:\/\/diarioavanzada.com.mx\/?p=4772"},"modified":"2019-04-18T07:41:29","modified_gmt":"2019-04-18T12:41:29","slug":"eua-deporto-a-104-colimenses-en-el-primer-trimestre-de-2019","status":"publish","type":"post","link":"https:\/\/diarioavanzada.com.mx\/?p=4772","title":{"rendered":"EUA deport\u00f3 a 104 colimenses en el primer trimestre de 2019"},"content":{"rendered":"\n<p class=\"wp-block-paragraph\">Colima, M\u00e9xico, Avanzada (16\/04\/2019).-\u00a0Contrario a lo que se esperaba por el endurecimiento de las pol\u00edticas migratorias del gobierno de Estados Unidos, no existe un aumento en el n\u00famero de repatriaciones de colimenses desde el pa\u00eds vecino.<\/p>\n\n\n\n<p class=\"wp-block-paragraph\">Lo anterior fue se\u00f1alado por el encargado de la Oficina de Atenci\u00f3n a Migrantes del gobierno de Colima, Santos Garc\u00eda Santiago, quien &nbsp;se\u00f1al\u00f3 que en el primer trimestre de este a\u00f1o, han sido deportados 104 colimenses desde Estados Unidos.<\/p>\n\n\n\n<p class=\"wp-block-paragraph\">Manifest\u00f3 que la estad\u00edstica muestra un comportamiento similar a la del 2018, cuando las autoridades norteamericanas repatriaron poco menos de mil paisanos que se encontraban en situaci\u00f3n ilegal.<\/p>\n\n\n\n<p class=\"wp-block-paragraph\">El funcionario estatal puntualiz\u00f3 que posiblemente el bajo n\u00famero de repatriados se\u00a0 debe a que un importante porcentaje de\u00a0colimenses se encuentran en situaci\u00f3n legal dentro del vecino pa\u00eds; otra podr\u00eda ser que los migrantes se dedican a realizar su trabajo y no infringen la ley.<\/p>\n\n\n\n<p class=\"wp-block-paragraph\">Dijo que entidades como Michoac\u00e1n, Guerrero y Oaxaca tienen un n\u00famero importante de personas en Estados Unidos, por lo tanto su n\u00famero de deportados es mucho mayor.<\/p>\n\n\n\n<p class=\"wp-block-paragraph\">Respecto al comportamiento de la migraci\u00f3n de colimenses hacia el pa\u00eds vecino, Santos Garc\u00eda afirm\u00f3 que ha disminuido en los \u00faltimos a\u00f1os. Expres\u00f3 que por el contrario, la migraci\u00f3n de personas hacia Colima es mayor que la cantidad de colimenses que buscan mejores oportunidades de vida en otros lugares del pa\u00eds o el extranjero.<\/p>\n\n\n\n<p class=\"wp-block-paragraph\">El funcionario estatal detall\u00f3 que a la entidad viene mucha gente del sur de pa\u00eds para buscar trabajo; \u201clas condiciones son favorables, quiz\u00e1 por la conectividad y el f\u00e1cil acceso a los programas sociales\u201d.<\/p>\n<div class=\"fb-background-color\">\n\t\t\t  <div \n\t\t\t  \tclass = \"fb-comments\" \n\t\t\t  \tdata-href = \"https:\/\/diarioavanzada.com.mx\/?p=4772\"\n\t\t\t  \tdata-numposts = \"10\"\n\t\t\t  \tdata-lazy = \"true\"\n\t\t\t\tdata-colorscheme = \"light\"\n\t\t\t\tdata-order-by = \"social\"\n\t\t\t\tdata-mobile=true>\n\t\t\t  <\/div><\/div>\n\t\t  <style>\n\t\t    .fb-background-color {\n\t\t\t\tbackground:  !important;\n\t\t\t}\n\t\t\t.fb_iframe_widget_fluid_desktop iframe {\n\t\t\t    width: 100% !important;\n\t\t\t}\n\t\t  <\/style>\n\t\t  ","protected":false},"excerpt":{"rendered":"<p>Colima, M\u00e9xico, Avanzada (16\/04\/2019).-\u00a0Contrario a lo que se esperaba por el endurecimiento de las pol\u00edticas migratorias del gobierno de Estados Unidos, no existe un aumento en el n\u00famero de repatriaciones de colimenses desde el pa\u00eds vecino. Lo anterior fue se\u00f1alado por el encargado de la Oficina de Atenci\u00f3n a Migrantes del gobierno de Colima, Santos [&hellip;]<\/p>\n","protected":false},"author":5,"featured_media":4773,"comment_status":"open","ping_status":"open","sticky":false,"template":"","format":"standard","meta":{"_coblocks_attr":"","_coblocks_dimensions":"","_coblocks_responsive_height":"","_coblocks_accordion_ie_support":"","_crdt_document":"","advanced_seo_description":"","jetpack_seo_html_title":"","jetpack_seo_noindex":false,"_jetpack_memberships_contains_paid_content":false,"footnotes":""},"categories":[19],"tags":[210],"class_list":["post-4772","post","type-post","status-publish","format-standard","has-post-thumbnail","hentry","category-colima","tag-portada"],"jetpack_featured_media_url":"https:\/\/diarioavanzada.com.mx\/wp-content\/uploads\/2019\/04\/44941821_1862075700572184_3759435357234397184_n.jpg","jetpack-related-posts":[],"jetpack_sharing_enabled":true,"amp_enabled":true,"_links":{"self":[{"href":"https:\/\/diarioavanzada.com.mx\/index.php?rest_route=\/wp\/v2\/posts\/4772","targetHints":{"allow":["GET"]}}],"collection":[{"href":"https:\/\/diarioavanzada.com.mx\/index.php?rest_route=\/wp\/v2\/posts"}],"about":[{"href":"https:\/\/diarioavanzada.com.mx\/index.php?rest_route=\/wp\/v2\/types\/post"}],"author":[{"embeddable":true,"href":"https:\/\/diarioavanzada.com.mx\/index.php?rest_route=\/wp\/v2\/users\/5"}],"replies":[{"embeddable":true,"href":"https:\/\/diarioavanzada.com.mx\/index.php?rest_route=%2Fwp%2Fv2%2Fcomments&post=4772"}],"version-history":[{"count":0,"href":"https:\/\/diarioavanzada.com.mx\/index.php?rest_route=\/wp\/v2\/posts\/4772\/revisions"}],"wp:featuredmedia":[{"embeddable":true,"href":"https:\/\/diarioavanzada.com.mx\/index.php?rest_route=\/wp\/v2\/media\/4773"}],"wp:attachment":[{"href":"https:\/\/diarioavanzada.com.mx\/index.php?rest_route=%2Fwp%2Fv2%2Fmedia&parent=4772"}],"wp:term":[{"taxonomy":"category","embeddable":true,"href":"https:\/\/diarioavanzada.com.mx\/index.php?rest_route=%2Fwp%2Fv2%2Fcategories&post=4772"},{"taxonomy":"post_tag","embeddable":true,"href":"https:\/\/diarioavanzada.com.mx\/index.php?rest_route=%2Fwp%2Fv2%2Ftags&post=4772"}],"curies":[{"name":"wp","href":"https:\/\/api.w.org\/{rel}","templated":true}]}}