{"id":47626,"date":"2023-08-23T06:39:46","date_gmt":"2023-08-23T12:39:46","guid":{"rendered":"https:\/\/diarioavanzada.com.mx\/?p=47626"},"modified":"2023-08-23T06:42:47","modified_gmt":"2023-08-23T12:42:47","slug":"la-banda-de-bosque-real","status":"publish","type":"post","link":"https:\/\/diarioavanzada.com.mx\/?p=47626","title":{"rendered":"La Banda de Bosque Real"},"content":{"rendered":"\n<p class=\"wp-block-paragraph\">Columna<br>El puercoesp\u00edn\u00a0<br><br>La Casa Blanca fue el epitafio de la credibilidad del gobierno de Enrique Pe\u00f1a Nieto. Por primera vez en la historia se hizo p\u00fablica una investigaci\u00f3n que documentaba puntualmente la corrupci\u00f3n de un presidente de la Rep\u00fablica.\u00a0<br><br>En M\u00e9xico todos los presidentes han robado, los mexicanos lo sabemos, pero con Pe\u00f1a Nieto se document\u00f3 el robo y como lo profetiz\u00f3 Carlos Monsiv\u00e1is que, cuando se llegara a documentar el robo de un presidente, otra historia ser\u00eda. No estar\u00edamos hablando de presunciones fundadas sino de hechos reales y punibles, ese fue el m\u00e9rito de la investigaci\u00f3n de la Casa Blanca: demostr\u00f3 documentadamente que Pe\u00f1a Nieto era un corrupto.<br><br>Las casas de Bosque Real es la historia documentada de la corrupci\u00f3n del grupo pol\u00edtico que asalt\u00f3 el poder en Colima. Es la <em>Mafia de las amiguis<\/em> el grupo de bribones que ostentan el poder en Colima que caponea Indira Vizca\u00edno. \u00a0<br><br>Heidi de Le\u00f3n sac\u00f3 a la luz p\u00fablica la compra de la casa de Indira en Bosque Real. El d\u00eda de ayer <strong>Oscar Adri\u00e1n Luna en Perriodismo<\/strong> publica un extenso reportaje donde expone perfectamente documentado c\u00f3mo la banda de Indira Vizca\u00edno \u201ccompr\u00f3\u201d sus casas en el fraccionamiento m\u00e1s fif\u00ed de la ciudad de Villa de \u00c1lvarez.\u00a0<br><br>Con apenas un a\u00f1o en el poder, la gobernadora Indira Vizca\u00edno Silva; su hermano Arnoldo Vizca\u00edno Silva; el jefe de la Oficina de la Gubernatura, Eduardo Jurado Escamilla; la secretaria general de Gobierno, Guadalupe Sol\u00eds Ram\u00edrez; y, Rosa Mar\u00eda Cabrera Brice\u00f1o, mam\u00e1 de la directora del DIF Estatal, Rosa Mar\u00eda Bayardo Cabrera, compraron millonarias casas en el exclusivo fraccionamiento Bosque Real, la zona de mayor plusval\u00eda de todo el municipio de Villa de \u00c1lvarez.<br><br>La casa de Indira cost\u00f3 6 millones 653 mil 900 pesos y fue escriturada bajo el folio 68568; la casa de Eduardo Jurado cost\u00f3 3 millones 451 mil 417 pesos y se escritur\u00f3 bajo el folio 67865; la casa de Rosa Mar\u00eda Cabrera cost\u00f3 3 millones 721 mil 552 pesos con 97 centavos y se escrituro bajo el folio 68478; la casa de Lupita Sol\u00eds cost\u00f3 3 millones 846 mil 015 pesos y se escritur\u00f3 bajo el folio 67583; y la casa del hermano de la gobernadora, Arnoldo Vizca\u00edno Silva, cost\u00f3 3 millones 268 mil 970 pesos y se escritur\u00f3 bajo el folio 67674.<br><br>Y son tan vaquetones que ni siquiera el predial pagan. Cuando todos los colimenses pagamos nuestro predial, y muchos lo hacemos con sacrificios, porque aparte de tener la amenaza de recibir multas y recargos, si no lo hacemos, en el caso de los que tenemos autos, la tenencia no ser\u00e1 subsidiada, por ejemplo. Estos sinverg\u00fcenzas ni el predial pagan.\u00a0<br><br>Hace algunos d\u00edas la presidenta municipal de Manzanillo tambi\u00e9n hizo la denuncia de que la diputada Andrea Naranjo tampoco paga los impuestos y el predial de sus casas y empresas.<br><br>Esta banda de c\u00ednicos, liderados por Indira, se sienten miembros de la casta divina y se niegan a cumplir con sus obligaciones tributarias como cualquier hijo de vecino.<br><br>El clan de las casas del Bosque Real, los nuevos ricos del r\u00e9gimen o <em>Mafia de las amiguis<\/em> lleg\u00f3 al poder para beneficiarse de sus puestos y como lo demuestran las fechas de adquisici\u00f3n de los inmuebles no han perdido el tiempo, pues, desde su acceso temprano al gobierno, se dieron a la tarea de \u201cadquirir\u201d estos bienes.<br><br>Los beneficios de esta banda de vaquetones, incrustados en el gobierno del estado, al recibir estos beneficios, y digo beneficios, porque con los salarios que perciben ser\u00eda imposible pagar estas casas, por tanto, es l\u00f3gico pensar que los beneficios de los que son objeto tendr\u00e1n que otorgar contra beneficios.\u00a0<br><br>Heidi de Le\u00f3n y Oscar Adri\u00e1n Luna han hecho algo muy importante para la sociedad colimense han denunciado y documentado la corrupci\u00f3n de Indira y del hatajo de vaquetones que integran su gabinete.\u00a0<br><br>Indira no ha gestionado nada para resolver el asunto financiero del gobierno del estado.<br><br>Indira no ha instrumentado nada para solucionar el problema de la inseguridad en el estado.<br><br>Indira no ha combatido corrupci\u00f3n del pasado. Ahora ya sabemos por qu\u00e9. Ahora ya tenemos en claro por qu\u00e9 perdon\u00f3 a Carlos Noriega, responsable de la crisis financiera del gobierno.<br><br>La impunidad tiene en Indira una excelente aliada. Los corruptos que pertenecen a los grupos pol\u00edticos del pasado pueden dormir tranquilos, pues la gobernadora cuidar\u00e1 que la ley nunca los alcance porque ella forma parte de la corrupci\u00f3n que, d\u00eda a d\u00eda, los buenos periodistas est\u00e1n documentando.<br><br>El desorden en el Congreso del Estado no es una casualidad, sino que obedece a una anarqu\u00eda cuyo origen es una negligencia intencional y c\u00f3mplice de la impunidad orquestada por el Ejecutivo.<br><br>El desconcierto en el Poder Judicial tampoco es gratuito est\u00e1 inducido desde el Poder Ejecutivo para proteger a los corruptos.<br><br>El caos del Poder Ejecutivo es una actitud intencional para que otros, m\u00e1s duros y siniestros, los que \u201cregalaron\u201d (cualquiera lo puede intuir) las casas de Bosque Real hagan negocios al amparo de la confusi\u00f3n inducida desde el Poder Ejecutivo.\u00a0<br><br>La banda de Bosque Real, la <em>Mafia de las amiguis,<\/em> vive feliz, mientras Colima est\u00e1 sumida en la inseguridad y la confusi\u00f3n administrativa sin precedentes.\u00a0<br><br>El 74 % de colimenses etiquetan al gobierno de Indira como corrupto y la mayor\u00eda de las empresas demosc\u00f3picas, registran que el pueblo de Colima considera al gobierno estatal como inepto e ineficiente. El DIF, en particular, presidido por el hermano de la gobernadora, es de los peores calificados a nivel nacional. En resumen, la gente ve en los Vizca\u00edno personajes ineptos, ineficientes y corruptos.<br><br>La ruta de los regalos a los vaquetones de la <em>Mafia de las amiguis<\/em> nos conduce inexorablemente a sus beneficiarios.<\/p>\n<div class=\"fb-background-color\">\n\t\t\t  <div \n\t\t\t  \tclass = \"fb-comments\" \n\t\t\t  \tdata-href = \"https:\/\/diarioavanzada.com.mx\/?p=47626\"\n\t\t\t  \tdata-numposts = \"10\"\n\t\t\t  \tdata-lazy = \"true\"\n\t\t\t\tdata-colorscheme = \"light\"\n\t\t\t\tdata-order-by = \"social\"\n\t\t\t\tdata-mobile=true>\n\t\t\t  <\/div><\/div>\n\t\t  <style>\n\t\t    .fb-background-color {\n\t\t\t\tbackground:  !important;\n\t\t\t}\n\t\t\t.fb_iframe_widget_fluid_desktop iframe {\n\t\t\t    width: 100% !important;\n\t\t\t}\n\t\t  <\/style>\n\t\t  ","protected":false},"excerpt":{"rendered":"<p>ColumnaEl puercoesp\u00edn\u00a0 La Casa Blanca fue el epitafio de la credibilidad del gobierno de Enrique Pe\u00f1a Nieto. Por primera vez en la historia se hizo p\u00fablica una investigaci\u00f3n que documentaba puntualmente la corrupci\u00f3n de un presidente de la Rep\u00fablica.\u00a0 En M\u00e9xico todos los presidentes han robado, los mexicanos lo sabemos, pero con Pe\u00f1a Nieto se [&hellip;]<\/p>\n","protected":false},"author":9,"featured_media":47631,"comment_status":"closed","ping_status":"closed","sticky":false,"template":"","format":"standard","meta":{"_coblocks_attr":"","_coblocks_dimensions":"","_coblocks_responsive_height":"","_coblocks_accordion_ie_support":"","advanced_seo_description":"","jetpack_seo_html_title":"","jetpack_seo_noindex":false,"jetpack_seo_schema_type":"","_jetpack_newsletter_access":"","_jetpack_dont_email_post_to_subs":false,"_jetpack_newsletter_tier_id":0,"_jetpack_memberships_contains_paywalled_content":false,"_wpcom_ai_launchpad_first_post":false,"_jetpack_feature_clip_id":0,"_jetpack_memberships_contains_paid_content":false,"footnotes":"","jetpack_post_was_ever_published":false},"categories":[19,209,24],"tags":[220,210],"class_list":["post-47626","post","type-post","status-publish","format-standard","has-post-thumbnail","hentry","category-colima","category-importantes","category-opinion","tag-opinion","tag-portada"],"jetpack-related-posts":[],"jetpack_sharing_enabled":true,"amp_enabled":true,"jetpack_featured_media_url":"https:\/\/diarioavanzada.com.mx\/wp-content\/uploads\/2023\/08\/image-154.png","_links":{"self":[{"href":"https:\/\/diarioavanzada.com.mx\/index.php?rest_route=\/wp\/v2\/posts\/47626","targetHints":{"allow":["GET"]}}],"collection":[{"href":"https:\/\/diarioavanzada.com.mx\/index.php?rest_route=\/wp\/v2\/posts"}],"about":[{"href":"https:\/\/diarioavanzada.com.mx\/index.php?rest_route=\/wp\/v2\/types\/post"}],"author":[{"embeddable":true,"href":"https:\/\/diarioavanzada.com.mx\/index.php?rest_route=\/wp\/v2\/users\/9"}],"replies":[{"embeddable":true,"href":"https:\/\/diarioavanzada.com.mx\/index.php?rest_route=%2Fwp%2Fv2%2Fcomments&post=47626"}],"version-history":[{"count":4,"href":"https:\/\/diarioavanzada.com.mx\/index.php?rest_route=\/wp\/v2\/posts\/47626\/revisions"}],"predecessor-version":[{"id":47633,"href":"https:\/\/diarioavanzada.com.mx\/index.php?rest_route=\/wp\/v2\/posts\/47626\/revisions\/47633"}],"wp:featuredmedia":[{"embeddable":true,"href":"https:\/\/diarioavanzada.com.mx\/index.php?rest_route=\/wp\/v2\/media\/47631"}],"wp:attachment":[{"href":"https:\/\/diarioavanzada.com.mx\/index.php?rest_route=%2Fwp%2Fv2%2Fmedia&parent=47626"}],"wp:term":[{"taxonomy":"category","embeddable":true,"href":"https:\/\/diarioavanzada.com.mx\/index.php?rest_route=%2Fwp%2Fv2%2Fcategories&post=47626"},{"taxonomy":"post_tag","embeddable":true,"href":"https:\/\/diarioavanzada.com.mx\/index.php?rest_route=%2Fwp%2Fv2%2Ftags&post=47626"}],"curies":[{"name":"wp","href":"https:\/\/api.w.org\/{rel}","templated":true}]}}