{"id":47309,"date":"2023-08-12T10:17:59","date_gmt":"2023-08-12T16:17:59","guid":{"rendered":"https:\/\/diarioavanzada.com.mx\/?p=47309"},"modified":"2023-08-12T10:22:40","modified_gmt":"2023-08-12T16:22:40","slug":"preocupante-activan-alerta-alba-por-la-desaparicion-de-cinco-mujeres-en-dos-dias","status":"publish","type":"post","link":"https:\/\/diarioavanzada.com.mx\/?p=47309","title":{"rendered":"\u00a1Preocupante!, activan Alerta Alba por la desaparici\u00f3n de cinco mujeres en dos d\u00edas"},"content":{"rendered":"\n<p class=\"wp-block-paragraph\">Colima, M\u00e9xico, Avanzada (12\/08\/2023).- El sombr\u00edo panorama provocado por la violencia en el estado de Colima, se oscurece m\u00e1s con la desaparici\u00f3n de cinco mujeres que fueron reportadas por la Fiscal\u00eda General del Estado luego de que emiti\u00f3 sus Alertas Alba. La preocupaci\u00f3n en la comunidad es mayor porque los hechos se registraron en tan solo dos d\u00edas.<\/p>\n\n\n\n<p class=\"wp-block-paragraph\">Las j\u00f3venes desaparecidas han sido identificadas como:<\/p>\n\n\n\n<ul class=\"wp-block-list\">\n<li>F\u00e1tima Esmeralda Medina Miranda, de 17 a\u00f1os.<\/li>\n\n\n\n<li>Bianca Valeria Hern\u00e1ndez Ch\u00e1vez, de 15 a\u00f1os.<\/li>\n\n\n\n<li>Daniela Guadalupe Maga\u00f1a del Toro, de 21 a\u00f1os.<\/li>\n\n\n\n<li>Fanny Monserrat Mungu\u00eda Ram\u00edrez, de 11 a\u00f1os.<\/li>\n\n\n\n<li>Selene Ram\u00edrez Garc\u00eda, de 29 a\u00f1os.<\/li>\n<\/ul>\n\n\n\n<p class=\"wp-block-paragraph\">Los detalles de cada caso han sido proporcionados por la Fiscal\u00eda, junto con la descripci\u00f3n f\u00edsica de cada joven y la fecha en que fueron vistas por \u00faltima vez. Estos informes incluyen informaci\u00f3n como complexi\u00f3n, estatura, tez, caracter\u00edsticas faciales y cabello, con el fin de facilitar su identificaci\u00f3n.<\/p>\n\n\n\n<p class=\"wp-block-paragraph\">La preocupaci\u00f3n se ha acentuado debido a la proximidad en el tiempo de las desapariciones, y el hecho de que las j\u00f3venes var\u00edan en edades y perfiles, lo que complica la identificaci\u00f3n de un posible patr\u00f3n.<\/p>\n\n\n\n<p class=\"wp-block-paragraph\">La FGE ha proporcionado n\u00fameros de contacto para recibir informaci\u00f3n relevante que pueda ayudar en la b\u00fasqueda de las j\u00f3venes desaparecidas. La comunidad est\u00e1 siendo exhortada a comunicarse con la Fiscal\u00eda General del Estado a trav\u00e9s de los n\u00fameros 312 316 4580, 312 316 4581, 312 316 4582, 312 316 4583, 312 316 4584, 312 316 4585, 312 316 4586, 312 316 4587, 312 316 4588 y 312 316 4589.<\/p>\n\n\n\n<figure class=\"wp-block-gallery has-nested-images columns-default is-cropped wp-block-gallery-1 is-layout-flex wp-block-gallery-is-layout-flex\">\n<figure class=\"wp-block-image size-large\"><img loading=\"lazy\" decoding=\"async\" width=\"768\" height=\"1024\" data-id=\"47312\" src=\"https:\/\/diarioavanzada.com.mx\/wp-content\/uploads\/2023\/08\/IMG_7114-768x1024.jpg\" alt=\"\" class=\"wp-image-47312\" srcset=\"https:\/\/diarioavanzada.com.mx\/wp-content\/uploads\/2023\/08\/IMG_7114-768x1024.jpg 768w, https:\/\/diarioavanzada.com.mx\/wp-content\/uploads\/2023\/08\/IMG_7114-225x300.jpg 225w, https:\/\/diarioavanzada.com.mx\/wp-content\/uploads\/2023\/08\/IMG_7114-900x1200.jpg?crop=1 900w, https:\/\/diarioavanzada.com.mx\/wp-content\/uploads\/2023\/08\/IMG_7114-600x800.jpg?crop=1 600w, https:\/\/diarioavanzada.com.mx\/wp-content\/uploads\/2023\/08\/IMG_7114-300x400.jpg?crop=1 300w, https:\/\/diarioavanzada.com.mx\/wp-content\/uploads\/2023\/08\/IMG_7114-150x200.jpg?crop=1 150w, https:\/\/diarioavanzada.com.mx\/wp-content\/uploads\/2023\/08\/IMG_7114.jpg 960w\" sizes=\"auto, (max-width: 768px) 100vw, 768px\" \/><\/figure>\n\n\n\n<figure class=\"wp-block-image size-large\"><img loading=\"lazy\" decoding=\"async\" width=\"768\" height=\"1024\" data-id=\"47313\" src=\"https:\/\/diarioavanzada.com.mx\/wp-content\/uploads\/2023\/08\/IMG_7113-768x1024.jpg\" alt=\"\" class=\"wp-image-47313\" srcset=\"https:\/\/diarioavanzada.com.mx\/wp-content\/uploads\/2023\/08\/IMG_7113-768x1024.jpg 768w, https:\/\/diarioavanzada.com.mx\/wp-content\/uploads\/2023\/08\/IMG_7113-225x300.jpg 225w, https:\/\/diarioavanzada.com.mx\/wp-content\/uploads\/2023\/08\/IMG_7113-900x1200.jpg?crop=1 900w, https:\/\/diarioavanzada.com.mx\/wp-content\/uploads\/2023\/08\/IMG_7113-600x800.jpg?crop=1 600w, https:\/\/diarioavanzada.com.mx\/wp-content\/uploads\/2023\/08\/IMG_7113-300x400.jpg?crop=1 300w, https:\/\/diarioavanzada.com.mx\/wp-content\/uploads\/2023\/08\/IMG_7113-150x200.jpg?crop=1 150w, https:\/\/diarioavanzada.com.mx\/wp-content\/uploads\/2023\/08\/IMG_7113.jpg 960w\" sizes=\"auto, (max-width: 768px) 100vw, 768px\" \/><\/figure>\n\n\n\n<figure class=\"wp-block-image size-large is-style-default\"><img loading=\"lazy\" decoding=\"async\" width=\"768\" height=\"1024\" data-id=\"47314\" src=\"https:\/\/diarioavanzada.com.mx\/wp-content\/uploads\/2023\/08\/IMG_7112-768x1024.jpg\" alt=\"\" class=\"wp-image-47314\" srcset=\"https:\/\/diarioavanzada.com.mx\/wp-content\/uploads\/2023\/08\/IMG_7112-768x1024.jpg 768w, https:\/\/diarioavanzada.com.mx\/wp-content\/uploads\/2023\/08\/IMG_7112-225x300.jpg 225w, https:\/\/diarioavanzada.com.mx\/wp-content\/uploads\/2023\/08\/IMG_7112-900x1200.jpg?crop=1 900w, https:\/\/diarioavanzada.com.mx\/wp-content\/uploads\/2023\/08\/IMG_7112-600x800.jpg?crop=1 600w, https:\/\/diarioavanzada.com.mx\/wp-content\/uploads\/2023\/08\/IMG_7112-300x400.jpg?crop=1 300w, https:\/\/diarioavanzada.com.mx\/wp-content\/uploads\/2023\/08\/IMG_7112-150x200.jpg?crop=1 150w, https:\/\/diarioavanzada.com.mx\/wp-content\/uploads\/2023\/08\/IMG_7112.jpg 960w\" sizes=\"auto, (max-width: 768px) 100vw, 768px\" \/><\/figure>\n\n\n\n<figure class=\"wp-block-image size-large\"><img loading=\"lazy\" decoding=\"async\" width=\"768\" height=\"1024\" data-id=\"47315\" src=\"https:\/\/diarioavanzada.com.mx\/wp-content\/uploads\/2023\/08\/IMG_7111-768x1024.jpg\" alt=\"\" class=\"wp-image-47315\" srcset=\"https:\/\/diarioavanzada.com.mx\/wp-content\/uploads\/2023\/08\/IMG_7111-768x1024.jpg 768w, https:\/\/diarioavanzada.com.mx\/wp-content\/uploads\/2023\/08\/IMG_7111-225x300.jpg 225w, https:\/\/diarioavanzada.com.mx\/wp-content\/uploads\/2023\/08\/IMG_7111-900x1200.jpg?crop=1 900w, https:\/\/diarioavanzada.com.mx\/wp-content\/uploads\/2023\/08\/IMG_7111-600x800.jpg?crop=1 600w, https:\/\/diarioavanzada.com.mx\/wp-content\/uploads\/2023\/08\/IMG_7111-300x400.jpg?crop=1 300w, https:\/\/diarioavanzada.com.mx\/wp-content\/uploads\/2023\/08\/IMG_7111-150x200.jpg?crop=1 150w, https:\/\/diarioavanzada.com.mx\/wp-content\/uploads\/2023\/08\/IMG_7111.jpg 960w\" sizes=\"auto, (max-width: 768px) 100vw, 768px\" \/><\/figure>\n\n\n\n<figure class=\"wp-block-image size-large\"><img loading=\"lazy\" decoding=\"async\" width=\"768\" height=\"1024\" data-id=\"47316\" src=\"https:\/\/diarioavanzada.com.mx\/wp-content\/uploads\/2023\/08\/IMG_7110-768x1024.jpg\" alt=\"\" class=\"wp-image-47316\" srcset=\"https:\/\/diarioavanzada.com.mx\/wp-content\/uploads\/2023\/08\/IMG_7110-768x1024.jpg 768w, https:\/\/diarioavanzada.com.mx\/wp-content\/uploads\/2023\/08\/IMG_7110-225x300.jpg 225w, https:\/\/diarioavanzada.com.mx\/wp-content\/uploads\/2023\/08\/IMG_7110-900x1200.jpg?crop=1 900w, https:\/\/diarioavanzada.com.mx\/wp-content\/uploads\/2023\/08\/IMG_7110-600x800.jpg?crop=1 600w, https:\/\/diarioavanzada.com.mx\/wp-content\/uploads\/2023\/08\/IMG_7110-300x400.jpg?crop=1 300w, https:\/\/diarioavanzada.com.mx\/wp-content\/uploads\/2023\/08\/IMG_7110-150x200.jpg?crop=1 150w, https:\/\/diarioavanzada.com.mx\/wp-content\/uploads\/2023\/08\/IMG_7110.jpg 960w\" sizes=\"auto, (max-width: 768px) 100vw, 768px\" \/><\/figure>\n<\/figure>\n\n\n\n<p class=\"wp-block-paragraph\"><\/p>\n<div class=\"fb-background-color\">\n\t\t\t  <div \n\t\t\t  \tclass = \"fb-comments\" \n\t\t\t  \tdata-href = \"https:\/\/diarioavanzada.com.mx\/?p=47309\"\n\t\t\t  \tdata-numposts = \"10\"\n\t\t\t  \tdata-lazy = \"true\"\n\t\t\t\tdata-colorscheme = \"light\"\n\t\t\t\tdata-order-by = \"social\"\n\t\t\t\tdata-mobile=true>\n\t\t\t  <\/div><\/div>\n\t\t  <style>\n\t\t    .fb-background-color {\n\t\t\t\tbackground:  !important;\n\t\t\t}\n\t\t\t.fb_iframe_widget_fluid_desktop iframe {\n\t\t\t    width: 100% !important;\n\t\t\t}\n\t\t  <\/style>\n\t\t  ","protected":false},"excerpt":{"rendered":"<p>Colima, M\u00e9xico, Avanzada (12\/08\/2023).- El sombr\u00edo panorama provocado por la violencia en el estado de Colima, se oscurece m\u00e1s con la desaparici\u00f3n de cinco mujeres que fueron reportadas por la Fiscal\u00eda General del Estado luego de que emiti\u00f3 sus Alertas Alba. La preocupaci\u00f3n en la comunidad es mayor porque los hechos se registraron en tan [&hellip;]<\/p>\n","protected":false},"author":7,"featured_media":47318,"comment_status":"closed","ping_status":"closed","sticky":false,"template":"","format":"standard","meta":{"_coblocks_attr":"","_coblocks_dimensions":"","_coblocks_responsive_height":"","_coblocks_accordion_ie_support":"","_crdt_document":"","advanced_seo_description":"","jetpack_seo_html_title":"","jetpack_seo_noindex":false,"_jetpack_memberships_contains_paid_content":false,"footnotes":""},"categories":[19,209,231],"tags":[275,210,219,228],"class_list":["post-47309","post","type-post","status-publish","format-standard","has-post-thumbnail","hentry","category-colima","category-importantes","category-seguridad","tag-desaparecidos","tag-portada","tag-seguridad","tag-violencia"],"jetpack_featured_media_url":"https:\/\/diarioavanzada.com.mx\/wp-content\/uploads\/2023\/08\/image-102.png","jetpack-related-posts":[],"jetpack_sharing_enabled":true,"amp_enabled":true,"_links":{"self":[{"href":"https:\/\/diarioavanzada.com.mx\/index.php?rest_route=\/wp\/v2\/posts\/47309","targetHints":{"allow":["GET"]}}],"collection":[{"href":"https:\/\/diarioavanzada.com.mx\/index.php?rest_route=\/wp\/v2\/posts"}],"about":[{"href":"https:\/\/diarioavanzada.com.mx\/index.php?rest_route=\/wp\/v2\/types\/post"}],"author":[{"embeddable":true,"href":"https:\/\/diarioavanzada.com.mx\/index.php?rest_route=\/wp\/v2\/users\/7"}],"replies":[{"embeddable":true,"href":"https:\/\/diarioavanzada.com.mx\/index.php?rest_route=%2Fwp%2Fv2%2Fcomments&post=47309"}],"version-history":[{"count":5,"href":"https:\/\/diarioavanzada.com.mx\/index.php?rest_route=\/wp\/v2\/posts\/47309\/revisions"}],"predecessor-version":[{"id":47321,"href":"https:\/\/diarioavanzada.com.mx\/index.php?rest_route=\/wp\/v2\/posts\/47309\/revisions\/47321"}],"wp:featuredmedia":[{"embeddable":true,"href":"https:\/\/diarioavanzada.com.mx\/index.php?rest_route=\/wp\/v2\/media\/47318"}],"wp:attachment":[{"href":"https:\/\/diarioavanzada.com.mx\/index.php?rest_route=%2Fwp%2Fv2%2Fmedia&parent=47309"}],"wp:term":[{"taxonomy":"category","embeddable":true,"href":"https:\/\/diarioavanzada.com.mx\/index.php?rest_route=%2Fwp%2Fv2%2Fcategories&post=47309"},{"taxonomy":"post_tag","embeddable":true,"href":"https:\/\/diarioavanzada.com.mx\/index.php?rest_route=%2Fwp%2Fv2%2Ftags&post=47309"}],"curies":[{"name":"wp","href":"https:\/\/api.w.org\/{rel}","templated":true}]}}