{"id":4722,"date":"2019-04-16T11:01:56","date_gmt":"2019-04-16T16:01:56","guid":{"rendered":"https:\/\/diarioavanzada.com.mx\/?p=4722"},"modified":"2019-04-16T11:01:57","modified_gmt":"2019-04-16T16:01:57","slug":"medicos-residentes-locales-se-unen-a-movimiento-nacional","status":"publish","type":"post","link":"https:\/\/diarioavanzada.com.mx\/?p=4722","title":{"rendered":"M\u00e9dicos residentes locales se unen a movimiento nacional"},"content":{"rendered":"\n<p class=\"wp-block-paragraph\">Colima, M\u00e9xico, Comunicado (16\/04\/2019).- Los m\u00e9dicos residentes de los hospitales Regional Universitario y General de Manzanillo, de la Secretar\u00eda de Salud y Bienestar Social del Gobierno del Estado, se encuentran en asamblea, en manifestaci\u00f3n de solidaridad con el movimiento, que realizan este grupo de galenos a nivel nacional.<\/p>\n\n\n\n<p class=\"wp-block-paragraph\">La Secretar\u00eda de Salud y Bienestar Social del Gobierno del Estado informa que se tiene conocimiento de la situaci\u00f3n y, se est\u00e1 al tanto de sus demandas, las cuales asume con respeto.<\/p>\n\n\n\n<p class=\"wp-block-paragraph\">Los referidos profesionales de la salud manifestaron por oficio que atender\u00e1n urgencias y servicio de toco cirug\u00eda, pero la dependencia estatal asever\u00f3 que todos los servicios se atender\u00e1n de manera habitual y est\u00e1n garantizados para la poblaci\u00f3n.<\/p>\n\n\n\n<p class=\"wp-block-paragraph\">Se\u00f1al\u00f3 que en las demandas locales que hacen los 78 residentes sobre infraestructura, dieta, equipamientos y actividades acad\u00e9micas, se atienden directamente en lo que corresponde a la competencia estatal.<\/p>\n\n\n\n<p class=\"wp-block-paragraph\">De esta manera, se indic\u00f3 que en el \u00e1mbito federal, se considera la figura de residencias m\u00e9dicas con el estatus de trabajador o becario y la actualizaci\u00f3n de la remuneraci\u00f3n, por lo que las cantidades a cubrir son establecidas por el nivel central.<\/p>\n\n\n\n<p class=\"wp-block-paragraph\">En el caso del Estado, las demandas no son por falta de pago, sino de normalizaci\u00f3n del proceso, ya que \u00e9ste se realiza de manera habitual.<\/p>\n\n\n\n<p class=\"wp-block-paragraph\">En cuanto a la petici\u00f3n de infraestructura y caracter\u00edsticas acordes al programa acad\u00e9mico de las residencias m\u00e9dicas, en el caso de la entidad se cuenta con la infraestructura m\u00ednima necesaria conforme a la norma oficial mexicana 016-SSA3-2012,&nbsp; lo cual ha sido acreditado mediante el proceso de evaluaci\u00f3n que realiza la Direcci\u00f3n General de Calidad y Educaci\u00f3n en Salud.<\/p>\n\n\n\n<p class=\"wp-block-paragraph\">Respecto a la autorizaci\u00f3n sin obst\u00e1culos para acudir a eventos de capacitaci\u00f3n extracurricular, hasta la fecha se vienen cumpliendo cabalmente, siempre y cuando tengan utilidad en relaci\u00f3n con el programa acad\u00e9mico y operativo y se cumplan los requisitos normativos institucionales.<\/p>\n\n\n\n<p class=\"wp-block-paragraph\">&nbsp;Y sobre la entrega de uniformes al personal becario, \u00e9sta depende de los procesos de licitaci\u00f3n para las compras consolidadas de uniformes, lo cual se llevar\u00e1 a cabo en el mes de mayo pr\u00f3ximo.<\/p>\n\n\n\n<p class=\"wp-block-paragraph\">Referente a la validez del proyecto de norma oficial mexicana de residencias m\u00e9dicas, la Secretar\u00eda de Salud aclar\u00f3 que a\u00fan no ha sido publicada la versi\u00f3n oficial, por lo que sigue siendo un proyecto, mismo que se dio a conocer en noviembre de 2018 para el an\u00e1lisis, consulta y observaciones de las instituciones involucradas.<\/p>\n<div class=\"fb-background-color\">\n\t\t\t  <div \n\t\t\t  \tclass = \"fb-comments\" \n\t\t\t  \tdata-href = \"https:\/\/diarioavanzada.com.mx\/?p=4722\"\n\t\t\t  \tdata-numposts = \"10\"\n\t\t\t  \tdata-lazy = \"true\"\n\t\t\t\tdata-colorscheme = \"light\"\n\t\t\t\tdata-order-by = \"social\"\n\t\t\t\tdata-mobile=true>\n\t\t\t  <\/div><\/div>\n\t\t  <style>\n\t\t    .fb-background-color {\n\t\t\t\tbackground:  !important;\n\t\t\t}\n\t\t\t.fb_iframe_widget_fluid_desktop iframe {\n\t\t\t    width: 100% !important;\n\t\t\t}\n\t\t  <\/style>\n\t\t  ","protected":false},"excerpt":{"rendered":"<p>Colima, M\u00e9xico, Comunicado (16\/04\/2019).- Los m\u00e9dicos residentes de los hospitales Regional Universitario y General de Manzanillo, de la Secretar\u00eda de Salud y Bienestar Social del Gobierno del Estado, se encuentran en asamblea, en manifestaci\u00f3n de solidaridad con el movimiento, que realizan este grupo de galenos a nivel nacional. La Secretar\u00eda de Salud y Bienestar Social [&hellip;]<\/p>\n","protected":false},"author":7,"featured_media":4723,"comment_status":"open","ping_status":"open","sticky":false,"template":"","format":"standard","meta":{"_coblocks_attr":"","_coblocks_dimensions":"","_coblocks_responsive_height":"","_coblocks_accordion_ie_support":"","_crdt_document":"","advanced_seo_description":"","jetpack_seo_html_title":"","jetpack_seo_noindex":false,"_jetpack_memberships_contains_paid_content":false,"footnotes":""},"categories":[27],"tags":[],"class_list":["post-4722","post","type-post","status-publish","format-standard","has-post-thumbnail","hentry","category-salud"],"jetpack_featured_media_url":"https:\/\/diarioavanzada.com.mx\/wp-content\/uploads\/2019\/04\/Hospital-Regional-Universitario.jpg","jetpack-related-posts":[],"jetpack_sharing_enabled":true,"amp_enabled":true,"_links":{"self":[{"href":"https:\/\/diarioavanzada.com.mx\/index.php?rest_route=\/wp\/v2\/posts\/4722","targetHints":{"allow":["GET"]}}],"collection":[{"href":"https:\/\/diarioavanzada.com.mx\/index.php?rest_route=\/wp\/v2\/posts"}],"about":[{"href":"https:\/\/diarioavanzada.com.mx\/index.php?rest_route=\/wp\/v2\/types\/post"}],"author":[{"embeddable":true,"href":"https:\/\/diarioavanzada.com.mx\/index.php?rest_route=\/wp\/v2\/users\/7"}],"replies":[{"embeddable":true,"href":"https:\/\/diarioavanzada.com.mx\/index.php?rest_route=%2Fwp%2Fv2%2Fcomments&post=4722"}],"version-history":[{"count":0,"href":"https:\/\/diarioavanzada.com.mx\/index.php?rest_route=\/wp\/v2\/posts\/4722\/revisions"}],"wp:featuredmedia":[{"embeddable":true,"href":"https:\/\/diarioavanzada.com.mx\/index.php?rest_route=\/wp\/v2\/media\/4723"}],"wp:attachment":[{"href":"https:\/\/diarioavanzada.com.mx\/index.php?rest_route=%2Fwp%2Fv2%2Fmedia&parent=4722"}],"wp:term":[{"taxonomy":"category","embeddable":true,"href":"https:\/\/diarioavanzada.com.mx\/index.php?rest_route=%2Fwp%2Fv2%2Fcategories&post=4722"},{"taxonomy":"post_tag","embeddable":true,"href":"https:\/\/diarioavanzada.com.mx\/index.php?rest_route=%2Fwp%2Fv2%2Ftags&post=4722"}],"curies":[{"name":"wp","href":"https:\/\/api.w.org\/{rel}","templated":true}]}}