{"id":46601,"date":"2023-07-25T08:22:52","date_gmt":"2023-07-25T14:22:52","guid":{"rendered":"https:\/\/diarioavanzada.com.mx\/?p=46601"},"modified":"2023-07-25T08:22:56","modified_gmt":"2023-07-25T14:22:56","slug":"indira-entre-los-peores-gobernantes","status":"publish","type":"post","link":"https:\/\/diarioavanzada.com.mx\/?p=46601","title":{"rendered":"Indira entre los peores gobernantes"},"content":{"rendered":"\n<p class=\"wp-block-paragraph\">Columna <\/p>\n\n\n\n<p class=\"wp-block-paragraph\">El puercoesp\u00edn \u00a0<\/p>\n\n\n\n<p class=\"wp-block-paragraph\">Sistem\u00e1ticamente, Indira, se encuentra entre los \u00faltimos lugares de las evaluaciones de los ciudadanos de su gobierno, en un comparativo a nivel nacional.<br><br>La pregunta formulada por la empresa consultora fue la siguiente \u00bfEst\u00e1s de acuerdo en que el gobernador (a) se le revoque el mandato por p\u00e9rdida de la confianza o siga en la gubernatura hasta que termine su periodo?<br><br>Seg\u00fan Arias Consultores, Indira ya habr\u00eda dejado la gubernatura por mandato de los ciudadanos. Los ciudadanos colimenses reprueban, en alto grado, su desempe\u00f1o al frente del gobierno del estado.\u00a0<br><br>La empresa consultora en el sondeo nacional, realizado en el mes de junio, solo los gobernadores de 10 estados ser\u00edan aprobados, es decir, tan solo el 33 % de total, pues el 66 % de los gobernadores restantes ser\u00edan echados de su puesto por mandato popular.\u00a0<br><br>Julio Menchaca Salazar fue el mejor ponderado con 78.7 % de aprobaci\u00f3n para que sigua en el gobierno y el peor evaluado fue David Monreal que tan solo cuenta con un 7.7 % de apoyo de los ciudadanos, es decir, que David Monreal deber\u00eda ser corrido m\u00e1s pronto que inmediatamente; sin embargo, all\u00ed sigue pegado a la n\u00f3mina gubernamental. \u00a0<br><br><strong>En Colima tan solo el 31 % de los ciudadanos apoyan la gesti\u00f3n de Indira el resto, es decir, el 69 % de los colimenses quieren que se vaya. Para el 69 % de los ciudadanos es urgente que la gobernadora deje su cargo por perdida de confianza.\u00a0<\/strong><br><br>En Colima, la mayor\u00eda, estamos convencidos que la actual gobernadora no tiene las aptitudes m\u00ednimas para gobernar.\u00a0<br><br>Si la gobernadora no hace gestiones para recapitalizar al Ipecol, adem\u00e1s no est\u00e1 aplicando ning\u00fan plan para resolver el problema de las finanzas p\u00fablicas ni ha hecho ninguna gesti\u00f3n ante la Secretar\u00eda de Hacienda para resolver el problema; si la gobernadora tiene al frente del secretariado encargado de la Seguridad P\u00fablica a una inepta, nepotista e in\u00fatil, luego entonces, uno entiende el porqu\u00e9 el estado est\u00e1 naufragando entre la zozobra y la incertidumbre; si la gobernadora no est\u00e1 promoviendo el estado para atraer inversiones y generar empleos; entonces, \u00bfqu\u00e9 est\u00e1 haciendo? \u00bfA qu\u00e9 se dedica? \u00bfEn qu\u00e9 invierte su tiempo la gobernadora?<br>No es dif\u00edcil adivinar.<br>Se la pasa en la Ciudad de M\u00e9xico haciendo relaciones pol\u00edticas para conseguir una nueva chamba, se la pasa en la CDMX fortaleciendo relaciones con Claudia Sheinbaum.<br><br>Est\u00e1 entretenida organizando el acarreo para el mitin de campa\u00f1a de Claudia. Toda su energ\u00eda y la de su equipo est\u00e1 concentrada en movilizar a la burocracia para quedar bien con el presidente y con Claudia. No le importa humillarlos y ofenderlos. La dignidad de los trabajadores no le importa.\u00a0<br><br>Est\u00e1 hostigando a los trabajadores de confianza para que hagan trabajo proselitista y movilicen a sus familias hacia los eventos de campa\u00f1a. Que hagan bola es su consigna.<br><br>Est\u00e1 direccionando los recursos -muy escasos, por cierto- hacia la campa\u00f1a. No olvidemos que este gobierno tendr\u00e1 un a\u00f1o m\u00e1s con casi nula inversi\u00f3n en infraestructura. Casi me atrever\u00eda a decir que este gobierno generar\u00e1 un r\u00e9cord por su poqu\u00edsima inversi\u00f3n p\u00fablica, pues son tan tramposo, ya que, las obras de manteamiento normal de los edificios las est\u00e1n haciendo pasar como obras de inversi\u00f3n estatal, adem\u00e1s, la Oficina de la Gubernatura, bajo la tutela de un incondicional de la gobernadora, Eduardo Jurado, ha recibido la mayor cantidad de recursos lo que implica que la gobernadora puede disponer de los recursos en forma discrecional. \u00a0<br><br>La desatenci\u00f3n de los principales problemas del estado (finanzas y seguridad) nos hacen augurar que, desde ahora, -a casi dos a\u00f1os de que la titula deje la gubernatura- las finanzas p\u00fablicas estar\u00e1n en quiebra t\u00e9cnica y la seguridad p\u00fablica sumida en la m\u00e1s profunda de las crisis donde el crimen organizado tendr\u00e1 en sus manos los destinos, las vidas de los habitantes del estado.<br><br>El Ipecol y las pensiones tendr\u00e1n todas las alarmas encendidas y los sindicatos, tanto dirigentes como elementos de base, andar\u00e1n buscando culpables, pero tendr\u00e1n en ese momento algo muy cierto, sus pensiones estar\u00e1n en los \u00edndices m\u00e1s \u00ednfimos.<br><br>Que no vea el que no quiera ver, para entonces, que nadie se lamente porque se\u00f1ales hay muchas y la irresponsabilidad parece ser mucha por parte del gobierno, los sindicatos y los partidos pol\u00edticos.\u00a0<br><br>Al Congreso ni para qu\u00e9 responsabilizarlo, los miembros que lo integran, ellos mismos, han declarado su desaparici\u00f3n.<br><br>El Poder Judicial se ha comportado tan solo como comparsa, como si vivieran en un mundo raro, en el que nada tienen que ver con la vida real colimense.\u00a0<br><br>La oposici\u00f3n sincronizada con sus dirigentes nacionales est\u00e1 perdida en la inacci\u00f3n y en la incapacidad para plantear cosas m\u00ednimas y sensatez para llamar la atenci\u00f3n en el \u00e1mbito que le corresponde, el estatal, cosa que se antoja demasiado dif\u00edcil, pues son dominados por la visi\u00f3n nacional que est\u00e1 en niveles catastr\u00f3ficos. No encuentran como enfrentar a Morena porque siguen aferrados en su terca defensa de la corrupci\u00f3n.\u00a0<br><br>Finalmente, todos tendr\u00e1n parte de responsabilidad y el desastre ser\u00e1 de Indira y los decadentes pol\u00edticos que la rodean. Todos incluidos, hasta la oposici\u00f3n.<\/p>\n<div class=\"fb-background-color\">\n\t\t\t  <div \n\t\t\t  \tclass = \"fb-comments\" \n\t\t\t  \tdata-href = \"https:\/\/diarioavanzada.com.mx\/?p=46601\"\n\t\t\t  \tdata-numposts = \"10\"\n\t\t\t  \tdata-lazy = \"true\"\n\t\t\t\tdata-colorscheme = \"light\"\n\t\t\t\tdata-order-by = \"social\"\n\t\t\t\tdata-mobile=true>\n\t\t\t  <\/div><\/div>\n\t\t  <style>\n\t\t    .fb-background-color {\n\t\t\t\tbackground:  !important;\n\t\t\t}\n\t\t\t.fb_iframe_widget_fluid_desktop iframe {\n\t\t\t    width: 100% !important;\n\t\t\t}\n\t\t  <\/style>\n\t\t  ","protected":false},"excerpt":{"rendered":"<p>Columna El puercoesp\u00edn \u00a0 Sistem\u00e1ticamente, Indira, se encuentra entre los \u00faltimos lugares de las evaluaciones de los ciudadanos de su gobierno, en un comparativo a nivel nacional. La pregunta formulada por la empresa consultora fue la siguiente \u00bfEst\u00e1s de acuerdo en que el gobernador (a) se le revoque el mandato por p\u00e9rdida de la confianza [&hellip;]<\/p>\n","protected":false},"author":9,"featured_media":46603,"comment_status":"closed","ping_status":"closed","sticky":false,"template":"","format":"standard","meta":{"_coblocks_attr":"","_coblocks_dimensions":"","_coblocks_responsive_height":"","_coblocks_accordion_ie_support":"","advanced_seo_description":"","jetpack_seo_html_title":"","jetpack_seo_noindex":false,"jetpack_seo_schema_type":"","_jetpack_newsletter_access":"","_jetpack_dont_email_post_to_subs":false,"_jetpack_newsletter_tier_id":0,"_jetpack_memberships_contains_paywalled_content":false,"_wpcom_ai_launchpad_first_post":false,"_jetpack_feature_clip_id":0,"_jetpack_memberships_contains_paid_content":false,"footnotes":"","jetpack_post_was_ever_published":false},"categories":[19,209,24],"tags":[220,210],"class_list":["post-46601","post","type-post","status-publish","format-standard","has-post-thumbnail","hentry","category-colima","category-importantes","category-opinion","tag-opinion","tag-portada"],"jetpack-related-posts":[],"jetpack_sharing_enabled":true,"amp_enabled":true,"jetpack_featured_media_url":"https:\/\/diarioavanzada.com.mx\/wp-content\/uploads\/2023\/07\/image-197.png","_links":{"self":[{"href":"https:\/\/diarioavanzada.com.mx\/index.php?rest_route=\/wp\/v2\/posts\/46601","targetHints":{"allow":["GET"]}}],"collection":[{"href":"https:\/\/diarioavanzada.com.mx\/index.php?rest_route=\/wp\/v2\/posts"}],"about":[{"href":"https:\/\/diarioavanzada.com.mx\/index.php?rest_route=\/wp\/v2\/types\/post"}],"author":[{"embeddable":true,"href":"https:\/\/diarioavanzada.com.mx\/index.php?rest_route=\/wp\/v2\/users\/9"}],"replies":[{"embeddable":true,"href":"https:\/\/diarioavanzada.com.mx\/index.php?rest_route=%2Fwp%2Fv2%2Fcomments&post=46601"}],"version-history":[{"count":2,"href":"https:\/\/diarioavanzada.com.mx\/index.php?rest_route=\/wp\/v2\/posts\/46601\/revisions"}],"predecessor-version":[{"id":46604,"href":"https:\/\/diarioavanzada.com.mx\/index.php?rest_route=\/wp\/v2\/posts\/46601\/revisions\/46604"}],"wp:featuredmedia":[{"embeddable":true,"href":"https:\/\/diarioavanzada.com.mx\/index.php?rest_route=\/wp\/v2\/media\/46603"}],"wp:attachment":[{"href":"https:\/\/diarioavanzada.com.mx\/index.php?rest_route=%2Fwp%2Fv2%2Fmedia&parent=46601"}],"wp:term":[{"taxonomy":"category","embeddable":true,"href":"https:\/\/diarioavanzada.com.mx\/index.php?rest_route=%2Fwp%2Fv2%2Fcategories&post=46601"},{"taxonomy":"post_tag","embeddable":true,"href":"https:\/\/diarioavanzada.com.mx\/index.php?rest_route=%2Fwp%2Fv2%2Ftags&post=46601"}],"curies":[{"name":"wp","href":"https:\/\/api.w.org\/{rel}","templated":true}]}}