{"id":46389,"date":"2023-07-18T07:54:52","date_gmt":"2023-07-18T13:54:52","guid":{"rendered":"https:\/\/diarioavanzada.com.mx\/?p=46389"},"modified":"2023-07-18T08:00:19","modified_gmt":"2023-07-18T14:00:19","slug":"alguien-no-hace-nada","status":"publish","type":"post","link":"https:\/\/diarioavanzada.com.mx\/?p=46389","title":{"rendered":"Alguien no hace nada"},"content":{"rendered":"\n<p class=\"wp-block-paragraph\">Columna<br>El puercoesp\u00edn\u00a0<\/p>\n\n\n\n<p class=\"wp-block-paragraph\">El padre de la gobernadora es acompa\u00f1ado por dos escoltas y se transporta en una camioneta de un mill\u00f3n doscientos mil pesos, propiedad del gobierno del estado, pero que \u00e9l utiliza para su uso personal, visitar Zentralia para hacer sus mandados -por ejemplo-. Un escolta lo acompa\u00f1a permanentemente y el otro se queda en el veh\u00edculo con el motor encendido.\u00a0<br><br>La secretaria General de Gobierno puso a trabajar a sus hijos (hija e hijo) en la Secretar\u00eda de Educaci\u00f3n y eso caus\u00f3 enojo entre los trabajadores de la Secretar\u00eda, por el nepotismo abusivo de la funcionaria, pero mucha m\u00e1s indignaci\u00f3n provoc\u00f3 que ambos asistan a su trabajo con escoltas proporcionados por el gobierno del estado. La secretaria General de Gobierno dispone de un total de 12 escoltas para su servicio personal, todos pagados por nuestros impuestos.<br><br>Colima, de acuerdo con las recomendaciones de la ONU, deber\u00eda tener mil trescientos cuatro elementos dedicados a la Seguridad P\u00fablica; sin embargo, tan solo cuenta con 704 elementos, pese a lo anterior, m\u00e1s de 200 elementos de la Polic\u00eda estatal est\u00e1n comisionados como escoltas, choferes y mandaderos de funcionarios y de sus esposas y parientes, as\u00ed como de empresarios, regidores y diputados de Morena, por \u00f3rdenes de la gobernadora Indira Vizca\u00edno Silva. A unos los mandan a recoger ni\u00f1os al colegio y otros andan haciendo el super para las esposas de los funcionarios, mientras Colima queda desprotegido, pues restando los 200 polic\u00edas comisionados para uso exclusivo de los machucones del gobierno los 504 restantes se dividen en tres turnos, lo que da la cifra de 168 polic\u00edas al servicio de la seguridad por turno, es decir, los efectivos reales cuidando el orden. Pero, no es tan as\u00ed la cosa, es mucho m\u00e1s grave, de esos 168 por turno se debe de disponer de esos efectivos para apoyar al Poder Judicial y hacer traslados de reos a los juzgados a comparecer a los detenidos bajo proceso, adem\u00e1s se deben de hacer resguardos de inmuebles donde se cometieron hechos delictivos lo que hace que la cifra de polic\u00edas efectivos sea mucho m\u00e1s reducida. La cifra exacta la desconozco, pero deben de ser mucho menos de cien por turno.<br><br>La diferencia la est\u00e1 haciendo Manzanillo, por ejemplo, porque entre otras cosas cuenta con 400 polic\u00edas municipales de los cuales 350 son certificados, es decir, que cuentan con un Certificado \u00danico Policial (CUP) y cincuenta m\u00e1s en proceso de certificarse, lo que garantiza el buen desempe\u00f1o de la polic\u00eda de proximidad, es decir, una polic\u00eda cercana a los ciudadanos y vinculada a otros sectores sociales.<br><br>La seguridad es un asunto de efectivos, es decir, que con cu\u00e1nto personal se cuenta para realizar la labor operativa de acuerdo con la cantidad de habitantes del estado, de armarlos y equiparlos perfectamente, as\u00ed como su capacitaci\u00f3n; luego vendr\u00eda la estrategia y operaci\u00f3n; sin embargo, el gobierno del estado de Colima ni siquiera cumple con la primera premisa.\u00a0<br><br>La gobernadora no ha hecho nada para contar con los elementos suficientes para brindar una seguridad eficiente, mucho menos podemos hablar de un cuerpo policial perfectamente armado y equipado, de t\u00e1cticas y estrategias ya ni hablar.\u00a0<br><br>La gobernadora y su equipo est\u00e1n ensimismados pensando en sus intereses, est\u00e1n pensando en ellos primeros y nadie m\u00e1s. No est\u00e1n haciendo su tarea.<br><br>Existen 24 puesto de primer nivel, es decir, secretarios y subsecretarios, directores y subdirectores, seg\u00fan el organigrama del gobierno estatal. Sus prioridades son dotar de seguridad a los miembros de primer nivel del gobierno y despu\u00e9s a los ciudadanos. Si sacamos cuentas, solo ellos y los miembros de los dem\u00e1s poderes, gozan de los privilegios de la Seguridad que brinda el estado, los habitantes no somos, ni por error, considerados en sus planes, si es que tienen.<br><br>Brindarles seguridad a los miembros del primer nivel del gobierno, seg\u00fan sus responsabilidades y riesgos, ser\u00eda entendible y legal, pero ampliar la seguridad a sus familiares como el caso de padre de la gobernadora y los miembros de la familia de la secretaria General de Gobierno resulta un exceso y adem\u00e1s inmoral, cuando la mayor\u00eda de los ciudadanos no contamos con seguridad m\u00ednima.\u00a0<br><br>La distracci\u00f3n de efectivos de seguridad para su uso privado es un abuso inadmisible. Y todav\u00eda m\u00e1s injustificable, indigno y reprobable es destinar a los efectivos a tareas no propias para lo que fueron contratados, sino que los est\u00e1n obligando a desempe\u00f1arse como choferes, pilmamas, trabajadores del hogar, entre otras funciones ajenas a sus tareas originales.<br><br>Todo lo anterior lo hac\u00edan los funcionarios del Prian, es cierto, y hoy los morenos lo siguen haciendo bajo el concepto patrimonialista del gobierno, algo totalmente injustificable.\u00a0<br><br>\u00bfPor qu\u00e9 la Polic\u00eda no cuenta con los suficientes efectivos, el armamento imprescindible, el equipamiento necesario y el adiestramiento eficaz? Por una sencilla raz\u00f3n, la gobernadora no ha gestionado la contrataci\u00f3n del personal suficiente; ha sido incapaz dotar a la corporaci\u00f3n del armamento imprescindible, el b\u00e1sico; y no ha promovido el adiestramiento que convierta la instituci\u00f3n en una corporaci\u00f3n eficaz, porque, simple y llanamente, la gobernadora no hace nada, no hace su trabajo.<br><br>Si los miembros de la Polic\u00eda est\u00e1n cuidando a los empresarios amigos de la gobernadora, a los pol\u00edticos del Congreso, a los miembros del Poder Judicial, a los miembros del Gabinete y sus familias, est\u00e1 claro que la corporaci\u00f3n policiaca va a resultar insuficiente para poder cuidar a los 750 mil habitantes del estado de Colima.\u00a0 Si de entrada tenemos un d\u00e9ficit de polic\u00edas y estos est\u00e1n siendo usados con sentido estrictamente faccioso, nep\u00f3tico, patrimonialista y abusivo, y aparte, no se est\u00e1 haciendo nada para proteger a los ciudadanos de los criminales, ser\u00e1 imposible pensar en la mejorar de la seguridad.\u00a0<br><br>No hacer nada para mejorar la seguridad p\u00fablica y, adem\u00e1s, se merman los recursos humanos y financieros de la Secretar\u00eda de Seguridad P\u00fablica, ser\u00e1 un desprop\u00f3sito esperar mejoras.<br><br>No hacer nada ya provoc\u00f3: 73 muertos en noviembre y diciembre de 2021; 887 muertos en 2022; y 466 asesinatos dolosos en lo que va de 2023. Tambi\u00e9n es necesario precisar que 17 polic\u00edas han sido asesinados, en lo que va de 2023, en el cumplimiento de su deber.<br><br>La indolencia del gobierno de Indira es muy perversa, hay mucha maldad en quien no hace nada para parar tanto asesinato. \u00a0<br><br>M\u00e1s de 118 cuerpos han sido encontrados en bolsas de pl\u00e1stico; m\u00e1s de 107 cuerpos en 99 fosas clandestinas.<br><br>El Congreso del Estado est\u00e1 desaparecido, no pide cuentas al Poder Ejecutivo, evade sus responsabilidades, traiciona a los ciudadanos que los eligieron. El Poder Judicial no dice nada p\u00fablicamente, le importa muy poco lo que sucede. El Poder Judicial Federal suspendi\u00f3 labores y trabajan desde su casa para no arriesgar sus vidas.\u00a0<br><br>El pueblo de Colima ha manifestado su dolor y su angustia por lo que estamos viviendo; sin embargo, el gobierno ni lo ve ni lo escucha.<br><br>Las mujeres le tumbaron la puerta y pintaron el Palacio, pero ni las vio ni las escuch\u00f3.<br><br>\u00bfQu\u00e9 sigue? No sabemos. En Colima solo sabemos, a ciencia cierta, que el gobierno de Colima no hace nada, solo existe la inercia administrativa.\u00a0<br><br>Los cad\u00e1veres se acumulan en bolsas de pl\u00e1stico, en fosas clandestinas, en la morgue estatal y algunos flotan en las corrientes de las aguas pluviales como un mensaje macabro que, parad\u00f3jicamente, nos recuerda que seguimos vivos y nos hemos acostumbrado a vivir entre muertos. Esa es nuestra Colima, un estado sembrado de muertos.\u00a0<br><br>Joven t\u00f3mese una selfi conmigo, para el feis, me dice la gobernadora desde lejos. Yo solo la miro presumiendo sus tatuajes y su infantilismo m\u00f3rbido.\u00a0<\/p>\n\n\n\n<p class=\"wp-block-paragraph\"><em>*Imagen tomada de la red social de la gobernadora, Indira Vizca\u00edno Silva.<br><\/em><br><br><br><br><br><\/p>\n<div class=\"fb-background-color\">\n\t\t\t  <div \n\t\t\t  \tclass = \"fb-comments\" \n\t\t\t  \tdata-href = \"https:\/\/diarioavanzada.com.mx\/?p=46389\"\n\t\t\t  \tdata-numposts = \"10\"\n\t\t\t  \tdata-lazy = \"true\"\n\t\t\t\tdata-colorscheme = \"light\"\n\t\t\t\tdata-order-by = \"social\"\n\t\t\t\tdata-mobile=true>\n\t\t\t  <\/div><\/div>\n\t\t  <style>\n\t\t    .fb-background-color {\n\t\t\t\tbackground:  !important;\n\t\t\t}\n\t\t\t.fb_iframe_widget_fluid_desktop iframe {\n\t\t\t    width: 100% !important;\n\t\t\t}\n\t\t  <\/style>\n\t\t  ","protected":false},"excerpt":{"rendered":"<p>ColumnaEl puercoesp\u00edn\u00a0 El padre de la gobernadora es acompa\u00f1ado por dos escoltas y se transporta en una camioneta de un mill\u00f3n doscientos mil pesos, propiedad del gobierno del estado, pero que \u00e9l utiliza para su uso personal, visitar Zentralia para hacer sus mandados -por ejemplo-. Un escolta lo acompa\u00f1a permanentemente y el otro se queda [&hellip;]<\/p>\n","protected":false},"author":9,"featured_media":46390,"comment_status":"closed","ping_status":"closed","sticky":false,"template":"","format":"standard","meta":{"_coblocks_attr":"","_coblocks_dimensions":"","_coblocks_responsive_height":"","_coblocks_accordion_ie_support":"","advanced_seo_description":"","jetpack_seo_html_title":"","jetpack_seo_noindex":false,"jetpack_seo_schema_type":"","_jetpack_newsletter_access":"","_jetpack_dont_email_post_to_subs":false,"_jetpack_newsletter_tier_id":0,"_jetpack_memberships_contains_paywalled_content":false,"_wpcom_ai_launchpad_first_post":false,"_jetpack_feature_clip_id":0,"_jetpack_memberships_contains_paid_content":false,"footnotes":"","jetpack_post_was_ever_published":false},"categories":[19,209,24],"tags":[220,210],"class_list":["post-46389","post","type-post","status-publish","format-standard","has-post-thumbnail","hentry","category-colima","category-importantes","category-opinion","tag-opinion","tag-portada"],"jetpack-related-posts":[],"jetpack_sharing_enabled":true,"amp_enabled":true,"jetpack_featured_media_url":"https:\/\/diarioavanzada.com.mx\/wp-content\/uploads\/2023\/07\/image-141.png","_links":{"self":[{"href":"https:\/\/diarioavanzada.com.mx\/index.php?rest_route=\/wp\/v2\/posts\/46389","targetHints":{"allow":["GET"]}}],"collection":[{"href":"https:\/\/diarioavanzada.com.mx\/index.php?rest_route=\/wp\/v2\/posts"}],"about":[{"href":"https:\/\/diarioavanzada.com.mx\/index.php?rest_route=\/wp\/v2\/types\/post"}],"author":[{"embeddable":true,"href":"https:\/\/diarioavanzada.com.mx\/index.php?rest_route=\/wp\/v2\/users\/9"}],"replies":[{"embeddable":true,"href":"https:\/\/diarioavanzada.com.mx\/index.php?rest_route=%2Fwp%2Fv2%2Fcomments&post=46389"}],"version-history":[{"count":4,"href":"https:\/\/diarioavanzada.com.mx\/index.php?rest_route=\/wp\/v2\/posts\/46389\/revisions"}],"predecessor-version":[{"id":46394,"href":"https:\/\/diarioavanzada.com.mx\/index.php?rest_route=\/wp\/v2\/posts\/46389\/revisions\/46394"}],"wp:featuredmedia":[{"embeddable":true,"href":"https:\/\/diarioavanzada.com.mx\/index.php?rest_route=\/wp\/v2\/media\/46390"}],"wp:attachment":[{"href":"https:\/\/diarioavanzada.com.mx\/index.php?rest_route=%2Fwp%2Fv2%2Fmedia&parent=46389"}],"wp:term":[{"taxonomy":"category","embeddable":true,"href":"https:\/\/diarioavanzada.com.mx\/index.php?rest_route=%2Fwp%2Fv2%2Fcategories&post=46389"},{"taxonomy":"post_tag","embeddable":true,"href":"https:\/\/diarioavanzada.com.mx\/index.php?rest_route=%2Fwp%2Fv2%2Ftags&post=46389"}],"curies":[{"name":"wp","href":"https:\/\/api.w.org\/{rel}","templated":true}]}}