{"id":46266,"date":"2023-07-14T07:59:31","date_gmt":"2023-07-14T13:59:31","guid":{"rendered":"https:\/\/diarioavanzada.com.mx\/?p=46266"},"modified":"2023-07-14T07:59:34","modified_gmt":"2023-07-14T13:59:34","slug":"secretario-de-seguridad-un-fracasado-mas","status":"publish","type":"post","link":"https:\/\/diarioavanzada.com.mx\/?p=46266","title":{"rendered":"Secretario de Seguridad, un fracasado m\u00e1s"},"content":{"rendered":"\n<p class=\"wp-block-paragraph\">Columna<br>El puercoesp\u00edn<\/p>\n\n\n\n<p class=\"wp-block-paragraph\">Manuel Llerandi fue despedido porque la entidad se hab\u00edan producido 610 homicidios dolosos y 13 polic\u00edas y agentes ministeriales fueron asesinados en su periodo como secretario de Seguridad.<\/p>\n\n\n\n<p class=\"wp-block-paragraph\">Entonces lleg\u00f3 H\u00e9ctor Alfredo Castillo que prometi\u00f3 resultados lo m\u00e1s pronto posible; sin embargo, nada ha cambiado, sigue la misma inercia de violencia.<br><\/p>\n\n\n\n<p class=\"wp-block-paragraph\">Los antecedentes y los deseos<\/p>\n\n\n\n<p class=\"wp-block-paragraph\">En septiembre de 2022 la gobernadora, al presentar a H\u00e9ctor Alfredo Castillo, coment\u00f3 que con el cambio se pretend\u00eda recuperar la tranquilidad y la seguridad para los colimenses. Textualmente dijo: \u201cDesde antes del arranque del gobierno (en noviembre de 2021) ten\u00edamos claro que la seguridad era una prioridad. Nosotros siempre vamos a estar al lado de la gente; la corrupci\u00f3n ocasion\u00f3 la operaci\u00f3n impune de diversos grupos delincuenciales; se sent\u00edan amos y se\u00f1ores, con omisiones de la autoridad, incluso con complicidad\u201d. Y agreg\u00f3 \u201ccuenta con nuestra confianza y la del Gobierno de M\u00e9xico; es una persona comprometida y dar\u00e1 resultados\u201d. Adem\u00e1s, agreg\u00f3, que entre los resultados obtenidos recientemente destaca el desmantelamiento de la agrupaci\u00f3n criminal\u00a0<em>Los Mezcales,<\/em>\u00a0tambi\u00e9n llamada\u00a0<em>C\u00e1rtel Independiente de Colima,<\/em>\u00a0que surgi\u00f3 en enero de 2022 a ra\u00edz del asesinato de nueve presos en el Centro de Reinserci\u00f3n Social de esta capital.<\/p>\n\n\n\n<p class=\"wp-block-paragraph\">Indic\u00f3 asimismo que se despidi\u00f3 a 40 empleados de la Fiscal\u00eda General de Justicia (FGE) tras comprobarse que ten\u00edan v\u00ednculos con el crimen organizado, \u201cy con la llegada del capit\u00e1n (Castillo) se revisar\u00e1 la operaci\u00f3n de la Secretar\u00eda de Seguridad P\u00fablica para dar resultados\u201d.<br><\/p>\n\n\n\n<p class=\"wp-block-paragraph\">La realidad<\/p>\n\n\n\n<p class=\"wp-block-paragraph\">En el periodo de Castillo se han registrado 627 homicidios dolosos, adem\u00e1s, en lo que va del a\u00f1o, en Colima han asesinado a\u00a0<strong>13<\/strong>\u00a0elementos de corporaciones de seguridad, de los cuales seis eran elementos de la Polic\u00eda Estatal Preventiva, dos de ellas mujeres; dos de la Fiscal\u00eda General del Estado: la titular de la Unidad Antisecuestros y un comandante; dos elementos de la polic\u00eda municipal de Villa de \u00c1lvarez, dos de Manzanillo y uno de Coquimatl\u00e1n.<\/p>\n\n\n\n<p class=\"wp-block-paragraph\">Los n\u00fameros de Llerandi son casi id\u00e9nticos a los de Castillo, ambos han demostrado una cosa: son unos fracasados.<\/p>\n\n\n\n<p class=\"wp-block-paragraph\">La gobernadora dijo que la corrupci\u00f3n era uno de los factores que hab\u00edan originado la violencia; sin embargo, la corrupci\u00f3n sigue all\u00ed, intacta, intocable. No se ha sabido ninguna acci\u00f3n que tienda a depurar las instituciones policiacas ni de procuraci\u00f3n de justicia y, como lo ella lo dijo, siguen los criminales siendo amos y se\u00f1ores que mandan en complicidad con la autoridad. All\u00ed est\u00e1 el c\u00e1rtel de Los Mezcales o mejor conocido como C\u00e1rtel Independiente de Colima.<\/p>\n\n\n\n<p class=\"wp-block-paragraph\">El C\u00e1rtel Independiente de Colima se da el lujo de seguir envi\u00e1ndole, al gobierno del estado, cartas amenazantes donde le recuerdo los pactos fundacionales de su asociaci\u00f3n. Las misivas circulan libre y profusamente en las redes sociales.<\/p>\n\n\n\n<p class=\"wp-block-paragraph\">La Secretar\u00eda de Seguridad P\u00fablica sigue sin haber dado muestras, ni resultados, por haber cambiado sus formas de operaci\u00f3n, como lo prometi\u00f3 la responsable del Ejecutivo al nombrar a Castillo.\u00a0<\/p>\n\n\n\n<p class=\"wp-block-paragraph\">Con H\u00e9ctor Alfredo Castillo dimos un salto cualitativo, pues las notas de la violencia de alto impacto dejaron de ser nota roja local y ya alcanzaron la gloria de ser primera plan de un diario nacional (diario Milenio) y provoc\u00f3 que el Poder Judicial Federal mandatar\u00e1 el trabajo desde casa, para no poner en riesgo la integridad de sus empleados. Es decir, que la crisis de seguridad dio un salto cualitativo.<\/p>\n\n\n\n<p class=\"wp-block-paragraph\">Tambi\u00e9n conocimos que la gobernadora, literalmente, no hace nada y eso qued\u00f3 claro con la queja p\u00fablica de la presidenta municipal de Manzanillo quien observa inacci\u00f3n y descoordinaci\u00f3n de las distintas instituciones de la prevenci\u00f3n, combate, procuraci\u00f3n e impartici\u00f3n de justicia, e incluso, puso sobre la mesa el nombre de dos jueces que se dedican a hacer m\u00e1s \u00e1gil la puerta giratoria de los juzgados para el crimen organizado.<\/p>\n\n\n\n<p class=\"wp-block-paragraph\">Todo apunta a que, en poco tiempo, la sociedad colimense tendr\u00e1 pruebas concretas de los financiamientos recibidos por el gobierno de Indira de parte del crimen organizado.<br>H\u00e9ctor Alfredo Castillo contaba con la ventaja de haber conocido las pr\u00e1cticas y metodolog\u00edas que hab\u00edan fracasado con Manuel Llerandi y corregir, en consecuencia, para avanzar en la prevenci\u00f3n y el combate a la delincuencia; sin embargo, este hombre result\u00f3 quiz\u00e1 mucho m\u00e1s inepto que Llerandi, pues la experiencia recorrida no les sirvi\u00f3 de nada.<br>Pero hay algo indiscutible, si la cabeza no sirve, el cuerpo actuar\u00e1 en consecuencia. El problema es Indira y su equipo de ineptos denominados la Mafia de las amiguis. Ellos, el equipo compacto de gobierno, son los ineptos irresponsables que nos tienen en esta zozobra de inseguridad e ingobernabilidad.\u00a0<\/p>\n\n\n\n<p class=\"wp-block-paragraph\">Por lo pronto H\u00e9ctor Alfredo Castillo debe tomar una silla playera, calzarse su camisa campechana, unos pantalones cortos, unas buenas sandalias y disfrutar de nuestras playas porque para secretario de Seguridad, est\u00e1 probado, que no sirvi\u00f3.\u00a0<br><br><\/p>\n<div class=\"fb-background-color\">\n\t\t\t  <div \n\t\t\t  \tclass = \"fb-comments\" \n\t\t\t  \tdata-href = \"https:\/\/diarioavanzada.com.mx\/?p=46266\"\n\t\t\t  \tdata-numposts = \"10\"\n\t\t\t  \tdata-lazy = \"true\"\n\t\t\t\tdata-colorscheme = \"light\"\n\t\t\t\tdata-order-by = \"social\"\n\t\t\t\tdata-mobile=true>\n\t\t\t  <\/div><\/div>\n\t\t  <style>\n\t\t    .fb-background-color {\n\t\t\t\tbackground:  !important;\n\t\t\t}\n\t\t\t.fb_iframe_widget_fluid_desktop iframe {\n\t\t\t    width: 100% !important;\n\t\t\t}\n\t\t  <\/style>\n\t\t  ","protected":false},"excerpt":{"rendered":"<p>ColumnaEl puercoesp\u00edn Manuel Llerandi fue despedido porque la entidad se hab\u00edan producido 610 homicidios dolosos y 13 polic\u00edas y agentes ministeriales fueron asesinados en su periodo como secretario de Seguridad. Entonces lleg\u00f3 H\u00e9ctor Alfredo Castillo que prometi\u00f3 resultados lo m\u00e1s pronto posible; sin embargo, nada ha cambiado, sigue la misma inercia de violencia. Los antecedentes [&hellip;]<\/p>\n","protected":false},"author":9,"featured_media":46270,"comment_status":"closed","ping_status":"closed","sticky":false,"template":"","format":"standard","meta":{"_coblocks_attr":"","_coblocks_dimensions":"","_coblocks_responsive_height":"","_coblocks_accordion_ie_support":"","advanced_seo_description":"","jetpack_seo_html_title":"","jetpack_seo_noindex":false,"jetpack_seo_schema_type":"","_jetpack_newsletter_access":"","_jetpack_dont_email_post_to_subs":false,"_jetpack_newsletter_tier_id":0,"_jetpack_memberships_contains_paywalled_content":false,"_wpcom_ai_launchpad_first_post":false,"_jetpack_feature_clip_id":0,"_jetpack_memberships_contains_paid_content":false,"footnotes":"","jetpack_post_was_ever_published":false},"categories":[19,209,24],"tags":[220,210],"class_list":["post-46266","post","type-post","status-publish","format-standard","has-post-thumbnail","hentry","category-colima","category-importantes","category-opinion","tag-opinion","tag-portada"],"jetpack-related-posts":[],"jetpack_sharing_enabled":true,"amp_enabled":true,"jetpack_featured_media_url":"https:\/\/diarioavanzada.com.mx\/wp-content\/uploads\/2023\/07\/image-119.png","_links":{"self":[{"href":"https:\/\/diarioavanzada.com.mx\/index.php?rest_route=\/wp\/v2\/posts\/46266","targetHints":{"allow":["GET"]}}],"collection":[{"href":"https:\/\/diarioavanzada.com.mx\/index.php?rest_route=\/wp\/v2\/posts"}],"about":[{"href":"https:\/\/diarioavanzada.com.mx\/index.php?rest_route=\/wp\/v2\/types\/post"}],"author":[{"embeddable":true,"href":"https:\/\/diarioavanzada.com.mx\/index.php?rest_route=\/wp\/v2\/users\/9"}],"replies":[{"embeddable":true,"href":"https:\/\/diarioavanzada.com.mx\/index.php?rest_route=%2Fwp%2Fv2%2Fcomments&post=46266"}],"version-history":[{"count":3,"href":"https:\/\/diarioavanzada.com.mx\/index.php?rest_route=\/wp\/v2\/posts\/46266\/revisions"}],"predecessor-version":[{"id":46271,"href":"https:\/\/diarioavanzada.com.mx\/index.php?rest_route=\/wp\/v2\/posts\/46266\/revisions\/46271"}],"wp:featuredmedia":[{"embeddable":true,"href":"https:\/\/diarioavanzada.com.mx\/index.php?rest_route=\/wp\/v2\/media\/46270"}],"wp:attachment":[{"href":"https:\/\/diarioavanzada.com.mx\/index.php?rest_route=%2Fwp%2Fv2%2Fmedia&parent=46266"}],"wp:term":[{"taxonomy":"category","embeddable":true,"href":"https:\/\/diarioavanzada.com.mx\/index.php?rest_route=%2Fwp%2Fv2%2Fcategories&post=46266"},{"taxonomy":"post_tag","embeddable":true,"href":"https:\/\/diarioavanzada.com.mx\/index.php?rest_route=%2Fwp%2Fv2%2Ftags&post=46266"}],"curies":[{"name":"wp","href":"https:\/\/api.w.org\/{rel}","templated":true}]}}