{"id":46049,"date":"2023-07-10T09:07:17","date_gmt":"2023-07-10T15:07:17","guid":{"rendered":"https:\/\/diarioavanzada.com.mx\/?p=46049"},"modified":"2023-07-10T09:07:47","modified_gmt":"2023-07-10T15:07:47","slug":"espinas-presidenciales-iii","status":"publish","type":"post","link":"https:\/\/diarioavanzada.com.mx\/?p=46049","title":{"rendered":"Espinas presidenciales III"},"content":{"rendered":"\n<p class=\"wp-block-paragraph\">Columna <\/p>\n\n\n\n<p class=\"wp-block-paragraph\">El puercoesp\u00edn\u00a0 <\/p>\n\n\n\n<p class=\"wp-block-paragraph\">Tercera semana de las corcholatas: <\/p>\n\n\n\n<p class=\"wp-block-paragraph\"><strong>Espina Carnal.- <\/strong>Es la corcholata que modific\u00f3 el panorama de la inercia de las campa\u00f1as. Algo muy positivo anunci\u00f3 Marcelo Ebrard. Adelant\u00f3 que hoy lunes (10 de julio) har\u00e1 la presentaci\u00f3n de su propuesta de proyecto de trabajo en el orden de seguridad. Casi al final de la semana anunci\u00f3 que, con base en su experiencia de trato con los diversos pa\u00edses del mundo, considerando su experiencia en seguridad cuando fue secretario de Seguridad en el antiguo DF, hoy CDMX; adem\u00e1s valorando las nuevas tecnolog\u00edas, \u00e9l propondr\u00e1 un proyecto que nos dar\u00e1 tranquilidad y seguridad a todos los mexicanos. Su proyecto lo denomin\u00f3 Plan \u00c1ngel y lo define como una v\u00eda para disfrutar del M\u00e9xico m\u00e1s seguro de la historia.\u00a0 <\/p>\n\n\n\n<p class=\"wp-block-paragraph\">El anuncio de Marcelo Ebrard le da un nuevo nivel a la disputa por la candidatura y la hace virar hacia los terrenos de las propuestas concretas.\u00a0 <\/p>\n\n\n\n<p class=\"wp-block-paragraph\">Esperamos una propuesta interesante que marque un nuevo rumbo a las campa\u00f1as y para que \u00e9stas sirvan de algo.\u00a0 <\/p>\n\n\n\n<p class=\"wp-block-paragraph\"><strong>Espina Noro\u00f1a<\/strong>.- El diputado con licencia y aspirante a la candidatura presidencial, Gerardo Fern\u00e1ndez Noro\u00f1a, anunci\u00f3 que entregar\u00e1 una carta a Mario Delgado para solicitar que los espectaculares de los aspirantes a ocupar la Coordinaci\u00f3n Nacional de la Defensa de los Comit\u00e9s de la 4T\u00a0sean retirados o que se revele el monto de lo invertido hasta el momento<strong>.<\/strong> <\/p>\n\n\n\n<p class=\"wp-block-paragraph\">El diputado da en el blanco al solicitar la transparencia de los recursos. Los ciudadanos tenemos el derecho a saber qui\u00e9n, cu\u00e1nto y c\u00f3mo aportan sus recursos a las campa\u00f1as. Esto lo deben de hacer por principios \u00e9ticos los pol\u00edticos antes de ser obligados por el partido o por los \u00f3rganos electorales, o incluso el tribunal electoral.\u00a0 <\/p>\n\n\n\n<p class=\"wp-block-paragraph\">Todos los ciudadanos nos hemos dado cuenta que los espectaculares y las bardas promocionales de las corcholatas de Claudia y Ad\u00e1n llaman mucho la atenci\u00f3n por su cantidad en todo el pa\u00eds.\u00a0 <\/p>\n\n\n\n<p class=\"wp-block-paragraph\">El diputado Fern\u00e1ndez Noro\u00f1a tiene raz\u00f3n Ad\u00e1n y Claudia deben de transparentar sus recursos para que, cuando menos, este intento, o supuesta elecci\u00f3n, tenga algo de decencia.\u00a0 <\/p>\n\n\n\n<p class=\"wp-block-paragraph\"><strong>Espina Claudia<\/strong>.- De gira por el estado de Aguascalientes,\u00a0la cient\u00edfica reconoci\u00f3 que el ejemplar en cuya portada aparece con el presidente L\u00f3pez Obrador a\u00fan no sale a la venta<strong>,<\/strong>\u00a0pero se\u00f1al\u00f3 que ser\u00e1 presentado en los pr\u00f3ximos d\u00edas. Asimismo,\u00a0<strong>acept\u00f3 no haber le\u00eddo el libro<\/strong>, aunque refiri\u00f3 que incluye una entrevista que le hicieron, as\u00ed como otras realizadas a personas que la conocen.<br><br>\u201cAh s\u00ed, nos estamos deslindando del espectacular, pero si va a salir un libro escrito por Arturo Cano, creo que el 17 va a salir. S\u00ed, me entrevistaron\u2026 no he le\u00eddo el libro, pero lo que entiendo es que hicieron muchas entrevistas a distintas personas que me conocen\u201d, indic\u00f3. El caso es que la corcholata Claudia tiene lleno el pa\u00eds de espectaculares, bardas y camiones del transporte p\u00fablico tapizados con su imagen. Lo grave es que en su imagen est\u00e1 acompa\u00f1ada de la figura del presidente lo cual viola las normas de la contienda impuestas por el partido. Lo que ha pasado es que ya se normalizaron los actos ilegales -en este caso promovidos por los gobernadores- como sucede en los procesos constitucionales. Tomar ventaje, sea como fuere, es la conducta por excelencia por los que se siente se\u00f1alados por el dedo presidencial y Sheinbaum no es la excepci\u00f3n. El asunto del libro es una muestra m\u00e1s de la forma descarada de tomar ventaja disfraz\u00e1ndola de actos espont\u00e1neos y naturales que, por cierto, a nadie enga\u00f1an. <\/p>\n\n\n\n<p class=\"wp-block-paragraph\">La corcholata Claudia sigue haciendo campa\u00f1a en su modo delf\u00edn(a) de Palacio. <\/p>\n\n\n\n<p class=\"wp-block-paragraph\"><strong>Espina Monreal<\/strong>.- Se compr\u00f3 una camioneta panel para hacer campa\u00f1a. Sigue fiel a su modo priista. Cubriendo el expediente.\u00a0 <\/p>\n\n\n\n<p class=\"wp-block-paragraph\"><strong>Espina Ad\u00e1n<\/strong>.- Los bur\u00f3crata cumplieron su promesa, pues intentaron romper el acto de Ad\u00e1n; sin embargo, Ad\u00e1n los atendi\u00f3 y recibi\u00f3 sus demandas de capitalizar el Ipecol. Posteriormente, en el mitin, L\u00f3pez Hern\u00e1ndez les respondi\u00f3 a los sindicalizados. Les dijo que \u00e9l los hab\u00eda atendido en su momento y en su car\u00e1cter de secretario de Gobernaci\u00f3n, pero el asunto, sostuvo, es estrictamente local y que el Indira debe fajarse los pantalones y poner las denuncias penales contra los responsables del saqueo del Ipecol.\u00a0 <\/p>\n\n\n\n<p class=\"wp-block-paragraph\">Y en Colima sabemos quienes son los culpables: Fernando Moreno, Carlos Flores, Mario Anguiano y Nacho Peralta que libres andan en la calle porque Indira los protege. <\/p>\n\n\n\n<p class=\"wp-block-paragraph\">Tajante, Ad\u00e1n Augusto L\u00f3pez Hern\u00e1ndez, aspirante a la Coordinaci\u00f3n Nacional para la Defensa de la Cuarta Transformaci\u00f3n, advirti\u00f3 esta tarde que<strong>\u00a0\u201clos gobiernos de Morena no pueden ser c\u00f3mplices de nadie\u201d,<\/strong>\u00a0y en el caso de la corrupci\u00f3n en el Instituto de Pensiones para los Servidores P\u00fablicos de Colima, la gobernadora Indira Vizca\u00edno,\u00a0<strong>\u201ctiene que amarrarse los pantalones y presentar las denuncias correspondientes.\u201d<\/strong> Subray\u00f3 que ese asunto es de car\u00e1cter estatal, de modo que el rescate financiero posible es que tiene que pagar el o los culpables,<strong>\u00a0\u201cporque no se vale que 11 mil 200 millones de pesos de los trabajadores se hayan ido por el ca\u00f1o de la corrupci\u00f3n\u201d; <\/strong>sin embargo, aclar\u00f3 que se trata de un asunto eminentemente local por lo que la gobernadora Indira Vizca\u00edno debe actuar de manera decidida: \u201cYa habr\u00e1 tiempo de que la juzgue la historia, pero ahora tiene que actuar para dar soluci\u00f3n a este problema, porque M\u00e9xico ya cambi\u00f3 y la transformaci\u00f3n no admite que ninguno de nosotros sea c\u00f3mplice\u201d de quien defrauda a los trabajadores mexicanos. <\/p>\n\n\n\n<p class=\"wp-block-paragraph\">\u201cSe aprovecharon de los trabajadores y no se vale. Los gobiernos emanados de Morena est\u00e1n obligados a actuar, a defenderlos. No podemos fallarles\u201d, subray\u00f3 durante la Asamblea informativa que encabez\u00f3 en este puerto colimense, en su vig\u00e9simo primer d\u00eda de los 70 que abarca su recorrido nacional para difundir lo que es la Cuarta Transformaci\u00f3n. As\u00ed lo consign\u00f3, Sin L\u00ednea.Mx, el peri\u00f3dico digital. <\/p>\n\n\n\n<p class=\"wp-block-paragraph\">El pol\u00edtico tabasque\u00f1o hizo una clara diferencia entre los l\u00edderes sindicales y los trabajadores de base.<br>Los dirigentes sindicalistas se metieron a la campa\u00f1a de Morena y mostraron su oportunismo y, si bien, midieron bien, calcularon mal, pues el ex secretario de Gobernaci\u00f3n mostr\u00f3 tablas y aprovech\u00f3 el evento para decirle a Indira Vizca\u00edno sus verdades, es decir, de acusarla por no cumplir con los valores fundamentales de Morena. El ex secretario fue claro y demostr\u00f3 que la gobernadora es una in\u00fatil y pobre grillera. La alianza de Indira con los l\u00edderes sindicales son malas noticias para el erario colimense. El Ipecol terminar\u00e1 en peores condiciones. Los trabajadores deben de preocuparse y mucho. <\/p>\n\n\n\n<p class=\"wp-block-paragraph\">Ad\u00e1n Augusto se anot\u00f3 un punto al saber manejar el asunto con serenidad, madurez e inteligencia. Queda perfectamente demostrado que el gobierno de Colima es un cero a la izquierda, no resuelve nada, ni quiere resolver nada. Cuando se destrab\u00f3 el asunto de los bur\u00f3cratas fue el ex secretario quien lo destrab\u00f3 y la gobernadora solo funcion\u00f3 como florero. <\/p>\n\n\n\n<p class=\"wp-block-paragraph\">Bien por los partidarios de Ad\u00e1n Augusto que sacaron adelante su evento y dejaron en rid\u00edculo a la gobernadora y sus porros, l\u00e9ase los dirigentes del sindicato de los bur\u00f3cratas. <\/p>\n\n\n\n<p class=\"wp-block-paragraph\"><strong>Espina Verde<\/strong>.- Sin novedad en el frente. <\/p>\n\n\n\n<p class=\"wp-block-paragraph\"><strong>Espina obituario<\/strong>.- Muri\u00f3 Porfirio Mu\u00f1oz Ledo (1933-2023). Mu\u00f1oz Ledo falleci\u00f3 a los 89 a\u00f1os de edad fue el \u00faltimo de los grandes cuadrados pol\u00edticos del viejo r\u00e9gimen y ajonjol\u00ed de todos los moles.<br><br><br><br><\/p>\n<div class=\"fb-background-color\">\n\t\t\t  <div \n\t\t\t  \tclass = \"fb-comments\" \n\t\t\t  \tdata-href = \"https:\/\/diarioavanzada.com.mx\/?p=46049\"\n\t\t\t  \tdata-numposts = \"10\"\n\t\t\t  \tdata-lazy = \"true\"\n\t\t\t\tdata-colorscheme = \"light\"\n\t\t\t\tdata-order-by = \"social\"\n\t\t\t\tdata-mobile=true>\n\t\t\t  <\/div><\/div>\n\t\t  <style>\n\t\t    .fb-background-color {\n\t\t\t\tbackground:  !important;\n\t\t\t}\n\t\t\t.fb_iframe_widget_fluid_desktop iframe {\n\t\t\t    width: 100% !important;\n\t\t\t}\n\t\t  <\/style>\n\t\t  ","protected":false},"excerpt":{"rendered":"<p>Columna El puercoesp\u00edn\u00a0 Tercera semana de las corcholatas: Espina Carnal.- Es la corcholata que modific\u00f3 el panorama de la inercia de las campa\u00f1as. Algo muy positivo anunci\u00f3 Marcelo Ebrard. Adelant\u00f3 que hoy lunes (10 de julio) har\u00e1 la presentaci\u00f3n de su propuesta de proyecto de trabajo en el orden de seguridad. Casi al final de [&hellip;]<\/p>\n","protected":false},"author":9,"featured_media":46050,"comment_status":"closed","ping_status":"closed","sticky":false,"template":"","format":"standard","meta":{"_coblocks_attr":"","_coblocks_dimensions":"","_coblocks_responsive_height":"","_coblocks_accordion_ie_support":"","advanced_seo_description":"","jetpack_seo_html_title":"","jetpack_seo_noindex":false,"jetpack_seo_schema_type":"","_jetpack_newsletter_access":"","_jetpack_dont_email_post_to_subs":false,"_jetpack_newsletter_tier_id":0,"_jetpack_memberships_contains_paywalled_content":false,"_wpcom_ai_launchpad_first_post":false,"_jetpack_feature_clip_id":0,"_jetpack_memberships_contains_paid_content":false,"footnotes":"","jetpack_post_was_ever_published":false},"categories":[19,209,24],"tags":[220,210],"class_list":["post-46049","post","type-post","status-publish","format-standard","has-post-thumbnail","hentry","category-colima","category-importantes","category-opinion","tag-opinion","tag-portada"],"jetpack-related-posts":[],"jetpack_sharing_enabled":true,"amp_enabled":true,"jetpack_featured_media_url":"https:\/\/diarioavanzada.com.mx\/wp-content\/uploads\/2023\/07\/image-68.png","_links":{"self":[{"href":"https:\/\/diarioavanzada.com.mx\/index.php?rest_route=\/wp\/v2\/posts\/46049","targetHints":{"allow":["GET"]}}],"collection":[{"href":"https:\/\/diarioavanzada.com.mx\/index.php?rest_route=\/wp\/v2\/posts"}],"about":[{"href":"https:\/\/diarioavanzada.com.mx\/index.php?rest_route=\/wp\/v2\/types\/post"}],"author":[{"embeddable":true,"href":"https:\/\/diarioavanzada.com.mx\/index.php?rest_route=\/wp\/v2\/users\/9"}],"replies":[{"embeddable":true,"href":"https:\/\/diarioavanzada.com.mx\/index.php?rest_route=%2Fwp%2Fv2%2Fcomments&post=46049"}],"version-history":[{"count":3,"href":"https:\/\/diarioavanzada.com.mx\/index.php?rest_route=\/wp\/v2\/posts\/46049\/revisions"}],"predecessor-version":[{"id":46054,"href":"https:\/\/diarioavanzada.com.mx\/index.php?rest_route=\/wp\/v2\/posts\/46049\/revisions\/46054"}],"wp:featuredmedia":[{"embeddable":true,"href":"https:\/\/diarioavanzada.com.mx\/index.php?rest_route=\/wp\/v2\/media\/46050"}],"wp:attachment":[{"href":"https:\/\/diarioavanzada.com.mx\/index.php?rest_route=%2Fwp%2Fv2%2Fmedia&parent=46049"}],"wp:term":[{"taxonomy":"category","embeddable":true,"href":"https:\/\/diarioavanzada.com.mx\/index.php?rest_route=%2Fwp%2Fv2%2Fcategories&post=46049"},{"taxonomy":"post_tag","embeddable":true,"href":"https:\/\/diarioavanzada.com.mx\/index.php?rest_route=%2Fwp%2Fv2%2Ftags&post=46049"}],"curies":[{"name":"wp","href":"https:\/\/api.w.org\/{rel}","templated":true}]}}