{"id":45966,"date":"2023-07-07T07:48:56","date_gmt":"2023-07-07T13:48:56","guid":{"rendered":"https:\/\/diarioavanzada.com.mx\/?p=45966"},"modified":"2023-07-07T07:53:09","modified_gmt":"2023-07-07T13:53:09","slug":"el-grupo-de-choque-de-indira","status":"publish","type":"post","link":"https:\/\/diarioavanzada.com.mx\/?p=45966","title":{"rendered":"El grupo de choque de Indira"},"content":{"rendered":"\n<p class=\"wp-block-paragraph\">Columna<\/p>\n\n\n\n<p class=\"wp-block-paragraph\">El puercoesp\u00edn&nbsp;<\/p>\n\n\n\n<p class=\"wp-block-paragraph\">En la vida todo cuesta. El sindicato de bur\u00f3cratas del gobierno del estado har\u00e1 su debut como grupo de choque el pr\u00f3ximo domingo 9 de julio, en Manzanillo, donde intentar\u00e1 reventar el evento de Ad\u00e1n Augusto L\u00f3pez Hern\u00e1ndez y, con ello, asestar un duro golpe a los morenistas colimenses aglutinados alrededor de la candidatura del ex secretario de Gobernaci\u00f3n. En la vida todo cuesta y los beneficios recibidos de la dirigencia sindical ser\u00e1n pagados el pr\u00f3ximo domingo con un acto porril al mejor estilo de los tiempos gloriosos del PRI.<\/p>\n\n\n\n<p class=\"wp-block-paragraph\">Lejos quedaron los tiempos en los que V\u00edctor Manuel Torrero amenazaba con convocar al pueblo de Colima para que manifestara su repudio a los sindicalistas y con ello conjurar las demandas de sus lideres; sin embargo, con el paso del tiempo sucedi\u00f3 todo lo contrario, la dirigencia sindical termin\u00f3 fortalecida. Los trabajadores recibieron los aumentos que por ley les correspond\u00eda -y justamente- y la gobernadora termin\u00f3 rumiando su estupidez en privado, pero tambi\u00e9n en privado junto con Nono Vizcaino urdieron una alianza de asistencia rec\u00edproca con los lideres sindicales. El pr\u00f3ximo 9 de julio intentaran reventar el evento de Ad\u00e1n Augusto L\u00f3pez con base en los acuerdos vergonzantes dignos de un pasado ominoso.<\/p>\n\n\n\n<p class=\"wp-block-paragraph\">La amenaza<\/p>\n\n\n\n<p class=\"wp-block-paragraph\">El dirigente de los bur\u00f3cratas calific\u00f3 de urgente que el&nbsp;Gobierno federal&nbsp;rescate al&nbsp;Gobierno de Colima&nbsp;ante el&nbsp;quebrantode las&nbsp;finanzas p\u00fablicasy ladeuda heredada&nbsp;por la administraci\u00f3n de&nbsp;Ignacio Peralta, la cual oscila alrededor de los 11 mil millones de pesos, misma que incluye 1,303 millones de pesos al Ipecol.<\/p>\n\n\n\n<p class=\"wp-block-paragraph\">Refiri\u00f3 que son 690 millones de pesos que se acumularon durante 21 a\u00f1os, desde las administraciones de Fernando Moreno, Carlos Flores (interinato), Gustavo V\u00e1zquez, Arnoldo Ochoa (interinato), Silverio Cavazos, Mario Anguiano y 3 a\u00f1os de Ignacio Peralta, cuando todav\u00eda era la&nbsp;Direcci\u00f3n de Pensiones Civiles. El problema continu\u00f3, pues en la administraci\u00f3n de Indira Vizca\u00edno tampoco se cumple con la ley, solo parcialmente y el Ipecol sigue descapitalizado.<\/p>\n\n\n\n<p class=\"wp-block-paragraph\">Ad\u00e1n Augusto L\u00f3pez ya no es secretario de Gobernaci\u00f3n y los sindicalistas lo eligen como un objetivo pol\u00edtico. Es clara su intenci\u00f3n de buscar un culpable donde no lo hay.<\/p>\n\n\n\n<p class=\"wp-block-paragraph\">Indira Vizcaino es la responsable y obligada de capitalizar al Ipecol y nada ha hecho para lograr ese objetivo; sin embargo, los sindicalistas no le reclaman a ella, sino a un tercero que ya no est\u00e1 en funciones. La estrategia de los sindicalistas es involucrarse en la pol\u00edtica de Morena al golpear a un grupo exitoso, como lo es el grupo de Manzanillo, encabezado por Griselda Mart\u00ednez que ha demostrado ser m\u00e1s eficaz y eficiente en la funci\u00f3n p\u00fablica, frente a una inepta e irresponsable pol\u00edtica como lo es Indira que solo piensa en dinamitar a los enemigos, pero no piensa en solucionar los problemas.<\/p>\n\n\n\n<p class=\"wp-block-paragraph\">Mart\u00edn Flores Casta\u00f1eda est\u00e1 buscando en una ventanilla equivocada, y \u00e9l lo sabe, y tan lo sabe que es su objetivo es actuar pol\u00edticamente para recibir pagos econ\u00f3micos y pol\u00edticos seg\u00fan sea el caso.<\/p>\n\n\n\n<p class=\"wp-block-paragraph\">El artificio de que el asunto lo plantear\u00e1n tambi\u00e9n a las dem\u00e1s corcholatas es un mero distractor.<\/p>\n\n\n\n<p class=\"wp-block-paragraph\">Jugada maestra<\/p>\n\n\n\n<p class=\"wp-block-paragraph\">La amenaza del sindicato de bur\u00f3cratas pareciera una jugada maestra, pero est\u00e1 muy lejos de serlo. Se trata de una vulgar treta para romper, al mejor estilo del pasado priista, con un evento pol\u00edtico que nada tiene que ver con el bienestar de los trabajadores al servicio del gobierno del estado.<\/p>\n\n\n\n<p class=\"wp-block-paragraph\">Los ex gobernadores circulan muy campantes por las calles de Colima y nadie les reclama nada a esos sinverg\u00fcenzas: Fernando Moreno, Arnoldo Ochoa, Ignacio Peralta, Carlos Flores y Mario Anguiano caminan por Colima y hasta los saludan con deferencia, propia de los agachones l\u00edderes, que se ve\u00edan y se siguen viendo ante el poder como s\u00fabditos.<\/p>\n\n\n\n<p class=\"wp-block-paragraph\">Indira y su subsecretario de la Administraci\u00f3n, Torrero Enr\u00edquez, son los responsables de no solucionar los problemas financiero, pero con ellos, el sindicato hizo un pacto de complicidades inconfesable. Son pactos pol\u00edticos, dicen ellos.<\/p>\n\n\n\n<p class=\"wp-block-paragraph\">Mientras tanto el Ipecol continuar\u00e1 descapitalizado por que la actual directa responsable es incapaz de crear las condiciones, promover lo necesario e instrumentar lo t\u00e9cnicamente conveniente para capitalizar el Ipecol y que los pr\u00e9stamos personales y de vivienda vuelvan a ser prestaciones reales nuevamente.<\/p>\n\n\n\n<p class=\"wp-block-paragraph\">No capitalizan Ipecol, pero listos est\u00e1n para reventar los actos pol\u00edticos de sus competidores pol\u00edticos dentro de Morena -estrategias dicen ellos-.<\/p>\n\n\n\n<p class=\"wp-block-paragraph\">&nbsp;El sindicato de bur\u00f3cratas pudo haber evolucionado hacia un sindicato moderno, democr\u00e1tico y con proyecto financieros propios, pero optaron por los viejos caminos del corporativismo anacr\u00f3nico, ineficiente y s\u00fabditos del poder pol\u00edtico.<\/p>\n\n\n\n<p class=\"wp-block-paragraph\">El sindicato de bur\u00f3cratas tom\u00f3 la decisi\u00f3n de retomar los caminos de la inmoralidad, que quiz\u00e1 nunca abandonaron.<\/p>\n\n\n\n<p class=\"wp-block-paragraph\">Indira no ten\u00eda base org\u00e1nica, ya la tiene. El sindicato estaba en crisis, ya reencontr\u00f3 sus viejos caminos de sumisi\u00f3n -de la base-. Los dirigentes se reinventan pol\u00edticamente, antes eran PRI hoy son Morena de facto.&nbsp;<\/p>\n\n\n\n<p class=\"wp-block-paragraph\">\u00bfQui\u00e9nes ganan? Los sinverg\u00fcenzas de siempre. Indira porque ya tiene una base organizada para golpear a sus enemigos. El sindicato porque vuelve a tener el control de las plazas de base y los espacios pol\u00edticos del PRI y Morena.<\/p>\n\n\n\n<p class=\"wp-block-paragraph\">Morena solo tiene futuro en sus militantes del puerto.&nbsp;<\/p>\n\n\n\n<p class=\"wp-block-paragraph\">Indira no sabe gobernar, pero para la politiquer\u00eda est\u00e1n a la orden. Colima es reh\u00e9n de la sociedad pol\u00edtica colimense, tan limitada y tan ambiciosa, que se pierde en los laberintos de lo inmediato.<\/p>\n\n\n\n<p class=\"wp-block-paragraph\">El d\u00eda 9 de julio el sindicato de bur\u00f3cratas debutar\u00e1 como un vulgar grupo de choque al servicio del gobierno del estado.<\/p>\n\n\n\n<p class=\"wp-block-paragraph\">Los negocios de Indira<\/p>\n\n\n\n<p class=\"wp-block-paragraph\">Dar\u00edo Celis, el vocero oficioso de Julio Scherer Ibarra, public\u00f3 el d\u00eda de ayer (6 de julio) lo siguiente: \u201c<em>Ya salieron a la luz los \u00faltimos beneficiarios de la empresa Tecnolog\u00edas Relacionadas con Energ\u00eda y Servicios Especializados (Trese). Se trata ni m\u00e1s ni menos que la gobernadora de Colima, Indira Vizca\u00edno Silva, y su pap\u00e1, Arnoldo Vizca\u00edno. \u00c9ste \u00faltimo es compadre de Carlos Sotelo Garc\u00eda, el ex senador perredista de Colima y socio visible de Ricardo Silva Padilla. Ambos, el ex legislador, y el empresario, se les ve mucho juntos. Del gobierno del colimense es de donde Trese recibe los apoyos en el Poder Judicial, pues la mandataria y su padre son los interesados de que esta compa\u00f1\u00eda, que lleva en litigio hace ya unos siete a\u00f1os, saquee a Pemex. Acu\u00e9rdese que Silva pretende apoderarse de unos 100 millones de d\u00f3lares que quedaron atorados en la tuber\u00eda de la petrolera que dirige Octavio Romero y que aqu\u00e9l reclama como pago de servicios de un contrato.<\/em>\u201d&nbsp;<\/p>\n\n\n\n<p class=\"wp-block-paragraph\">Seg\u00fan el periodista Hern\u00e1n G\u00f3mez Bruera, en su libro <strong><em>Traici\u00f3n en Palacio<\/em><\/strong> expone que, cuando Julio Scherer Ibarra desea filtrar algo importante lo hace a trav\u00e9s de Dar\u00edo Celis Estrada, se trata de filtraciones de asuntos relacionados con el tr\u00e1fico de influencias en el Poder Judicial, principalmente. No perdamos de vista que todo mundo habla de que, en la actualidad, Julio Scherer se encuentra detr\u00e1s del financiamiento y dise\u00f1o mercadot\u00e9cnico de la campa\u00f1a de Claudia Sheinbaum, por medio de su personero Hugo Scherer. No olivemos tambi\u00e9n que, al principio del sexenio de Indira, su padre, se la pas\u00f3 muy cercanamente a Salvador Silva Padilla, hermano del mencionado en la nota period\u00edstica denominada 5\u00aa Transformaci\u00f3n del Heraldo de M\u00e9xico, que le edit\u00f3 un libro denominado <em>Desde la ventana de los recuerdos <\/em>que, hasta la ciudad de Tijuana fueron a presentarlo p\u00fablicamente, -aunque nadie fue al evento- lo que refuerza la informaci\u00f3n manejada por Celis Estrada.<\/p>\n\n\n\n<p class=\"wp-block-paragraph\">Con base en los datos de Celis Estrada resulta comprensible el porqu\u00e9 Indira est\u00e1 saboteando la campa\u00f1a de Ad\u00e1n Augusto en Colima. La gobernadora se encuentra metidaza en hacer negocios y, entre sus negocios, est\u00e1 la necesidad de romper el trabajo de los morenistas aut\u00e9nticos, pues ella est\u00e1 metidaza en tr\u00e1fico de influencias en el Poder Judicial y, es claro, que cuenta ya con un grupo de porros para hacer el trabajo sucio en la plaza p\u00fablica para eliminar a los competidores pol\u00edticos que pueden obstaculizar sus negocios. Si gana Claudia Sheinbaum, gana ella tambi\u00e9n, y sus negocios de tr\u00e1fico de influencias en el Poder Judicial siguen adelante.&nbsp;<\/p>\n\n\n\n<p class=\"wp-block-paragraph\">Empez\u00f3 con la casa de los seis millones (una bicoca) y ahora vamos con el negocio del tr\u00e1fico de influencias para favorecer los fallos judiciales donde los cabilderos como Indira y su padre terminar\u00e1n siendo millonarios y los morenistas de base luchando por los pobres -seg\u00fan lo publicado Dar\u00edo Celis-.&nbsp;<\/p>\n\n\n\n<p class=\"wp-block-paragraph\">Indira y su pap\u00e1 van para fif\u00eds que vuelan -seg\u00fan Dar\u00edo Celis Estrada-. El domingo estrenan a su grupo de porros destruyendo el trabajo de los morenistas, partidarios de Ad\u00e1n Augusto, en Manzanillo.\u00a0<\/p>\n\n\n\n<p class=\"wp-block-paragraph\"><em>*Fotograf\u00eda tomada de redes sociales.<\/em><\/p>\n<div class=\"fb-background-color\">\n\t\t\t  <div \n\t\t\t  \tclass = \"fb-comments\" \n\t\t\t  \tdata-href = \"https:\/\/diarioavanzada.com.mx\/?p=45966\"\n\t\t\t  \tdata-numposts = \"10\"\n\t\t\t  \tdata-lazy = \"true\"\n\t\t\t\tdata-colorscheme = \"light\"\n\t\t\t\tdata-order-by = \"social\"\n\t\t\t\tdata-mobile=true>\n\t\t\t  <\/div><\/div>\n\t\t  <style>\n\t\t    .fb-background-color {\n\t\t\t\tbackground:  !important;\n\t\t\t}\n\t\t\t.fb_iframe_widget_fluid_desktop iframe {\n\t\t\t    width: 100% !important;\n\t\t\t}\n\t\t  <\/style>\n\t\t  ","protected":false},"excerpt":{"rendered":"<p>Columna El puercoesp\u00edn&nbsp; En la vida todo cuesta. El sindicato de bur\u00f3cratas del gobierno del estado har\u00e1 su debut como grupo de choque el pr\u00f3ximo domingo 9 de julio, en Manzanillo, donde intentar\u00e1 reventar el evento de Ad\u00e1n Augusto L\u00f3pez Hern\u00e1ndez y, con ello, asestar un duro golpe a los morenistas colimenses aglutinados alrededor de [&hellip;]<\/p>\n","protected":false},"author":9,"featured_media":45968,"comment_status":"closed","ping_status":"closed","sticky":false,"template":"","format":"standard","meta":{"_coblocks_attr":"","_coblocks_dimensions":"","_coblocks_responsive_height":"","_coblocks_accordion_ie_support":"","advanced_seo_description":"","jetpack_seo_html_title":"","jetpack_seo_noindex":false,"jetpack_seo_schema_type":"","_jetpack_newsletter_access":"","_jetpack_dont_email_post_to_subs":false,"_jetpack_newsletter_tier_id":0,"_jetpack_memberships_contains_paywalled_content":false,"_wpcom_ai_launchpad_first_post":false,"_jetpack_feature_clip_id":0,"_jetpack_memberships_contains_paid_content":false,"footnotes":"","jetpack_post_was_ever_published":false},"categories":[19,209,24],"tags":[220,210],"class_list":["post-45966","post","type-post","status-publish","format-standard","has-post-thumbnail","hentry","category-colima","category-importantes","category-opinion","tag-opinion","tag-portada"],"jetpack-related-posts":[],"jetpack_sharing_enabled":true,"amp_enabled":true,"jetpack_featured_media_url":"https:\/\/diarioavanzada.com.mx\/wp-content\/uploads\/2023\/07\/adan-y-indira.png","_links":{"self":[{"href":"https:\/\/diarioavanzada.com.mx\/index.php?rest_route=\/wp\/v2\/posts\/45966","targetHints":{"allow":["GET"]}}],"collection":[{"href":"https:\/\/diarioavanzada.com.mx\/index.php?rest_route=\/wp\/v2\/posts"}],"about":[{"href":"https:\/\/diarioavanzada.com.mx\/index.php?rest_route=\/wp\/v2\/types\/post"}],"author":[{"embeddable":true,"href":"https:\/\/diarioavanzada.com.mx\/index.php?rest_route=\/wp\/v2\/users\/9"}],"replies":[{"embeddable":true,"href":"https:\/\/diarioavanzada.com.mx\/index.php?rest_route=%2Fwp%2Fv2%2Fcomments&post=45966"}],"version-history":[{"count":3,"href":"https:\/\/diarioavanzada.com.mx\/index.php?rest_route=\/wp\/v2\/posts\/45966\/revisions"}],"predecessor-version":[{"id":45970,"href":"https:\/\/diarioavanzada.com.mx\/index.php?rest_route=\/wp\/v2\/posts\/45966\/revisions\/45970"}],"wp:featuredmedia":[{"embeddable":true,"href":"https:\/\/diarioavanzada.com.mx\/index.php?rest_route=\/wp\/v2\/media\/45968"}],"wp:attachment":[{"href":"https:\/\/diarioavanzada.com.mx\/index.php?rest_route=%2Fwp%2Fv2%2Fmedia&parent=45966"}],"wp:term":[{"taxonomy":"category","embeddable":true,"href":"https:\/\/diarioavanzada.com.mx\/index.php?rest_route=%2Fwp%2Fv2%2Fcategories&post=45966"},{"taxonomy":"post_tag","embeddable":true,"href":"https:\/\/diarioavanzada.com.mx\/index.php?rest_route=%2Fwp%2Fv2%2Ftags&post=45966"}],"curies":[{"name":"wp","href":"https:\/\/api.w.org\/{rel}","templated":true}]}}